{"id":5133,"date":"2017-03-03T19:15:00","date_gmt":"2017-03-04T00:15:00","guid":{"rendered":"https:\/\/www.merkley.senate.gov\/merkley-brock-smith-convene-task-force-on-sudden-oak-death\/"},"modified":"2023-07-24T11:09:03","modified_gmt":"2023-07-24T15:09:03","slug":"merkley-brock-smith-convene-task-force-on-sudden-oak-death","status":"publish","type":"post","link":"https:\/\/www.merkley.senate.gov\/es\/merkley-brock-smith-convene-task-force-on-sudden-oak-death\/","title":{"rendered":"Merkley y Brock Smith convocan un grupo de trabajo sobre la muerte s\u00fabita de Oak"},"content":{"rendered":"<p class=\"p1\"><span class=\"s1\">PORTLAND, OR \u2013 El Senador de Oreg\u00f3n Jeff Merkley y el Representante Estatal David Brock Smith (R-01) convocaron hoy a una serie de partes interesadas en la primera reuni\u00f3n del grupo de trabajo destinada a abordar la propagaci\u00f3n de la muerte s\u00fabita del roble, una enfermedad que plantea graves amenazas econ\u00f3micas y ambientales. a los condados del sur de Oreg\u00f3n.<\/span><\/p>\n<blockquote>\n<p class=\"p1\"><span class=\"s1\">\u201cOregon tiene una larga historia de ser pionero en formas innovadoras de resolver problemas urgentes de recursos naturales\u201d, dijo Merkley, quien co-convoc\u00f3 el grupo de trabajo con Brock Smith. \u201cMe enorgullece que, en un momento de divisi\u00f3n pol\u00edtica, nosotros en Oreg\u00f3n nos unamos para abordar un problema apremiante para nuestros condados del sur. La muerte s\u00fabita de Oak y EU1 son un problema demasiado grande para que lo resuelva una agencia o un nivel de gobierno. Con el potencial de impactos devastadores en nuestra econom\u00eda y medio ambiente local, este grupo de trabajo trabajar\u00e1 en colaboraci\u00f3n para buscar m\u00e1s y mejores soluciones para combatir los pat\u00f3genos\u201d.<\/span><\/p>\n<\/blockquote>\n<p class=\"p1\"><span class=\"s1\">\u201cEstoy agradecido con el Senador Merkley por co-convocar el Grupo de Trabajo de Muerte S\u00fabita de Oak y estoy muy agradecido por su profundo conocimiento de este problema y su impacto potencial en nuestra regi\u00f3n\u201d, dijo el representante estatal Brock Smith, quien co-convoc\u00f3 la tarea. fuerza con el senador.<\/span><\/p>\n<p class=\"p1\"><span class=\"s1\">Muerte s\u00fabita del roble, causada por un pat\u00f3geno no nativo <i>Phytopthora ramorum<\/i> (<i>P. ramorum<\/i>), es una enfermedad devastadora que ha matado a cientos de miles de \u00e1rboles tanoak en el condado de Curry. Se detect\u00f3 por primera vez all\u00ed en 2001; desde entonces, alrededor de un tercio del condado se ha visto afectado. En Oregon, ocurre solo en los bosques del suroeste del condado de Curry, donde existe un programa de contenci\u00f3n para frenar la propagaci\u00f3n. Si no se toman m\u00e1s medidas, se extender\u00e1 hacia el norte hasta el condado de Coos y hacia el oeste hasta el condado de Josephine en los pr\u00f3ximos a\u00f1os. En California, la enfermedad ha matado a millones de robles y tanoaks en la regi\u00f3n costera desde los condados de Monterey hasta Humboldt.<\/span><\/p>\n<p class=\"p1\"><span class=\"s1\">Adem\u00e1s, recientemente se detect\u00f3 en Oreg\u00f3n un virus europeo, EU1, que afecta a los \u00e1rboles de hoja perenne.<\/span><span class=\"s1\">&nbsp;<\/span><\/p>\n<p class=\"p1\"><span class=\"s1\">\u201cLa infestaci\u00f3n EU1 en el condado de Curry es la \u00fanica que se encuentra en los Estados Unidos\u201d, dijo Greg Wolf, director del programa de soluciones del condado de la Asociaci\u00f3n de condados de Oreg\u00f3n. \u201cEl impacto econ\u00f3mico negativo potencial es muy grande si no podemos erradicarlo antes de que se propague\u201d.<\/span><\/p>\n<p class=\"p1\"><span class=\"s1\">Para crear el grupo de trabajo, Merkley y Brock Smith convocaron a los gobiernos locales, estatales y federales, as\u00ed como a las tribus locales y las asociaciones industriales, de la Asociaci\u00f3n de Condados de Oreg\u00f3n, la Oficina de Administraci\u00f3n de Tierras de los EE. UU., la Conservaci\u00f3n de Recursos Naturales del Departamento de Agricultura de los EE. UU. (USDA). Servicio Forestal de EE. UU., USDA Servicio de Inspecci\u00f3n de Sanidad Animal y Vegetal Servicio de Sanidad Vegetal, Cow Creek Band of Umpqua Indians, Departamento Forestal de Oreg\u00f3n, Consejo de la Industria Forestal de Oreg\u00f3n, Universidad Estatal de Oreg\u00f3n, Condado de Curry, Condado de Josephine, Condado de Douglas, Ciudad de Gold Beach y la Asociaci\u00f3n de Viveros de Oreg\u00f3n.<\/span><span class=\"s1\">&nbsp;<\/span><\/p>\n<p class=\"p1\"><span class=\"s1\">El grupo de trabajo trabajar\u00e1 para desarrollar un plan de acci\u00f3n basado en la colaboraci\u00f3n para contener la enfermedad de muerte s\u00fabita del roble y erradicar el virus EU1, utilizando la mejor ciencia disponible.<\/span><\/p>\n<p class=\"p1\"><span class=\"s2\"><a href=\"https:\/\/merkley.box.com\/s\/o6w33kl3v5kcxgdb3bpkyd1qtuae3vk4\">haga clic aqu\u00ed<\/a><\/span><span class=\"s1\"> para el video de la presentaci\u00f3n del Senador Merkley. <a href=\"https:\/\/merkley.box.com\/s\/0ec1dd12ek58bwjab8yt7k6oi1o60tbt\"><span class=\"s2\">haga clic aqu\u00ed<\/span><\/a> para unas fotos.<\/span><\/p>","protected":false},"excerpt":{"rendered":"<p>PORTLAND, OR &ndash; Oregon&rsquo;s Senator Jeff Merkley and State Representative David Brock Smith (R-01) today convened an array of stakeholders in the first task force meeting aimed at addressing the spread of Sudden Oak Death, a disease that poses severe economic and environmental threats to counties in Southern Oregon. &ldquo;Oregon has a long history of [&hellip;]<\/p>\n","protected":false},"author":2,"featured_media":0,"comment_status":"closed","ping_status":"closed","sticky":false,"template":"","format":"standard","meta":{"_acf_changed":false,"inline_featured_image":false,"footnotes":""},"categories":[24],"tags":[44,36],"class_list":["post-5133","post","type-post","status-publish","format-standard","hentry","category-press-releases","tag-jobs-and-the-economy","tag-natural-resources-and-rural-development"],"acf":[],"yoast_head":"<!-- This site is optimized with the Yoast SEO plugin v27.2 - https:\/\/yoast.com\/product\/yoast-seo-wordpress\/ -->\n<title>Merkley, Brock Smith Convene Task Force on Sudden Oak Death - Merkley<\/title>\n<meta name=\"robots\" content=\"index, follow, max-snippet:-1, max-image-preview:large, max-video-preview:-1\" \/>\n<link rel=\"canonical\" href=\"https:\/\/www.merkley.senate.gov\/es\/merkley-brock-smith-convene-task-force-on-sudden-oak-death\/\" \/>\n<meta property=\"og:locale\" content=\"es_MX\" \/>\n<meta property=\"og:type\" content=\"article\" \/>\n<meta property=\"og:title\" content=\"Merkley, Brock Smith Convene Task Force on Sudden Oak Death - Merkley\" \/>\n<meta property=\"og:description\" content=\"PORTLAND, OR &ndash; Oregon&rsquo;s Senator Jeff Merkley and State Representative David Brock Smith (R-01) today convened an array of stakeholders in the first task force meeting aimed at addressing the spread of Sudden Oak Death, a disease that poses severe economic and environmental threats to counties in Southern Oregon. &ldquo;Oregon has a long history of [&hellip;]\" \/>\n<meta property=\"og:url\" content=\"https:\/\/www.merkley.senate.gov\/es\/merkley-brock-smith-convene-task-force-on-sudden-oak-death\/\" \/>\n<meta property=\"og:site_name\" content=\"Merkley\" \/>\n<meta property=\"article:published_time\" content=\"2017-03-04T00:15:00+00:00\" \/>\n<meta property=\"article:modified_time\" content=\"2023-07-24T15:09:03+00:00\" \/>\n<meta name=\"twitter:card\" content=\"summary_large_image\" \/>\n<meta name=\"twitter:label1\" content=\"Written by\" \/>\n\t<meta name=\"twitter:data1\" content=\"\" \/>\n\t<meta name=\"twitter:label2\" content=\"Est. reading time\" \/>\n\t<meta name=\"twitter:data2\" content=\"3 minutes\" \/>\n<script type=\"application\/ld+json\" class=\"yoast-schema-graph\">{\"@context\":\"https:\/\/schema.org\",\"@graph\":[{\"@type\":\"Article\",\"@id\":\"https:\/\/www.merkley.senate.gov\/merkley-brock-smith-convene-task-force-on-sudden-oak-death\/#article\",\"isPartOf\":{\"@id\":\"https:\/\/www.merkley.senate.gov\/merkley-brock-smith-convene-task-force-on-sudden-oak-death\/\"},\"author\":{\"name\":\"\",\"@id\":\"\"},\"headline\":\"Merkley, Brock Smith Convene Task Force on Sudden Oak Death\",\"datePublished\":\"2017-03-04T00:15:00+00:00\",\"dateModified\":\"2023-07-24T15:09:03+00:00\",\"mainEntityOfPage\":{\"@id\":\"https:\/\/www.merkley.senate.gov\/merkley-brock-smith-convene-task-force-on-sudden-oak-death\/\"},\"wordCount\":519,\"keywords\":[\"Jobs and the Economy\",\"Natural Resources and Rural Development\"],\"articleSection\":[\"Press Releases\"],\"inLanguage\":\"es-MX\"},{\"@type\":\"WebPage\",\"@id\":\"https:\/\/www.merkley.senate.gov\/merkley-brock-smith-convene-task-force-on-sudden-oak-death\/\",\"url\":\"https:\/\/www.merkley.senate.gov\/merkley-brock-smith-convene-task-force-on-sudden-oak-death\/\",\"name\":\"Merkley, Brock Smith Convene Task Force on Sudden Oak Death - Merkley\",\"isPartOf\":{\"@id\":\"https:\/\/www.merkley.senate.gov\/#website\"},\"datePublished\":\"2017-03-04T00:15:00+00:00\",\"dateModified\":\"2023-07-24T15:09:03+00:00\",\"author\":{\"@id\":\"\"},\"breadcrumb\":{\"@id\":\"https:\/\/www.merkley.senate.gov\/merkley-brock-smith-convene-task-force-on-sudden-oak-death\/#breadcrumb\"},\"inLanguage\":\"es-MX\",\"potentialAction\":[{\"@type\":\"ReadAction\",\"target\":[\"https:\/\/www.merkley.senate.gov\/merkley-brock-smith-convene-task-force-on-sudden-oak-death\/\"]}]},{\"@type\":\"BreadcrumbList\",\"@id\":\"https:\/\/www.merkley.senate.gov\/merkley-brock-smith-convene-task-force-on-sudden-oak-death\/#breadcrumb\",\"itemListElement\":[{\"@type\":\"ListItem\",\"position\":1,\"name\":\"Home\",\"item\":\"https:\/\/www.merkley.senate.gov\/\"},{\"@type\":\"ListItem\",\"position\":2,\"name\":\"Merkley, Brock Smith Convene Task Force on Sudden Oak Death\"}]},{\"@type\":\"WebSite\",\"@id\":\"https:\/\/www.merkley.senate.gov\/#website\",\"url\":\"https:\/\/www.merkley.senate.gov\/\",\"name\":\"Merkley\",\"description\":\"Merkley\",\"potentialAction\":[{\"@type\":\"SearchAction\",\"target\":{\"@type\":\"EntryPoint\",\"urlTemplate\":\"https:\/\/www.merkley.senate.gov\/?s={search_term_string}\"},\"query-input\":{\"@type\":\"PropertyValueSpecification\",\"valueRequired\":true,\"valueName\":\"search_term_string\"}}],\"inLanguage\":\"es-MX\"},{\"@type\":\"Person\",\"@id\":\"\",\"url\":\"https:\/\/www.merkley.senate.gov\/es\/author\/\"}]}<\/script>\n<!-- \/ Yoast SEO plugin. -->","yoast_head_json":{"title":"Merkley, Brock Smith Convene Task Force on Sudden Oak Death - Merkley","robots":{"index":"index","follow":"follow","max-snippet":"max-snippet:-1","max-image-preview":"max-image-preview:large","max-video-preview":"max-video-preview:-1"},"canonical":"https:\/\/www.merkley.senate.gov\/es\/merkley-brock-smith-convene-task-force-on-sudden-oak-death\/","og_locale":"es_MX","og_type":"article","og_title":"Merkley, Brock Smith Convene Task Force on Sudden Oak Death - Merkley","og_description":"PORTLAND, OR &ndash; Oregon&rsquo;s Senator Jeff Merkley and State Representative David Brock Smith (R-01) today convened an array of stakeholders in the first task force meeting aimed at addressing the spread of Sudden Oak Death, a disease that poses severe economic and environmental threats to counties in Southern Oregon. &ldquo;Oregon has a long history of [&hellip;]","og_url":"https:\/\/www.merkley.senate.gov\/es\/merkley-brock-smith-convene-task-force-on-sudden-oak-death\/","og_site_name":"Merkley","article_published_time":"2017-03-04T00:15:00+00:00","article_modified_time":"2023-07-24T15:09:03+00:00","twitter_card":"summary_large_image","twitter_misc":{"Written by":"","Est. reading time":"3 minutes"},"schema":{"@context":"https:\/\/schema.org","@graph":[{"@type":"Article","@id":"https:\/\/www.merkley.senate.gov\/merkley-brock-smith-convene-task-force-on-sudden-oak-death\/#article","isPartOf":{"@id":"https:\/\/www.merkley.senate.gov\/merkley-brock-smith-convene-task-force-on-sudden-oak-death\/"},"author":{"name":"","@id":""},"headline":"Merkley, Brock Smith Convene Task Force on Sudden Oak Death","datePublished":"2017-03-04T00:15:00+00:00","dateModified":"2023-07-24T15:09:03+00:00","mainEntityOfPage":{"@id":"https:\/\/www.merkley.senate.gov\/merkley-brock-smith-convene-task-force-on-sudden-oak-death\/"},"wordCount":519,"keywords":["Jobs and the Economy","Natural Resources and Rural Development"],"articleSection":["Press Releases"],"inLanguage":"es-MX"},{"@type":"WebPage","@id":"https:\/\/www.merkley.senate.gov\/merkley-brock-smith-convene-task-force-on-sudden-oak-death\/","url":"https:\/\/www.merkley.senate.gov\/merkley-brock-smith-convene-task-force-on-sudden-oak-death\/","name":"Merkley, Brock Smith Convene Task Force on Sudden Oak Death - Merkley","isPartOf":{"@id":"https:\/\/www.merkley.senate.gov\/#website"},"datePublished":"2017-03-04T00:15:00+00:00","dateModified":"2023-07-24T15:09:03+00:00","author":{"@id":""},"breadcrumb":{"@id":"https:\/\/www.merkley.senate.gov\/merkley-brock-smith-convene-task-force-on-sudden-oak-death\/#breadcrumb"},"inLanguage":"es-MX","potentialAction":[{"@type":"ReadAction","target":["https:\/\/www.merkley.senate.gov\/merkley-brock-smith-convene-task-force-on-sudden-oak-death\/"]}]},{"@type":"BreadcrumbList","@id":"https:\/\/www.merkley.senate.gov\/merkley-brock-smith-convene-task-force-on-sudden-oak-death\/#breadcrumb","itemListElement":[{"@type":"ListItem","position":1,"name":"Home","item":"https:\/\/www.merkley.senate.gov\/"},{"@type":"ListItem","position":2,"name":"Merkley, Brock Smith Convene Task Force on Sudden Oak Death"}]},{"@type":"WebSite","@id":"https:\/\/www.merkley.senate.gov\/#website","url":"https:\/\/www.merkley.senate.gov\/","name":"merkley","description":"merkley","potentialAction":[{"@type":"SearchAction","target":{"@type":"EntryPoint","urlTemplate":"https:\/\/www.merkley.senate.gov\/?s={search_term_string}"},"query-input":{"@type":"PropertyValueSpecification","valueRequired":true,"valueName":"search_term_string"}}],"inLanguage":"es-MX"},{"@type":"Person","@id":"","url":"https:\/\/www.merkley.senate.gov\/es\/author\/"}]}},"_links":{"self":[{"href":"https:\/\/www.merkley.senate.gov\/es\/wp-json\/wp\/v2\/posts\/5133","targetHints":{"allow":["GET"]}}],"collection":[{"href":"https:\/\/www.merkley.senate.gov\/es\/wp-json\/wp\/v2\/posts"}],"about":[{"href":"https:\/\/www.merkley.senate.gov\/es\/wp-json\/wp\/v2\/types\/post"}],"author":[{"embeddable":true,"href":"https:\/\/www.merkley.senate.gov\/es\/wp-json\/wp\/v2\/users\/2"}],"replies":[{"embeddable":true,"href":"https:\/\/www.merkley.senate.gov\/es\/wp-json\/wp\/v2\/comments?post=5133"}],"version-history":[{"count":1,"href":"https:\/\/www.merkley.senate.gov\/es\/wp-json\/wp\/v2\/posts\/5133\/revisions"}],"predecessor-version":[{"id":14509,"href":"https:\/\/www.merkley.senate.gov\/es\/wp-json\/wp\/v2\/posts\/5133\/revisions\/14509"}],"wp:attachment":[{"href":"https:\/\/www.merkley.senate.gov\/es\/wp-json\/wp\/v2\/media?parent=5133"}],"wp:term":[{"taxonomy":"category","embeddable":true,"href":"https:\/\/www.merkley.senate.gov\/es\/wp-json\/wp\/v2\/categories?post=5133"},{"taxonomy":"post_tag","embeddable":true,"href":"https:\/\/www.merkley.senate.gov\/es\/wp-json\/wp\/v2\/tags?post=5133"}],"curies":[{"name":"wp","href":"https:\/\/api.w.org\/{rel}","templated":true}]}}