{"id":5146,"date":"2017-02-22T14:52:00","date_gmt":"2017-02-22T19:52:00","guid":{"rendered":"https:\/\/www.merkley.senate.gov\/merkley-denounces-reversal-of-federal-transgender-policy\/"},"modified":"2023-07-24T11:09:04","modified_gmt":"2023-07-24T15:09:04","slug":"merkley-denounces-reversal-of-federal-transgender-policy","status":"publish","type":"post","link":"https:\/\/www.merkley.senate.gov\/es\/merkley-denounces-reversal-of-federal-transgender-policy\/","title":{"rendered":"Merkley denounces reversal of federal transgender policy"},"content":{"rendered":"<p>WASHINGTON &#8211; Sen. Jeff Merkley D-Ore., released the following statement Wednesday after President Trump reversed the Justice Department&rsquo;s policy protecting transgender students.<\/p>\n<p>\u201cNuestra naci\u00f3n nunca debe conformarse con nada menos que la plena igualdad y plenos derechos para todos los estadounidenses. Esto es especialmente importante en nuestras escuelas, donde ning\u00fan estudiante deber\u00eda tener que temer discriminaci\u00f3n simplemente por su identidad.<\/p>\n<p>\u201cLos estudiantes transg\u00e9nero ya enfrentan desaf\u00edos dif\u00edciles en la escuela (intimidaci\u00f3n, acoso) y esta medida har\u00e1 que sea m\u00e1s dif\u00edcil para estos estudiantes tener \u00e9xito en la escuela.<\/p>\n<p>\u201cDebemos tomar una posici\u00f3n a favor de la igualdad y en contra de la discriminaci\u00f3n, y mantener la orientaci\u00f3n del Departamento de Justicia sobre c\u00f3mo incluir a los estudiantes transg\u00e9nero por igual.<\/p>\n<p>\u201cEn \u00faltima instancia, el Congreso debe actuar para extender la igualdad de derechos b\u00e1sicos a todos los estadounidenses\u201d.<\/p>\n<p>En 2015, Merkley redact\u00f3 e introdujo la Ley de Igualdad, un proyecto de ley integral para proteger a los estadounidenses lesbianas, gays, bisexuales y transg\u00e9nero de la discriminaci\u00f3n. La Ley agrega la orientaci\u00f3n sexual y la identidad de g\u00e9nero a otras clases protegidas en las leyes federales de derechos civiles existentes, como la raza y el g\u00e9nero, para garantizar que todos reciban el mismo trato. El a\u00f1o pasado, la Casa Blanca de Obama expres\u00f3 su apoyo a la Ley de Igualdad.<\/p>","protected":false},"excerpt":{"rendered":"<p>WASHINGTON &#8211; Sen. Jeff Merkley D-Ore., released the following statement Wednesday after President Trump reversed the Justice Department&rsquo;s policy protecting transgender students. &ldquo;Our nation should never settle for anything less than full equality and full rights for every single American. This is especially important in our schools, where no student should ever have to fear [&hellip;]<\/p>\n","protected":false},"author":2,"featured_media":0,"comment_status":"closed","ping_status":"closed","sticky":false,"template":"","format":"standard","meta":{"_acf_changed":false,"inline_featured_image":false,"footnotes":""},"categories":[26],"tags":[53],"class_list":["post-5146","post","type-post","status-publish","format-standard","hentry","category-in-the-news","tag-civil-rights"],"acf":[],"yoast_head":"<!-- This site is optimized with the Yoast SEO plugin v27.2 - https:\/\/yoast.com\/product\/yoast-seo-wordpress\/ -->\n<title>Merkley denounces reversal of federal transgender policy - Merkley<\/title>\n<meta name=\"robots\" content=\"index, follow, max-snippet:-1, max-image-preview:large, max-video-preview:-1\" \/>\n<link rel=\"canonical\" href=\"https:\/\/www.merkley.senate.gov\/es\/merkley-denounces-reversal-of-federal-transgender-policy\/\" \/>\n<meta property=\"og:locale\" content=\"es_MX\" \/>\n<meta property=\"og:type\" content=\"article\" \/>\n<meta property=\"og:title\" content=\"Merkley denounces reversal of federal transgender policy - Merkley\" \/>\n<meta property=\"og:description\" content=\"WASHINGTON &#8211; Sen. Jeff Merkley D-Ore., released the following statement Wednesday after President Trump reversed the Justice Department&rsquo;s policy protecting transgender students. &ldquo;Our nation should never settle for anything less than full equality and full rights for every single American. This is especially important in our schools, where no student should ever have to fear [&hellip;]\" \/>\n<meta property=\"og:url\" content=\"https:\/\/www.merkley.senate.gov\/es\/merkley-denounces-reversal-of-federal-transgender-policy\/\" \/>\n<meta property=\"og:site_name\" content=\"Merkley\" \/>\n<meta property=\"article:published_time\" content=\"2017-02-22T19:52:00+00:00\" \/>\n<meta property=\"article:modified_time\" content=\"2023-07-24T15:09:04+00:00\" \/>\n<meta name=\"twitter:card\" content=\"summary_large_image\" \/>\n<meta name=\"twitter:label1\" content=\"Written by\" \/>\n\t<meta name=\"twitter:data1\" content=\"\" \/>\n\t<meta name=\"twitter:label2\" content=\"Est. reading time\" \/>\n\t<meta name=\"twitter:data2\" content=\"1 minute\" \/>\n<script type=\"application\/ld+json\" class=\"yoast-schema-graph\">{\"@context\":\"https:\/\/schema.org\",\"@graph\":[{\"@type\":\"Article\",\"@id\":\"https:\/\/www.merkley.senate.gov\/merkley-denounces-reversal-of-federal-transgender-policy\/#article\",\"isPartOf\":{\"@id\":\"https:\/\/www.merkley.senate.gov\/merkley-denounces-reversal-of-federal-transgender-policy\/\"},\"author\":{\"name\":\"\",\"@id\":\"\"},\"headline\":\"Merkley denounces reversal of federal transgender policy\",\"datePublished\":\"2017-02-22T19:52:00+00:00\",\"dateModified\":\"2023-07-24T15:09:04+00:00\",\"mainEntityOfPage\":{\"@id\":\"https:\/\/www.merkley.senate.gov\/merkley-denounces-reversal-of-federal-transgender-policy\/\"},\"wordCount\":201,\"keywords\":[\"Civil Rights\"],\"articleSection\":[\"In the News\"],\"inLanguage\":\"es-MX\"},{\"@type\":\"WebPage\",\"@id\":\"https:\/\/www.merkley.senate.gov\/merkley-denounces-reversal-of-federal-transgender-policy\/\",\"url\":\"https:\/\/www.merkley.senate.gov\/merkley-denounces-reversal-of-federal-transgender-policy\/\",\"name\":\"Merkley denounces reversal of federal transgender policy - Merkley\",\"isPartOf\":{\"@id\":\"https:\/\/www.merkley.senate.gov\/#website\"},\"datePublished\":\"2017-02-22T19:52:00+00:00\",\"dateModified\":\"2023-07-24T15:09:04+00:00\",\"author\":{\"@id\":\"\"},\"breadcrumb\":{\"@id\":\"https:\/\/www.merkley.senate.gov\/merkley-denounces-reversal-of-federal-transgender-policy\/#breadcrumb\"},\"inLanguage\":\"es-MX\",\"potentialAction\":[{\"@type\":\"ReadAction\",\"target\":[\"https:\/\/www.merkley.senate.gov\/merkley-denounces-reversal-of-federal-transgender-policy\/\"]}]},{\"@type\":\"BreadcrumbList\",\"@id\":\"https:\/\/www.merkley.senate.gov\/merkley-denounces-reversal-of-federal-transgender-policy\/#breadcrumb\",\"itemListElement\":[{\"@type\":\"ListItem\",\"position\":1,\"name\":\"Home\",\"item\":\"https:\/\/www.merkley.senate.gov\/\"},{\"@type\":\"ListItem\",\"position\":2,\"name\":\"Merkley denounces reversal of federal transgender policy\"}]},{\"@type\":\"WebSite\",\"@id\":\"https:\/\/www.merkley.senate.gov\/#website\",\"url\":\"https:\/\/www.merkley.senate.gov\/\",\"name\":\"Merkley\",\"description\":\"Merkley\",\"potentialAction\":[{\"@type\":\"SearchAction\",\"target\":{\"@type\":\"EntryPoint\",\"urlTemplate\":\"https:\/\/www.merkley.senate.gov\/?s={search_term_string}\"},\"query-input\":{\"@type\":\"PropertyValueSpecification\",\"valueRequired\":true,\"valueName\":\"search_term_string\"}}],\"inLanguage\":\"es-MX\"},{\"@type\":\"Person\",\"@id\":\"\",\"url\":\"https:\/\/www.merkley.senate.gov\/es\/author\/\"}]}<\/script>\n<!-- \/ Yoast SEO plugin. -->","yoast_head_json":{"title":"Merkley denounces reversal of federal transgender policy - Merkley","robots":{"index":"index","follow":"follow","max-snippet":"max-snippet:-1","max-image-preview":"max-image-preview:large","max-video-preview":"max-video-preview:-1"},"canonical":"https:\/\/www.merkley.senate.gov\/es\/merkley-denounces-reversal-of-federal-transgender-policy\/","og_locale":"es_MX","og_type":"article","og_title":"Merkley denounces reversal of federal transgender policy - Merkley","og_description":"WASHINGTON &#8211; Sen. Jeff Merkley D-Ore., released the following statement Wednesday after President Trump reversed the Justice Department&rsquo;s policy protecting transgender students. &ldquo;Our nation should never settle for anything less than full equality and full rights for every single American. This is especially important in our schools, where no student should ever have to fear [&hellip;]","og_url":"https:\/\/www.merkley.senate.gov\/es\/merkley-denounces-reversal-of-federal-transgender-policy\/","og_site_name":"Merkley","article_published_time":"2017-02-22T19:52:00+00:00","article_modified_time":"2023-07-24T15:09:04+00:00","twitter_card":"summary_large_image","twitter_misc":{"Written by":"","Est. reading time":"1 minute"},"schema":{"@context":"https:\/\/schema.org","@graph":[{"@type":"Article","@id":"https:\/\/www.merkley.senate.gov\/merkley-denounces-reversal-of-federal-transgender-policy\/#article","isPartOf":{"@id":"https:\/\/www.merkley.senate.gov\/merkley-denounces-reversal-of-federal-transgender-policy\/"},"author":{"name":"","@id":""},"headline":"Merkley denounces reversal of federal transgender policy","datePublished":"2017-02-22T19:52:00+00:00","dateModified":"2023-07-24T15:09:04+00:00","mainEntityOfPage":{"@id":"https:\/\/www.merkley.senate.gov\/merkley-denounces-reversal-of-federal-transgender-policy\/"},"wordCount":201,"keywords":["Civil Rights"],"articleSection":["In the News"],"inLanguage":"es-MX"},{"@type":"WebPage","@id":"https:\/\/www.merkley.senate.gov\/merkley-denounces-reversal-of-federal-transgender-policy\/","url":"https:\/\/www.merkley.senate.gov\/merkley-denounces-reversal-of-federal-transgender-policy\/","name":"Merkley denounces reversal of federal transgender policy - Merkley","isPartOf":{"@id":"https:\/\/www.merkley.senate.gov\/#website"},"datePublished":"2017-02-22T19:52:00+00:00","dateModified":"2023-07-24T15:09:04+00:00","author":{"@id":""},"breadcrumb":{"@id":"https:\/\/www.merkley.senate.gov\/merkley-denounces-reversal-of-federal-transgender-policy\/#breadcrumb"},"inLanguage":"es-MX","potentialAction":[{"@type":"ReadAction","target":["https:\/\/www.merkley.senate.gov\/merkley-denounces-reversal-of-federal-transgender-policy\/"]}]},{"@type":"BreadcrumbList","@id":"https:\/\/www.merkley.senate.gov\/merkley-denounces-reversal-of-federal-transgender-policy\/#breadcrumb","itemListElement":[{"@type":"ListItem","position":1,"name":"Home","item":"https:\/\/www.merkley.senate.gov\/"},{"@type":"ListItem","position":2,"name":"Merkley denounces reversal of federal transgender policy"}]},{"@type":"WebSite","@id":"https:\/\/www.merkley.senate.gov\/#website","url":"https:\/\/www.merkley.senate.gov\/","name":"merkley","description":"merkley","potentialAction":[{"@type":"SearchAction","target":{"@type":"EntryPoint","urlTemplate":"https:\/\/www.merkley.senate.gov\/?s={search_term_string}"},"query-input":{"@type":"PropertyValueSpecification","valueRequired":true,"valueName":"search_term_string"}}],"inLanguage":"es-MX"},{"@type":"Person","@id":"","url":"https:\/\/www.merkley.senate.gov\/es\/author\/"}]}},"_links":{"self":[{"href":"https:\/\/www.merkley.senate.gov\/es\/wp-json\/wp\/v2\/posts\/5146","targetHints":{"allow":["GET"]}}],"collection":[{"href":"https:\/\/www.merkley.senate.gov\/es\/wp-json\/wp\/v2\/posts"}],"about":[{"href":"https:\/\/www.merkley.senate.gov\/es\/wp-json\/wp\/v2\/types\/post"}],"author":[{"embeddable":true,"href":"https:\/\/www.merkley.senate.gov\/es\/wp-json\/wp\/v2\/users\/2"}],"replies":[{"embeddable":true,"href":"https:\/\/www.merkley.senate.gov\/es\/wp-json\/wp\/v2\/comments?post=5146"}],"version-history":[{"count":1,"href":"https:\/\/www.merkley.senate.gov\/es\/wp-json\/wp\/v2\/posts\/5146\/revisions"}],"predecessor-version":[{"id":14522,"href":"https:\/\/www.merkley.senate.gov\/es\/wp-json\/wp\/v2\/posts\/5146\/revisions\/14522"}],"wp:attachment":[{"href":"https:\/\/www.merkley.senate.gov\/es\/wp-json\/wp\/v2\/media?parent=5146"}],"wp:term":[{"taxonomy":"category","embeddable":true,"href":"https:\/\/www.merkley.senate.gov\/es\/wp-json\/wp\/v2\/categories?post=5146"},{"taxonomy":"post_tag","embeddable":true,"href":"https:\/\/www.merkley.senate.gov\/es\/wp-json\/wp\/v2\/tags?post=5146"}],"curies":[{"name":"wp","href":"https:\/\/api.w.org\/{rel}","templated":true}]}}