{"id":5195,"date":"2017-01-28T15:21:00","date_gmt":"2017-01-28T20:21:00","guid":{"rendered":"https:\/\/www.merkley.senate.gov\/opponents-rally-against-betsy-devos\/"},"modified":"2023-07-24T11:09:08","modified_gmt":"2023-07-24T15:09:08","slug":"opponents-rally-against-betsy-devos","status":"publish","type":"post","link":"https:\/\/www.merkley.senate.gov\/es\/opponents-rally-against-betsy-devos\/","title":{"rendered":"Los opositores se unen contra Betsy DeVos"},"content":{"rendered":"<p>El senador de Oreg\u00f3n Jeff Merkley, el congresista Earl Blumenauer y la congresista Suzanne Bonamici realizaron el viernes una conferencia de prensa en la que se opusieron a la nominada del presidente para la Secretar\u00eda de Educaci\u00f3n de EE. UU., Betsy DeVos, citando los efectos perjudiciales que su nominaci\u00f3n podr\u00eda tener en los estudiantes y las escuelas de Oreg\u00f3n.<\/p>\n<p>\u201cDeVos no entiende las escuelas p\u00fablicas. Nunca asisti\u00f3 ni trabaj\u00f3 en escuelas p\u00fablicas; ella no les envi\u00f3 a sus hijos; No s\u00e9 si alguna vez se ofreci\u00f3 como voluntaria en uno\u201d, dijo Merkley. \u201cLa \u00fanica calificaci\u00f3n que tiene la Sra. DeVos para estar en el &#039;gabinete del pantano&#039; del presidente Trump son los cientos de millones de d\u00f3lares que ella y su familia han donado a los candidatos republicanos a lo largo de los a\u00f1os. Pagar para jugar no tiene cabida en nuestras escuelas p\u00fablicas.<\/p>\n<p>\u201cEste tema es cercano y querido para mi coraz\u00f3n\u201d, continu\u00f3 Merkley. \u201cComo ni\u00f1o trabajador, las escuelas p\u00fablicas me ayudaron a convertirme en el primero de mi familia en ir a la universidad. Los ni\u00f1os de hoy merecen la misma oportunidad, pero no la obtendr\u00e1n si multimillonarios como Donald Trump y Betsy DeVos ahogan la educaci\u00f3n p\u00fablica y las oportunidades que brinda a las familias trabajadoras. Los contribuyentes estadounidenses no necesitan pagar para que los multimillonarios env\u00eden a sus hijos a una escuela privada\u201d.<\/p>\n<p>En el evento, Merkley recibi\u00f3 m\u00e1s de 1,4 millones de firmas de peticiones de estadounidenses preocupados que expresaron su oposici\u00f3n a la nominaci\u00f3n de DeVos a trav\u00e9s del grupo organizador de base CREDO Action. Los entregar\u00e1 al l\u00edder de la mayor\u00eda del Senado, Mitch McConnell, en Washington, DC.<\/p>\n<p>\u201cLos habitantes de Oregon han dejado en claro que no quieren que un multimillonario que ha hecho carrera socavando la educaci\u00f3n p\u00fablica sea nuestro pr\u00f3ximo Secretario de Educaci\u00f3n. Estoy de acuerdo\u201d, dijo Blumenauer. \u201cLa nominaci\u00f3n de Betsy DeVos es ofensiva para el estado de Oreg\u00f3n y el compromiso de larga data del gobierno federal con la educaci\u00f3n p\u00fablica. Ella debe ser detenida.<\/p>\n<p>DeVos provoc\u00f3 la alarma nacional despu\u00e9s de su audiencia de confirmaci\u00f3n, en la que expres\u00f3 su apoyo a la desfinanciaci\u00f3n de las escuelas p\u00fablicas, parec\u00eda no estar familiarizada con la pol\u00edtica de educaci\u00f3n b\u00e1sica y afirm\u00f3 que &quot;era mejor dejarlo en manos de los estados&quot; si las escuelas financiadas con fondos p\u00fablicos deben seguir las leyes federales de derechos civiles que protegen a los estudiantes. con discapacidades<\/p>\n<p>Eleanor Bailey, una mujer de Oregon con s\u00edndrome de Down, se gradu\u00f3 de Grant High School y asisti\u00f3 a Portland State University y Portland Community College.<\/p>\n<p>\u201cRecib\u00ed una gran educaci\u00f3n. No es justo que los j\u00f3venes con discapacidad no tengan las mismas oportunidades que yo tuve\u201d, dijo. &quot;La vida no es siempre facil. A veces hay que luchar para conseguir lo que se quiere. \u00a1La educaci\u00f3n es un derecho! Gracias Senador Merkley por apoyarnos y votar no a esta nominaci\u00f3n\u201d.<\/p>\n<p>La congresista Suzanne Bonamici, que forma parte del Comit\u00e9 de Educaci\u00f3n de la C\u00e1mara y es fundadora y copresidenta del Caucus STEAM del Congreso, dijo que DeVos no comprende la complejidad de los planes de estudio o la pol\u00edtica educativa.<\/p>\n<p>\u201cEl sistema de educaci\u00f3n p\u00fablica de nuestro pa\u00eds promete que todos los estudiantes tengan la oportunidad de prosperar acad\u00e9micamente y tener \u00e9xito sin importar el camino que tomen\u201d, dijo la congresista Bonamici. \u201cUn Secretario de Educaci\u00f3n debe preocuparse por todos los estudiantes y estar comprometido con el fortalecimiento de las escuelas p\u00fablicas en cada comunidad. Como fil\u00e1ntropa privada adinerada, Betsy DeVos promovi\u00f3 una agenda pol\u00edtica singular centrada en trasladar a unos pocos estudiantes a escuelas privadas o parroquiales. La visi\u00f3n de DeVos ofrece fondos agotados para nuestras escuelas p\u00fablicas que ya tienen problemas de liquidez y un mosaico no regulado de instituciones que no son responsables de defender el derecho a una educaci\u00f3n gratuita, de alta calidad e igualitaria para todos los estudiantes. Durante su audiencia de confirmaci\u00f3n, DeVos fall\u00f3 inequ\u00edvocamente la prueba. Los ni\u00f1os de Oreg\u00f3n y de todo el pa\u00eds merecen algo mejor\u201d.<\/p>\n<p>DeVos ha sido criticado por no estar calificado de manera \u00fanica para dirigir el sistema de educaci\u00f3n p\u00fablica del pa\u00eds, sin experiencia en escuelas p\u00fablicas, gobierno o servicio p\u00fablico.<\/p>\n<p>\u201cBetsy DeVos es una fan\u00e1tica de la extrema derecha sin ninguna experiencia relevante como educadora p\u00fablica o administradora\u201d, dijo Heidi Hess, directora s\u00e9nior de campa\u00f1as de CREDO Action. \u201cEl desempe\u00f1o de DeVos en su audiencia de confirmaci\u00f3n demostr\u00f3 claramente que no es apta para dirigir el departamento responsable de garantizar que los estudiantes estadounidenses reciban una buena educaci\u00f3n y puedan competir en nuestra econom\u00eda global.<\/p>\n<p>\u201cEl Senado debe atender el llamado del pueblo estadounidense y rechazar la confirmaci\u00f3n de DeVos\u201d, dijo Hess.<\/p>\n<p>La senadora estatal Sara Gelser, que forma parte del Comit\u00e9 de Educaci\u00f3n del Senado de Oreg\u00f3n y tiene un hijo con discapacidades, dijo que la nominaci\u00f3n de Betsy DeVos es una amenaza para los estudiantes estadounidenses y para el coraz\u00f3n del compromiso estadounidense con la igualdad de oportunidades para todos.<\/p>\n<p>&quot;EM. DeVos ha argumentado que las puertas de las escuelas deben abrirse de par en par para las armas debido a los osos pardos, pero que esas mismas puertas no necesariamente deben abrirse para los estudiantes con discapacidades\u201d, dijo el Senador Gelser. \u201cEso es desmesurado y socava la premisa de la Ley de Educaci\u00f3n para Individuos con Discapacidades, posiblemente una de las leyes de derechos civiles m\u00e1s importantes en la historia de Estados Unidos. IDEA ha asegurado que miles de estudiantes con discapacidades, como mi propio hijo, hayan tenido derecho a una educaci\u00f3n gratuita y adecuada. Gracias a IDEA, mi hijo sabe que ama la historia de los EE. UU. y ahora est\u00e1 en el camino hacia el empleo y una vida satisfactoria. Betsy DeVos amenaza eso para la pr\u00f3xima generaci\u00f3n, y no podemos permitir que eso suceda\u201d.<\/p>","protected":false},"excerpt":{"rendered":"<p>Oregon&rsquo;s Senator Jeff Merkley, Congressman Earl Blumenauer and Congresswoman Suzanne Bonamici on Friday held a press conference opposing the President&rsquo;s nominee for U.S. Secretary of Education, Betsy DeVos, citing the detrimental effects that her nomination could have on Oregon students and schools. &ldquo;DeVos has no understanding of public schools. She never attended nor worked in [&hellip;]<\/p>\n","protected":false},"author":2,"featured_media":0,"comment_status":"closed","ping_status":"closed","sticky":false,"template":"","format":"standard","meta":{"_acf_changed":false,"inline_featured_image":false,"footnotes":""},"categories":[26],"tags":[40],"class_list":["post-5195","post","type-post","status-publish","format-standard","hentry","category-in-the-news","tag-education"],"acf":[],"yoast_head":"<!-- This site is optimized with the Yoast SEO plugin v27.2 - https:\/\/yoast.com\/product\/yoast-seo-wordpress\/ -->\n<title>Opponents Rally Against Betsy DeVos - Merkley<\/title>\n<meta name=\"robots\" content=\"index, follow, max-snippet:-1, max-image-preview:large, max-video-preview:-1\" \/>\n<link rel=\"canonical\" href=\"https:\/\/www.merkley.senate.gov\/es\/opponents-rally-against-betsy-devos\/\" \/>\n<meta property=\"og:locale\" content=\"es_MX\" \/>\n<meta property=\"og:type\" content=\"article\" \/>\n<meta property=\"og:title\" content=\"Opponents Rally Against Betsy DeVos - Merkley\" \/>\n<meta property=\"og:description\" content=\"Oregon&rsquo;s Senator Jeff Merkley, Congressman Earl Blumenauer and Congresswoman Suzanne Bonamici on Friday held a press conference opposing the President&rsquo;s nominee for U.S. Secretary of Education, Betsy DeVos, citing the detrimental effects that her nomination could have on Oregon students and schools. &ldquo;DeVos has no understanding of public schools. She never attended nor worked in [&hellip;]\" \/>\n<meta property=\"og:url\" content=\"https:\/\/www.merkley.senate.gov\/es\/opponents-rally-against-betsy-devos\/\" \/>\n<meta property=\"og:site_name\" content=\"Merkley\" \/>\n<meta property=\"article:published_time\" content=\"2017-01-28T20:21:00+00:00\" \/>\n<meta property=\"article:modified_time\" content=\"2023-07-24T15:09:08+00:00\" \/>\n<meta name=\"twitter:card\" content=\"summary_large_image\" \/>\n<meta name=\"twitter:label1\" content=\"Written by\" \/>\n\t<meta name=\"twitter:data1\" content=\"\" \/>\n\t<meta name=\"twitter:label2\" content=\"Est. reading time\" \/>\n\t<meta name=\"twitter:data2\" content=\"4 minutes\" \/>\n<script type=\"application\/ld+json\" class=\"yoast-schema-graph\">{\"@context\":\"https:\/\/schema.org\",\"@graph\":[{\"@type\":\"Article\",\"@id\":\"https:\/\/www.merkley.senate.gov\/es\/opponents-rally-against-betsy-devos\/#article\",\"isPartOf\":{\"@id\":\"https:\/\/www.merkley.senate.gov\/es\/opponents-rally-against-betsy-devos\/\"},\"author\":{\"name\":\"\",\"@id\":\"\"},\"headline\":\"Opponents Rally Against Betsy DeVos\",\"datePublished\":\"2017-01-28T20:21:00+00:00\",\"dateModified\":\"2023-07-24T15:09:08+00:00\",\"mainEntityOfPage\":{\"@id\":\"https:\/\/www.merkley.senate.gov\/es\/opponents-rally-against-betsy-devos\/\"},\"wordCount\":903,\"keywords\":[\"Education\"],\"articleSection\":[\"In the News\"],\"inLanguage\":\"es-MX\"},{\"@type\":\"WebPage\",\"@id\":\"https:\/\/www.merkley.senate.gov\/es\/opponents-rally-against-betsy-devos\/\",\"url\":\"https:\/\/www.merkley.senate.gov\/es\/opponents-rally-against-betsy-devos\/\",\"name\":\"Opponents Rally Against Betsy DeVos - Merkley\",\"isPartOf\":{\"@id\":\"https:\/\/www.merkley.senate.gov\/#website\"},\"datePublished\":\"2017-01-28T20:21:00+00:00\",\"dateModified\":\"2023-07-24T15:09:08+00:00\",\"author\":{\"@id\":\"\"},\"breadcrumb\":{\"@id\":\"https:\/\/www.merkley.senate.gov\/es\/opponents-rally-against-betsy-devos\/#breadcrumb\"},\"inLanguage\":\"es-MX\",\"potentialAction\":[{\"@type\":\"ReadAction\",\"target\":[\"https:\/\/www.merkley.senate.gov\/es\/opponents-rally-against-betsy-devos\/\"]}]},{\"@type\":\"BreadcrumbList\",\"@id\":\"https:\/\/www.merkley.senate.gov\/es\/opponents-rally-against-betsy-devos\/#breadcrumb\",\"itemListElement\":[{\"@type\":\"ListItem\",\"position\":1,\"name\":\"Home\",\"item\":\"https:\/\/www.merkley.senate.gov\/\"},{\"@type\":\"ListItem\",\"position\":2,\"name\":\"Opponents Rally Against Betsy DeVos\"}]},{\"@type\":\"WebSite\",\"@id\":\"https:\/\/www.merkley.senate.gov\/#website\",\"url\":\"https:\/\/www.merkley.senate.gov\/\",\"name\":\"Merkley\",\"description\":\"Merkley\",\"potentialAction\":[{\"@type\":\"SearchAction\",\"target\":{\"@type\":\"EntryPoint\",\"urlTemplate\":\"https:\/\/www.merkley.senate.gov\/?s={search_term_string}\"},\"query-input\":{\"@type\":\"PropertyValueSpecification\",\"valueRequired\":true,\"valueName\":\"search_term_string\"}}],\"inLanguage\":\"es-MX\"},{\"@type\":\"Person\",\"@id\":\"\",\"url\":\"https:\/\/www.merkley.senate.gov\/es\/author\/\"}]}<\/script>\n<!-- \/ Yoast SEO plugin. -->","yoast_head_json":{"title":"Opponents Rally Against Betsy DeVos - Merkley","robots":{"index":"index","follow":"follow","max-snippet":"max-snippet:-1","max-image-preview":"max-image-preview:large","max-video-preview":"max-video-preview:-1"},"canonical":"https:\/\/www.merkley.senate.gov\/es\/opponents-rally-against-betsy-devos\/","og_locale":"es_MX","og_type":"article","og_title":"Opponents Rally Against Betsy DeVos - Merkley","og_description":"Oregon&rsquo;s Senator Jeff Merkley, Congressman Earl Blumenauer and Congresswoman Suzanne Bonamici on Friday held a press conference opposing the President&rsquo;s nominee for U.S. Secretary of Education, Betsy DeVos, citing the detrimental effects that her nomination could have on Oregon students and schools. &ldquo;DeVos has no understanding of public schools. She never attended nor worked in [&hellip;]","og_url":"https:\/\/www.merkley.senate.gov\/es\/opponents-rally-against-betsy-devos\/","og_site_name":"Merkley","article_published_time":"2017-01-28T20:21:00+00:00","article_modified_time":"2023-07-24T15:09:08+00:00","twitter_card":"summary_large_image","twitter_misc":{"Written by":"","Est. reading time":"4 minutes"},"schema":{"@context":"https:\/\/schema.org","@graph":[{"@type":"Article","@id":"https:\/\/www.merkley.senate.gov\/es\/opponents-rally-against-betsy-devos\/#article","isPartOf":{"@id":"https:\/\/www.merkley.senate.gov\/es\/opponents-rally-against-betsy-devos\/"},"author":{"name":"","@id":""},"headline":"Opponents Rally Against Betsy DeVos","datePublished":"2017-01-28T20:21:00+00:00","dateModified":"2023-07-24T15:09:08+00:00","mainEntityOfPage":{"@id":"https:\/\/www.merkley.senate.gov\/es\/opponents-rally-against-betsy-devos\/"},"wordCount":903,"keywords":["Education"],"articleSection":["In the News"],"inLanguage":"es-MX"},{"@type":"WebPage","@id":"https:\/\/www.merkley.senate.gov\/es\/opponents-rally-against-betsy-devos\/","url":"https:\/\/www.merkley.senate.gov\/es\/opponents-rally-against-betsy-devos\/","name":"Opponents Rally Against Betsy DeVos - Merkley","isPartOf":{"@id":"https:\/\/www.merkley.senate.gov\/#website"},"datePublished":"2017-01-28T20:21:00+00:00","dateModified":"2023-07-24T15:09:08+00:00","author":{"@id":""},"breadcrumb":{"@id":"https:\/\/www.merkley.senate.gov\/es\/opponents-rally-against-betsy-devos\/#breadcrumb"},"inLanguage":"es-MX","potentialAction":[{"@type":"ReadAction","target":["https:\/\/www.merkley.senate.gov\/es\/opponents-rally-against-betsy-devos\/"]}]},{"@type":"BreadcrumbList","@id":"https:\/\/www.merkley.senate.gov\/es\/opponents-rally-against-betsy-devos\/#breadcrumb","itemListElement":[{"@type":"ListItem","position":1,"name":"Home","item":"https:\/\/www.merkley.senate.gov\/"},{"@type":"ListItem","position":2,"name":"Opponents Rally Against Betsy DeVos"}]},{"@type":"WebSite","@id":"https:\/\/www.merkley.senate.gov\/#website","url":"https:\/\/www.merkley.senate.gov\/","name":"merkley","description":"merkley","potentialAction":[{"@type":"SearchAction","target":{"@type":"EntryPoint","urlTemplate":"https:\/\/www.merkley.senate.gov\/?s={search_term_string}"},"query-input":{"@type":"PropertyValueSpecification","valueRequired":true,"valueName":"search_term_string"}}],"inLanguage":"es-MX"},{"@type":"Person","@id":"","url":"https:\/\/www.merkley.senate.gov\/es\/author\/"}]}},"_links":{"self":[{"href":"https:\/\/www.merkley.senate.gov\/es\/wp-json\/wp\/v2\/posts\/5195","targetHints":{"allow":["GET"]}}],"collection":[{"href":"https:\/\/www.merkley.senate.gov\/es\/wp-json\/wp\/v2\/posts"}],"about":[{"href":"https:\/\/www.merkley.senate.gov\/es\/wp-json\/wp\/v2\/types\/post"}],"author":[{"embeddable":true,"href":"https:\/\/www.merkley.senate.gov\/es\/wp-json\/wp\/v2\/users\/2"}],"replies":[{"embeddable":true,"href":"https:\/\/www.merkley.senate.gov\/es\/wp-json\/wp\/v2\/comments?post=5195"}],"version-history":[{"count":1,"href":"https:\/\/www.merkley.senate.gov\/es\/wp-json\/wp\/v2\/posts\/5195\/revisions"}],"predecessor-version":[{"id":14571,"href":"https:\/\/www.merkley.senate.gov\/es\/wp-json\/wp\/v2\/posts\/5195\/revisions\/14571"}],"wp:attachment":[{"href":"https:\/\/www.merkley.senate.gov\/es\/wp-json\/wp\/v2\/media?parent=5195"}],"wp:term":[{"taxonomy":"category","embeddable":true,"href":"https:\/\/www.merkley.senate.gov\/es\/wp-json\/wp\/v2\/categories?post=5195"},{"taxonomy":"post_tag","embeddable":true,"href":"https:\/\/www.merkley.senate.gov\/es\/wp-json\/wp\/v2\/tags?post=5195"}],"curies":[{"name":"wp","href":"https:\/\/api.w.org\/{rel}","templated":true}]}}