{"id":5206,"date":"2017-01-25T16:04:00","date_gmt":"2017-01-25T21:04:00","guid":{"rendered":"https:\/\/www.merkley.senate.gov\/merkley-statement-on-immigration-executive-orders\/"},"modified":"2023-07-24T11:09:09","modified_gmt":"2023-07-24T15:09:09","slug":"merkley-statement-on-immigration-executive-orders","status":"publish","type":"post","link":"https:\/\/www.merkley.senate.gov\/es\/merkley-statement-on-immigration-executive-orders\/","title":{"rendered":"Declaraci\u00f3n de Merkley sobre \u00f3rdenes ejecutivas de inmigraci\u00f3n"},"content":{"rendered":"<p class=\"p1\"><span class=\"s1\">WASHINGTON, D.C. &ndash; Oregon&rsquo;s Senator Jeff Merkley released the following statement after President Donald Trump signed new executive orders on immigration policy:<\/span><\/p>\n<blockquote>\n<p class=\"p1\"><span class=\"s1\">&ldquo;Trump&rsquo;s border wall will waste our scarce resources: a 21-foot ladder defeats a 20-foot wall. There are smarter strategies for border security and for infrastructure investment. Let&rsquo;s repair and expand our roads, bridges, jetties, transmission lines, rural broadband, and water infrastructure, to name just a few much better options.<\/span><\/p>\n<p class=\"p1\"><span class=\"s1\">&ldquo;Moreover, Trump&rsquo;s plan to turn local police into immigration agents promotes crime by destroying the community policing strategies essential for effective law enforcement. It&rsquo;s a big mistake, and I stand with our cities determined not to make this mistake.&rdquo;<\/span><\/p>\n<\/blockquote>","protected":false},"excerpt":{"rendered":"<p>WASHINGTON, D.C. &ndash; Oregon&rsquo;s Senator Jeff Merkley released the following statement after President Donald Trump signed new executive orders on immigration policy: &ldquo;Trump&rsquo;s border wall will waste our scarce resources: a 21-foot ladder defeats a 20-foot wall. There are smarter strategies for border security and for infrastructure investment. Let&rsquo;s repair and expand our roads, bridges, [&hellip;]<\/p>\n","protected":false},"author":2,"featured_media":0,"comment_status":"closed","ping_status":"closed","sticky":false,"template":"","format":"standard","meta":{"_acf_changed":false,"inline_featured_image":false,"footnotes":""},"categories":[24],"tags":[],"class_list":["post-5206","post","type-post","status-publish","format-standard","hentry","category-press-releases"],"acf":[],"yoast_head":"<!-- This site is optimized with the Yoast SEO plugin v27.2 - https:\/\/yoast.com\/product\/yoast-seo-wordpress\/ -->\n<title>Merkley Statement on Immigration Executive Orders - Merkley<\/title>\n<meta name=\"robots\" content=\"index, follow, max-snippet:-1, max-image-preview:large, max-video-preview:-1\" \/>\n<link rel=\"canonical\" href=\"https:\/\/www.merkley.senate.gov\/es\/merkley-statement-on-immigration-executive-orders\/\" \/>\n<meta property=\"og:locale\" content=\"es_MX\" \/>\n<meta property=\"og:type\" content=\"article\" \/>\n<meta property=\"og:title\" content=\"Merkley Statement on Immigration Executive Orders - Merkley\" \/>\n<meta property=\"og:description\" content=\"WASHINGTON, D.C. &ndash; Oregon&rsquo;s Senator Jeff Merkley released the following statement after President Donald Trump signed new executive orders on immigration policy: &ldquo;Trump&rsquo;s border wall will waste our scarce resources: a 21-foot ladder defeats a 20-foot wall. There are smarter strategies for border security and for infrastructure investment. Let&rsquo;s repair and expand our roads, bridges, [&hellip;]\" \/>\n<meta property=\"og:url\" content=\"https:\/\/www.merkley.senate.gov\/es\/merkley-statement-on-immigration-executive-orders\/\" \/>\n<meta property=\"og:site_name\" content=\"Merkley\" \/>\n<meta property=\"article:published_time\" content=\"2017-01-25T21:04:00+00:00\" \/>\n<meta property=\"article:modified_time\" content=\"2023-07-24T15:09:09+00:00\" \/>\n<meta name=\"twitter:card\" content=\"summary_large_image\" \/>\n<meta name=\"twitter:label1\" content=\"Written by\" \/>\n\t<meta name=\"twitter:data1\" content=\"\" \/>\n\t<meta name=\"twitter:label2\" content=\"Est. reading time\" \/>\n\t<meta name=\"twitter:data2\" content=\"1 minute\" \/>\n<script type=\"application\/ld+json\" class=\"yoast-schema-graph\">{\"@context\":\"https:\/\/schema.org\",\"@graph\":[{\"@type\":\"Article\",\"@id\":\"https:\/\/www.merkley.senate.gov\/merkley-statement-on-immigration-executive-orders\/#article\",\"isPartOf\":{\"@id\":\"https:\/\/www.merkley.senate.gov\/merkley-statement-on-immigration-executive-orders\/\"},\"author\":{\"name\":\"\",\"@id\":\"\"},\"headline\":\"Merkley Statement on Immigration Executive Orders\",\"datePublished\":\"2017-01-25T21:04:00+00:00\",\"dateModified\":\"2023-07-24T15:09:09+00:00\",\"mainEntityOfPage\":{\"@id\":\"https:\/\/www.merkley.senate.gov\/merkley-statement-on-immigration-executive-orders\/\"},\"wordCount\":130,\"articleSection\":[\"Press Releases\"],\"inLanguage\":\"es-MX\"},{\"@type\":\"WebPage\",\"@id\":\"https:\/\/www.merkley.senate.gov\/merkley-statement-on-immigration-executive-orders\/\",\"url\":\"https:\/\/www.merkley.senate.gov\/merkley-statement-on-immigration-executive-orders\/\",\"name\":\"Merkley Statement on Immigration Executive Orders - Merkley\",\"isPartOf\":{\"@id\":\"https:\/\/www.merkley.senate.gov\/#website\"},\"datePublished\":\"2017-01-25T21:04:00+00:00\",\"dateModified\":\"2023-07-24T15:09:09+00:00\",\"author\":{\"@id\":\"\"},\"breadcrumb\":{\"@id\":\"https:\/\/www.merkley.senate.gov\/merkley-statement-on-immigration-executive-orders\/#breadcrumb\"},\"inLanguage\":\"es-MX\",\"potentialAction\":[{\"@type\":\"ReadAction\",\"target\":[\"https:\/\/www.merkley.senate.gov\/merkley-statement-on-immigration-executive-orders\/\"]}]},{\"@type\":\"BreadcrumbList\",\"@id\":\"https:\/\/www.merkley.senate.gov\/merkley-statement-on-immigration-executive-orders\/#breadcrumb\",\"itemListElement\":[{\"@type\":\"ListItem\",\"position\":1,\"name\":\"Home\",\"item\":\"https:\/\/www.merkley.senate.gov\/\"},{\"@type\":\"ListItem\",\"position\":2,\"name\":\"Merkley Statement on Immigration Executive Orders\"}]},{\"@type\":\"WebSite\",\"@id\":\"https:\/\/www.merkley.senate.gov\/#website\",\"url\":\"https:\/\/www.merkley.senate.gov\/\",\"name\":\"Merkley\",\"description\":\"Merkley\",\"potentialAction\":[{\"@type\":\"SearchAction\",\"target\":{\"@type\":\"EntryPoint\",\"urlTemplate\":\"https:\/\/www.merkley.senate.gov\/?s={search_term_string}\"},\"query-input\":{\"@type\":\"PropertyValueSpecification\",\"valueRequired\":true,\"valueName\":\"search_term_string\"}}],\"inLanguage\":\"es-MX\"},{\"@type\":\"Person\",\"@id\":\"\",\"url\":\"https:\/\/www.merkley.senate.gov\/es\/author\/\"}]}<\/script>\n<!-- \/ Yoast SEO plugin. -->","yoast_head_json":{"title":"Merkley Statement on Immigration Executive Orders - Merkley","robots":{"index":"index","follow":"follow","max-snippet":"max-snippet:-1","max-image-preview":"max-image-preview:large","max-video-preview":"max-video-preview:-1"},"canonical":"https:\/\/www.merkley.senate.gov\/es\/merkley-statement-on-immigration-executive-orders\/","og_locale":"es_MX","og_type":"article","og_title":"Merkley Statement on Immigration Executive Orders - Merkley","og_description":"WASHINGTON, D.C. &ndash; Oregon&rsquo;s Senator Jeff Merkley released the following statement after President Donald Trump signed new executive orders on immigration policy: &ldquo;Trump&rsquo;s border wall will waste our scarce resources: a 21-foot ladder defeats a 20-foot wall. There are smarter strategies for border security and for infrastructure investment. Let&rsquo;s repair and expand our roads, bridges, [&hellip;]","og_url":"https:\/\/www.merkley.senate.gov\/es\/merkley-statement-on-immigration-executive-orders\/","og_site_name":"Merkley","article_published_time":"2017-01-25T21:04:00+00:00","article_modified_time":"2023-07-24T15:09:09+00:00","twitter_card":"summary_large_image","twitter_misc":{"Written by":"","Est. reading time":"1 minute"},"schema":{"@context":"https:\/\/schema.org","@graph":[{"@type":"Article","@id":"https:\/\/www.merkley.senate.gov\/merkley-statement-on-immigration-executive-orders\/#article","isPartOf":{"@id":"https:\/\/www.merkley.senate.gov\/merkley-statement-on-immigration-executive-orders\/"},"author":{"name":"","@id":""},"headline":"Merkley Statement on Immigration Executive Orders","datePublished":"2017-01-25T21:04:00+00:00","dateModified":"2023-07-24T15:09:09+00:00","mainEntityOfPage":{"@id":"https:\/\/www.merkley.senate.gov\/merkley-statement-on-immigration-executive-orders\/"},"wordCount":130,"articleSection":["Press Releases"],"inLanguage":"es-MX"},{"@type":"WebPage","@id":"https:\/\/www.merkley.senate.gov\/merkley-statement-on-immigration-executive-orders\/","url":"https:\/\/www.merkley.senate.gov\/merkley-statement-on-immigration-executive-orders\/","name":"Merkley Statement on Immigration Executive Orders - Merkley","isPartOf":{"@id":"https:\/\/www.merkley.senate.gov\/#website"},"datePublished":"2017-01-25T21:04:00+00:00","dateModified":"2023-07-24T15:09:09+00:00","author":{"@id":""},"breadcrumb":{"@id":"https:\/\/www.merkley.senate.gov\/merkley-statement-on-immigration-executive-orders\/#breadcrumb"},"inLanguage":"es-MX","potentialAction":[{"@type":"ReadAction","target":["https:\/\/www.merkley.senate.gov\/merkley-statement-on-immigration-executive-orders\/"]}]},{"@type":"BreadcrumbList","@id":"https:\/\/www.merkley.senate.gov\/merkley-statement-on-immigration-executive-orders\/#breadcrumb","itemListElement":[{"@type":"ListItem","position":1,"name":"Home","item":"https:\/\/www.merkley.senate.gov\/"},{"@type":"ListItem","position":2,"name":"Merkley Statement on Immigration Executive Orders"}]},{"@type":"WebSite","@id":"https:\/\/www.merkley.senate.gov\/#website","url":"https:\/\/www.merkley.senate.gov\/","name":"merkley","description":"merkley","potentialAction":[{"@type":"SearchAction","target":{"@type":"EntryPoint","urlTemplate":"https:\/\/www.merkley.senate.gov\/?s={search_term_string}"},"query-input":{"@type":"PropertyValueSpecification","valueRequired":true,"valueName":"search_term_string"}}],"inLanguage":"es-MX"},{"@type":"Person","@id":"","url":"https:\/\/www.merkley.senate.gov\/es\/author\/"}]}},"_links":{"self":[{"href":"https:\/\/www.merkley.senate.gov\/es\/wp-json\/wp\/v2\/posts\/5206","targetHints":{"allow":["GET"]}}],"collection":[{"href":"https:\/\/www.merkley.senate.gov\/es\/wp-json\/wp\/v2\/posts"}],"about":[{"href":"https:\/\/www.merkley.senate.gov\/es\/wp-json\/wp\/v2\/types\/post"}],"author":[{"embeddable":true,"href":"https:\/\/www.merkley.senate.gov\/es\/wp-json\/wp\/v2\/users\/2"}],"replies":[{"embeddable":true,"href":"https:\/\/www.merkley.senate.gov\/es\/wp-json\/wp\/v2\/comments?post=5206"}],"version-history":[{"count":1,"href":"https:\/\/www.merkley.senate.gov\/es\/wp-json\/wp\/v2\/posts\/5206\/revisions"}],"predecessor-version":[{"id":14582,"href":"https:\/\/www.merkley.senate.gov\/es\/wp-json\/wp\/v2\/posts\/5206\/revisions\/14582"}],"wp:attachment":[{"href":"https:\/\/www.merkley.senate.gov\/es\/wp-json\/wp\/v2\/media?parent=5206"}],"wp:term":[{"taxonomy":"category","embeddable":true,"href":"https:\/\/www.merkley.senate.gov\/es\/wp-json\/wp\/v2\/categories?post=5206"},{"taxonomy":"post_tag","embeddable":true,"href":"https:\/\/www.merkley.senate.gov\/es\/wp-json\/wp\/v2\/tags?post=5206"}],"curies":[{"name":"wp","href":"https:\/\/api.w.org\/{rel}","templated":true}]}}