{"id":5311,"date":"2016-11-16T11:26:00","date_gmt":"2016-11-16T16:26:00","guid":{"rendered":"https:\/\/www.merkley.senate.gov\/democrats-demand-president-elect-trump-rescind-steve-bannons-white-house-appointment\/"},"modified":"2023-07-24T11:09:18","modified_gmt":"2023-07-24T15:09:18","slug":"democrats-demand-president-elect-trump-rescind-steve-bannons-white-house-appointment","status":"publish","type":"post","link":"https:\/\/www.merkley.senate.gov\/es\/democrats-demand-president-elect-trump-rescind-steve-bannons-white-house-appointment\/","title":{"rendered":"Los dem\u00f3cratas exigen al presidente electo Trump que rescinda el nombramiento de Steve Bannon en la Casa Blanca"},"content":{"rendered":"<p>Al menos 120 dem\u00f3cratas de la C\u00e1mara han firmado una carta exigiendo al presidente electo Donald Trump que rescinda su nombramiento como jefe de Breitbart News.&nbsp;<a href=\"http:\/\/www.ibtimes.co.uk\/donald-trump-picks-rncs-reince-preibus-white-house-chief-staff-1591336\" target=\"_blank\" title=\"Donald Trump elige a Reince Preibus de RNC como jefe de gabinete de la Casa Blanca\" rel=\"noopener\">Steve Bannon como estratega jefe<\/a>. El esfuerzo fue dirigido por el representante de Rhode Island, David Cicilline, mientras que los dem\u00f3cratas en el Senado tambi\u00e9n se han pronunciado.<\/p>\n<p>Seg\u00fan los informes, Cicilline est\u00e1 haciendo circular la carta, que critica a Bannon y pide su retiro, entre los miembros de la C\u00e1mara.&nbsp;<a href=\"https:\/\/www.bostonglobe.com\/news\/politics\/2016\/11\/15\/mass-delegations-among-house-members-calling-for-removal-bannon\/PslEwBWmw6fcXS8nKffXEL\/story.html?p1=BGMenu_Article\" target=\"_blank\" rel=\"noopener\">el boston globo<\/a>&nbsp;informado. Un portavoz de Cicilline dijo que la carta cuenta con el apoyo de todas las delegaciones de la C\u00e1mara del norte de Rhode Island y Massachusetts.<\/p>\n<p>Seg\u00fan The Globe, la carta critica el trabajo anterior de Bannon con el sitio web de extrema derecha Breitbart News y se\u00f1ala que la decisi\u00f3n de Trump de darle a Bannon un puesto tan importante en su administraci\u00f3n va en contra de su promesa de ser presidente para todos los estadounidenses.<\/p>\n<p>\u201cSu nombramiento de Stephen Bannon, cuyos v\u00ednculos con el movimiento Nacionalista Blanco han sido bien documentados, socava directamente su capacidad para unir al pa\u00eds\u201d, escribi\u00f3 Cicilline.<\/p>\n<p>\u201cComo presidente ejecutivo de Breitbart News, el Sr. Bannon promovi\u00f3 repetida y agresivamente historias que promueven el antisemitismo, la xenofobia y el racismo\u201d, continu\u00f3. \u201cDurante una entrevista el verano pasado, el Sr. Bannon se jact\u00f3 de que Breitbart era &#039;la plataforma para la extrema derecha&#039;, un movimiento que defiende el nacionalismo blanco y rechaza en\u00e9rgicamente la diversidad en cualquier forma\u201d.<\/p>\n<p>Un comunicado que anunciaba la carta dec\u00eda que la lista completa de firmantes se revelar\u00eda el mi\u00e9rcoles (16 de noviembre), inform\u00f3 el Globe.<\/p>\n<p>La carta llega cuando varios miembros del Senado est\u00e1n rechazando el nombramiento de Bannon. El l\u00edder de la minor\u00eda del Senado, Harry Reid (D-Nevada), pronunci\u00f3 un apasionado discurso en el pleno del Senado el martes (15 de noviembre) pidiendo a Trump que destituyera a Bannon.<\/p>\n<p>El senador de Oreg\u00f3n, Jeff Merkley, tambi\u00e9n inst\u00f3 al presidente electo a rescindir su nombramiento durante una conferencia de prensa con otros dos dem\u00f3cratas del Senado y su futuro colega, el representante de Maryland Chris Van Hollen.&nbsp;<a href=\"http:\/\/www.politico.com\/story\/2016\/11\/democrats-demand-trump-rescind-steve-bannon-231422\" target=\"_blank\" rel=\"noopener\">Politico reportado<\/a>. \u201cHacemos un llamado al presidente electo Trump para que excluya a los defensores de la discriminaci\u00f3n y el odio de las filas de su administraci\u00f3n, y eso incluye el despido inmediato de Steve Bannon como su principal estratega\u201d, dijo Merkley.<\/p>\n<p>\u201cFrancamente\u201d, agreg\u00f3 la senadora de Haw\u00e1i Mazie Hirono, \u201ces triste que estemos teniendo un debate sobre si un supremacista blanco deber\u00eda servir como consejero principal del presidente electo\u201d.<\/p>\n<p>Trump se ha enfrentado&nbsp;<a href=\"http:\/\/www.ibtimes.co.uk\/donald-trump-faces-wave-criticism-over-steve-bannons-white-house-appointment-1591537\" target=\"_blank\" title=\"Donald Trump enfrenta una ola de cr\u00edticas por el nombramiento de Steve Bannon en la Casa Blanca\" rel=\"noopener\">una ola de cr\u00edticas<\/a>&nbsp;desde que nombr\u00f3 a Bannon como su principal estratega. El senador de Nueva Jersey, Cory Booker, critic\u00f3 a Bannon como un hombre que dirig\u00eda un sitio web \u201cque promueve puntos de vista verdaderamente radicales sobre la raza y la religi\u00f3n\u201d.<\/p>\n<p>Seg\u00fan Politico, Booker advirti\u00f3: \u201cBannon no construir\u00e1 puentes, los quemar\u00e1. No es apto para asesorar al comandante en jefe de Estados Unidos. Donald Trump deber\u00eda revertir la decisi\u00f3n de contratarlo y trazar un rumbo diferente por el bien del pueblo estadounidense\u201d.<\/p>\n<p>En una publicaci\u00f3n similar de Facebook, el senador de Minnesota Al Franken se refiri\u00f3 a Bannon como \u201cun nacionalista blanco que durante a\u00f1os ha avivado el odio\u201d. Escribi\u00f3: \u201cLos supremacistas blancos han dejado en claro que ven a Bannon como su defensor en una Administraci\u00f3n Trump, que no solo es inquietante, sino tambi\u00e9n peligrosa para millones y millones de personas en Minnesota y en todo el pa\u00eds\u201d.<\/p>\n<p>La directora de campa\u00f1a de Trump, Kellyanne Conway, defendi\u00f3 a Bannon y dijo que ha estado \u201cestrat\u00e9gicamente\u201d ausente de entrevistas o apariciones p\u00fablicas. &quot;Lo conozco bien. Trabajo mano a mano con \u00e9l y siento que estos cargos son muy injustos\u201d, dijo en el programa Today de NBC.<\/p>","protected":false},"excerpt":{"rendered":"<p>At least 120 House Democrats have signed a letter demanding President-elect Donald Trump rescind his appointment of Breitbart News chief&nbsp;Steve Bannon as chief strategist. The effort was led by Rhode Island Representative David Cicilline, while Democrats in the Senate have also spoken out. Cicilline is reportedly circulating the letter, which blasts Bannon and calls for [&hellip;]<\/p>\n","protected":false},"author":2,"featured_media":0,"comment_status":"closed","ping_status":"closed","sticky":false,"template":"","format":"standard","meta":{"_acf_changed":false,"inline_featured_image":false,"footnotes":""},"categories":[26],"tags":[53,44,47],"class_list":["post-5311","post","type-post","status-publish","format-standard","hentry","category-in-the-news","tag-civil-rights","tag-jobs-and-the-economy","tag-protecting-consumers-taxpayers-and-the-economy"],"acf":[],"yoast_head":"<!-- This site is optimized with the Yoast SEO plugin v27.2 - https:\/\/yoast.com\/product\/yoast-seo-wordpress\/ -->\n<title>Democrats demand President-elect Trump rescind Steve Bannon&#039;s White House appointment - Merkley<\/title>\n<meta name=\"robots\" content=\"index, follow, max-snippet:-1, max-image-preview:large, max-video-preview:-1\" \/>\n<link rel=\"canonical\" href=\"https:\/\/www.merkley.senate.gov\/es\/democrats-demand-president-elect-trump-rescind-steve-bannons-white-house-appointment\/\" \/>\n<meta property=\"og:locale\" content=\"es_MX\" \/>\n<meta property=\"og:type\" content=\"article\" \/>\n<meta property=\"og:title\" content=\"Democrats demand President-elect Trump rescind Steve Bannon&#039;s White House appointment - Merkley\" \/>\n<meta property=\"og:description\" content=\"At least 120 House Democrats have signed a letter demanding President-elect Donald Trump rescind his appointment of Breitbart News chief&nbsp;Steve Bannon as chief strategist. The effort was led by Rhode Island Representative David Cicilline, while Democrats in the Senate have also spoken out. Cicilline is reportedly circulating the letter, which blasts Bannon and calls for [&hellip;]\" \/>\n<meta property=\"og:url\" content=\"https:\/\/www.merkley.senate.gov\/es\/democrats-demand-president-elect-trump-rescind-steve-bannons-white-house-appointment\/\" \/>\n<meta property=\"og:site_name\" content=\"Merkley\" \/>\n<meta property=\"article:published_time\" content=\"2016-11-16T16:26:00+00:00\" \/>\n<meta property=\"article:modified_time\" content=\"2023-07-24T15:09:18+00:00\" \/>\n<meta name=\"twitter:card\" content=\"summary_large_image\" \/>\n<meta name=\"twitter:label1\" content=\"Written by\" \/>\n\t<meta name=\"twitter:data1\" content=\"\" \/>\n\t<meta name=\"twitter:label2\" content=\"Est. reading time\" \/>\n\t<meta name=\"twitter:data2\" content=\"3 minutes\" \/>\n<script type=\"application\/ld+json\" class=\"yoast-schema-graph\">{\"@context\":\"https:\/\/schema.org\",\"@graph\":[{\"@type\":\"Article\",\"@id\":\"https:\/\/www.merkley.senate.gov\/democrats-demand-president-elect-trump-rescind-steve-bannons-white-house-appointment\/#article\",\"isPartOf\":{\"@id\":\"https:\/\/www.merkley.senate.gov\/democrats-demand-president-elect-trump-rescind-steve-bannons-white-house-appointment\/\"},\"author\":{\"name\":\"\",\"@id\":\"\"},\"headline\":\"Democrats demand President-elect Trump rescind Steve Bannon&#8217;s White House appointment\",\"datePublished\":\"2016-11-16T16:26:00+00:00\",\"dateModified\":\"2023-07-24T15:09:18+00:00\",\"mainEntityOfPage\":{\"@id\":\"https:\/\/www.merkley.senate.gov\/democrats-demand-president-elect-trump-rescind-steve-bannons-white-house-appointment\/\"},\"wordCount\":564,\"keywords\":[\"Civil Rights\",\"Jobs and the Economy\",\"Protecting Consumers, Taxpayers, and the Economy\"],\"articleSection\":[\"In the News\"],\"inLanguage\":\"es-MX\"},{\"@type\":\"WebPage\",\"@id\":\"https:\/\/www.merkley.senate.gov\/democrats-demand-president-elect-trump-rescind-steve-bannons-white-house-appointment\/\",\"url\":\"https:\/\/www.merkley.senate.gov\/democrats-demand-president-elect-trump-rescind-steve-bannons-white-house-appointment\/\",\"name\":\"Democrats demand President-elect Trump rescind Steve Bannon's White House appointment - Merkley\",\"isPartOf\":{\"@id\":\"https:\/\/www.merkley.senate.gov\/#website\"},\"datePublished\":\"2016-11-16T16:26:00+00:00\",\"dateModified\":\"2023-07-24T15:09:18+00:00\",\"author\":{\"@id\":\"\"},\"breadcrumb\":{\"@id\":\"https:\/\/www.merkley.senate.gov\/democrats-demand-president-elect-trump-rescind-steve-bannons-white-house-appointment\/#breadcrumb\"},\"inLanguage\":\"es-MX\",\"potentialAction\":[{\"@type\":\"ReadAction\",\"target\":[\"https:\/\/www.merkley.senate.gov\/democrats-demand-president-elect-trump-rescind-steve-bannons-white-house-appointment\/\"]}]},{\"@type\":\"BreadcrumbList\",\"@id\":\"https:\/\/www.merkley.senate.gov\/democrats-demand-president-elect-trump-rescind-steve-bannons-white-house-appointment\/#breadcrumb\",\"itemListElement\":[{\"@type\":\"ListItem\",\"position\":1,\"name\":\"Home\",\"item\":\"https:\/\/www.merkley.senate.gov\/\"},{\"@type\":\"ListItem\",\"position\":2,\"name\":\"Democrats demand President-elect Trump rescind Steve Bannon&#8217;s White House appointment\"}]},{\"@type\":\"WebSite\",\"@id\":\"https:\/\/www.merkley.senate.gov\/#website\",\"url\":\"https:\/\/www.merkley.senate.gov\/\",\"name\":\"Merkley\",\"description\":\"Merkley\",\"potentialAction\":[{\"@type\":\"SearchAction\",\"target\":{\"@type\":\"EntryPoint\",\"urlTemplate\":\"https:\/\/www.merkley.senate.gov\/?s={search_term_string}\"},\"query-input\":{\"@type\":\"PropertyValueSpecification\",\"valueRequired\":true,\"valueName\":\"search_term_string\"}}],\"inLanguage\":\"es-MX\"},{\"@type\":\"Person\",\"@id\":\"\",\"url\":\"https:\/\/www.merkley.senate.gov\/es\/author\/\"}]}<\/script>\n<!-- \/ Yoast SEO plugin. -->","yoast_head_json":{"title":"Democrats demand President-elect Trump rescind Steve Bannon's White House appointment - Merkley","robots":{"index":"index","follow":"follow","max-snippet":"max-snippet:-1","max-image-preview":"max-image-preview:large","max-video-preview":"max-video-preview:-1"},"canonical":"https:\/\/www.merkley.senate.gov\/es\/democrats-demand-president-elect-trump-rescind-steve-bannons-white-house-appointment\/","og_locale":"es_MX","og_type":"article","og_title":"Democrats demand President-elect Trump rescind Steve Bannon's White House appointment - Merkley","og_description":"At least 120 House Democrats have signed a letter demanding President-elect Donald Trump rescind his appointment of Breitbart News chief&nbsp;Steve Bannon as chief strategist. The effort was led by Rhode Island Representative David Cicilline, while Democrats in the Senate have also spoken out. Cicilline is reportedly circulating the letter, which blasts Bannon and calls for [&hellip;]","og_url":"https:\/\/www.merkley.senate.gov\/es\/democrats-demand-president-elect-trump-rescind-steve-bannons-white-house-appointment\/","og_site_name":"Merkley","article_published_time":"2016-11-16T16:26:00+00:00","article_modified_time":"2023-07-24T15:09:18+00:00","twitter_card":"summary_large_image","twitter_misc":{"Written by":"","Est. reading time":"3 minutes"},"schema":{"@context":"https:\/\/schema.org","@graph":[{"@type":"Article","@id":"https:\/\/www.merkley.senate.gov\/democrats-demand-president-elect-trump-rescind-steve-bannons-white-house-appointment\/#article","isPartOf":{"@id":"https:\/\/www.merkley.senate.gov\/democrats-demand-president-elect-trump-rescind-steve-bannons-white-house-appointment\/"},"author":{"name":"","@id":""},"headline":"Democrats demand President-elect Trump rescind Steve Bannon&#8217;s White House appointment","datePublished":"2016-11-16T16:26:00+00:00","dateModified":"2023-07-24T15:09:18+00:00","mainEntityOfPage":{"@id":"https:\/\/www.merkley.senate.gov\/democrats-demand-president-elect-trump-rescind-steve-bannons-white-house-appointment\/"},"wordCount":564,"keywords":["Civil Rights","Jobs and the Economy","Protecting Consumers, Taxpayers, and the Economy"],"articleSection":["In the News"],"inLanguage":"es-MX"},{"@type":"WebPage","@id":"https:\/\/www.merkley.senate.gov\/democrats-demand-president-elect-trump-rescind-steve-bannons-white-house-appointment\/","url":"https:\/\/www.merkley.senate.gov\/democrats-demand-president-elect-trump-rescind-steve-bannons-white-house-appointment\/","name":"Democrats demand President-elect Trump rescind Steve Bannon's White House appointment - Merkley","isPartOf":{"@id":"https:\/\/www.merkley.senate.gov\/#website"},"datePublished":"2016-11-16T16:26:00+00:00","dateModified":"2023-07-24T15:09:18+00:00","author":{"@id":""},"breadcrumb":{"@id":"https:\/\/www.merkley.senate.gov\/democrats-demand-president-elect-trump-rescind-steve-bannons-white-house-appointment\/#breadcrumb"},"inLanguage":"es-MX","potentialAction":[{"@type":"ReadAction","target":["https:\/\/www.merkley.senate.gov\/democrats-demand-president-elect-trump-rescind-steve-bannons-white-house-appointment\/"]}]},{"@type":"BreadcrumbList","@id":"https:\/\/www.merkley.senate.gov\/democrats-demand-president-elect-trump-rescind-steve-bannons-white-house-appointment\/#breadcrumb","itemListElement":[{"@type":"ListItem","position":1,"name":"Home","item":"https:\/\/www.merkley.senate.gov\/"},{"@type":"ListItem","position":2,"name":"Democrats demand President-elect Trump rescind Steve Bannon&#8217;s White House appointment"}]},{"@type":"WebSite","@id":"https:\/\/www.merkley.senate.gov\/#website","url":"https:\/\/www.merkley.senate.gov\/","name":"merkley","description":"merkley","potentialAction":[{"@type":"SearchAction","target":{"@type":"EntryPoint","urlTemplate":"https:\/\/www.merkley.senate.gov\/?s={search_term_string}"},"query-input":{"@type":"PropertyValueSpecification","valueRequired":true,"valueName":"search_term_string"}}],"inLanguage":"es-MX"},{"@type":"Person","@id":"","url":"https:\/\/www.merkley.senate.gov\/es\/author\/"}]}},"_links":{"self":[{"href":"https:\/\/www.merkley.senate.gov\/es\/wp-json\/wp\/v2\/posts\/5311","targetHints":{"allow":["GET"]}}],"collection":[{"href":"https:\/\/www.merkley.senate.gov\/es\/wp-json\/wp\/v2\/posts"}],"about":[{"href":"https:\/\/www.merkley.senate.gov\/es\/wp-json\/wp\/v2\/types\/post"}],"author":[{"embeddable":true,"href":"https:\/\/www.merkley.senate.gov\/es\/wp-json\/wp\/v2\/users\/2"}],"replies":[{"embeddable":true,"href":"https:\/\/www.merkley.senate.gov\/es\/wp-json\/wp\/v2\/comments?post=5311"}],"version-history":[{"count":1,"href":"https:\/\/www.merkley.senate.gov\/es\/wp-json\/wp\/v2\/posts\/5311\/revisions"}],"predecessor-version":[{"id":14687,"href":"https:\/\/www.merkley.senate.gov\/es\/wp-json\/wp\/v2\/posts\/5311\/revisions\/14687"}],"wp:attachment":[{"href":"https:\/\/www.merkley.senate.gov\/es\/wp-json\/wp\/v2\/media?parent=5311"}],"wp:term":[{"taxonomy":"category","embeddable":true,"href":"https:\/\/www.merkley.senate.gov\/es\/wp-json\/wp\/v2\/categories?post=5311"},{"taxonomy":"post_tag","embeddable":true,"href":"https:\/\/www.merkley.senate.gov\/es\/wp-json\/wp\/v2\/tags?post=5311"}],"curies":[{"name":"wp","href":"https:\/\/api.w.org\/{rel}","templated":true}]}}