{"id":5479,"date":"2016-06-06T15:08:00","date_gmt":"2016-06-06T19:08:00","guid":{"rendered":"https:\/\/www.merkley.senate.gov\/oregon-leaders-call-for-oil-train-moratorium-in-the-columbia-river-gorge\/"},"modified":"2023-07-24T11:09:31","modified_gmt":"2023-07-24T15:09:31","slug":"oregon-leaders-call-for-oil-train-moratorium-in-the-columbia-river-gorge","status":"publish","type":"post","link":"https:\/\/www.merkley.senate.gov\/es\/oregon-leaders-call-for-oil-train-moratorium-in-the-columbia-river-gorge\/","title":{"rendered":"L\u00edderes de Oreg\u00f3n piden una moratoria del tren petrolero en la garganta del r\u00edo Columbia"},"content":{"rendered":"<p class=\"p1\"><b>WASHINGTON DC<\/b>&mdash;Oregon&rsquo;s Senators Jeff Merkley and Ron Wyden, Governor Kate Brown and Representatives Earl Blumenauer and Suzanne Bonamici&nbsp;released the following statement today calling for a temporary halt to oil train traffic in Columbia River Gorge in light of last Friday&rsquo;s derailment of a Union Pacific oil train in Mosier, OR:&nbsp;<\/p>\n<blockquote>\n<p class=\"p1\">&ldquo;Oil train tankers are still lying on their sides in Mosier, the ground and water have yet to be cleaned up, and there&rsquo;s still no good explanation for the cause of Friday&rsquo;s crash. It is too soon to resume oil train traffic through the Columbia River Gorge. Union Pacific should not resume oil train traffic before meeting with the community of Mosier and giving a thorough explanation for the cause of this accident and an assurance that the company is taking the necessary steps to prevent another one. A train full of toxic crude oil derailing, burning, and exploding near homes, schools, and businesses is a worst fear realized for people who live in Mosier and in other communities along the tracks throughout the Gorge. They deserve to know that the causes of this derailment have been both identified and fixed, and there should be a moratorium on oil train traffic until they get those explanations and assurances. We will also be pushing for the Department of Transportation to take a hard look at alternative routes for oil and hazardous material trains that would put fewer Oregonians at risk of a dangerous crash in their backyards.&rdquo;<\/p>\n<\/blockquote>","protected":false},"excerpt":{"rendered":"<p>WASHINGTON, D.C.&mdash;Oregon&rsquo;s Senators Jeff Merkley and Ron Wyden, Governor Kate Brown and Representatives Earl Blumenauer and Suzanne Bonamici&nbsp;released the following statement today calling for a temporary halt to oil train traffic in Columbia River Gorge in light of last Friday&rsquo;s derailment of a Union Pacific oil train in Mosier, OR:&nbsp; &ldquo;Oil train tankers are still [&hellip;]<\/p>\n","protected":false},"author":2,"featured_media":0,"comment_status":"closed","ping_status":"closed","sticky":false,"template":"","format":"standard","meta":{"_acf_changed":false,"inline_featured_image":false,"footnotes":""},"categories":[24],"tags":[36,47],"class_list":["post-5479","post","type-post","status-publish","format-standard","hentry","category-press-releases","tag-natural-resources-and-rural-development","tag-protecting-consumers-taxpayers-and-the-economy"],"acf":[],"yoast_head":"<!-- This site is optimized with the Yoast SEO plugin v27.2 - https:\/\/yoast.com\/product\/yoast-seo-wordpress\/ -->\n<title>Oregon Leaders call for Oil Train Moratorium in the Columbia River Gorge - Merkley<\/title>\n<meta name=\"robots\" content=\"index, follow, max-snippet:-1, max-image-preview:large, max-video-preview:-1\" \/>\n<link rel=\"canonical\" href=\"https:\/\/www.merkley.senate.gov\/es\/oregon-leaders-call-for-oil-train-moratorium-in-the-columbia-river-gorge\/\" \/>\n<meta property=\"og:locale\" content=\"es_MX\" \/>\n<meta property=\"og:type\" content=\"article\" \/>\n<meta property=\"og:title\" content=\"Oregon Leaders call for Oil Train Moratorium in the Columbia River Gorge - Merkley\" \/>\n<meta property=\"og:description\" content=\"WASHINGTON, D.C.&mdash;Oregon&rsquo;s Senators Jeff Merkley and Ron Wyden, Governor Kate Brown and Representatives Earl Blumenauer and Suzanne Bonamici&nbsp;released the following statement today calling for a temporary halt to oil train traffic in Columbia River Gorge in light of last Friday&rsquo;s derailment of a Union Pacific oil train in Mosier, OR:&nbsp; &ldquo;Oil train tankers are still [&hellip;]\" \/>\n<meta property=\"og:url\" content=\"https:\/\/www.merkley.senate.gov\/es\/oregon-leaders-call-for-oil-train-moratorium-in-the-columbia-river-gorge\/\" \/>\n<meta property=\"og:site_name\" content=\"Merkley\" \/>\n<meta property=\"article:published_time\" content=\"2016-06-06T19:08:00+00:00\" \/>\n<meta property=\"article:modified_time\" content=\"2023-07-24T15:09:31+00:00\" \/>\n<meta name=\"twitter:card\" content=\"summary_large_image\" \/>\n<meta name=\"twitter:label1\" content=\"Written by\" \/>\n\t<meta name=\"twitter:data1\" content=\"\" \/>\n\t<meta name=\"twitter:label2\" content=\"Est. reading time\" \/>\n\t<meta name=\"twitter:data2\" content=\"1 minute\" \/>\n<script type=\"application\/ld+json\" class=\"yoast-schema-graph\">{\"@context\":\"https:\/\/schema.org\",\"@graph\":[{\"@type\":\"Article\",\"@id\":\"https:\/\/www.merkley.senate.gov\/oregon-leaders-call-for-oil-train-moratorium-in-the-columbia-river-gorge\/#article\",\"isPartOf\":{\"@id\":\"https:\/\/www.merkley.senate.gov\/oregon-leaders-call-for-oil-train-moratorium-in-the-columbia-river-gorge\/\"},\"author\":{\"name\":\"\",\"@id\":\"\"},\"headline\":\"Oregon Leaders call for Oil Train Moratorium in the Columbia River Gorge\",\"datePublished\":\"2016-06-06T19:08:00+00:00\",\"dateModified\":\"2023-07-24T15:09:31+00:00\",\"mainEntityOfPage\":{\"@id\":\"https:\/\/www.merkley.senate.gov\/oregon-leaders-call-for-oil-train-moratorium-in-the-columbia-river-gorge\/\"},\"wordCount\":274,\"keywords\":[\"Natural Resources and Rural Development\",\"Protecting Consumers, Taxpayers, and the Economy\"],\"articleSection\":[\"Press Releases\"],\"inLanguage\":\"es-MX\"},{\"@type\":\"WebPage\",\"@id\":\"https:\/\/www.merkley.senate.gov\/oregon-leaders-call-for-oil-train-moratorium-in-the-columbia-river-gorge\/\",\"url\":\"https:\/\/www.merkley.senate.gov\/oregon-leaders-call-for-oil-train-moratorium-in-the-columbia-river-gorge\/\",\"name\":\"Oregon Leaders call for Oil Train Moratorium in the Columbia River Gorge - Merkley\",\"isPartOf\":{\"@id\":\"https:\/\/www.merkley.senate.gov\/#website\"},\"datePublished\":\"2016-06-06T19:08:00+00:00\",\"dateModified\":\"2023-07-24T15:09:31+00:00\",\"author\":{\"@id\":\"\"},\"breadcrumb\":{\"@id\":\"https:\/\/www.merkley.senate.gov\/oregon-leaders-call-for-oil-train-moratorium-in-the-columbia-river-gorge\/#breadcrumb\"},\"inLanguage\":\"es-MX\",\"potentialAction\":[{\"@type\":\"ReadAction\",\"target\":[\"https:\/\/www.merkley.senate.gov\/oregon-leaders-call-for-oil-train-moratorium-in-the-columbia-river-gorge\/\"]}]},{\"@type\":\"BreadcrumbList\",\"@id\":\"https:\/\/www.merkley.senate.gov\/oregon-leaders-call-for-oil-train-moratorium-in-the-columbia-river-gorge\/#breadcrumb\",\"itemListElement\":[{\"@type\":\"ListItem\",\"position\":1,\"name\":\"Home\",\"item\":\"https:\/\/www.merkley.senate.gov\/\"},{\"@type\":\"ListItem\",\"position\":2,\"name\":\"Oregon Leaders call for Oil Train Moratorium in the Columbia River Gorge\"}]},{\"@type\":\"WebSite\",\"@id\":\"https:\/\/www.merkley.senate.gov\/#website\",\"url\":\"https:\/\/www.merkley.senate.gov\/\",\"name\":\"Merkley\",\"description\":\"Merkley\",\"potentialAction\":[{\"@type\":\"SearchAction\",\"target\":{\"@type\":\"EntryPoint\",\"urlTemplate\":\"https:\/\/www.merkley.senate.gov\/?s={search_term_string}\"},\"query-input\":{\"@type\":\"PropertyValueSpecification\",\"valueRequired\":true,\"valueName\":\"search_term_string\"}}],\"inLanguage\":\"es-MX\"},{\"@type\":\"Person\",\"@id\":\"\",\"url\":\"https:\/\/www.merkley.senate.gov\/es\/author\/\"}]}<\/script>\n<!-- \/ Yoast SEO plugin. -->","yoast_head_json":{"title":"Oregon Leaders call for Oil Train Moratorium in the Columbia River Gorge - Merkley","robots":{"index":"index","follow":"follow","max-snippet":"max-snippet:-1","max-image-preview":"max-image-preview:large","max-video-preview":"max-video-preview:-1"},"canonical":"https:\/\/www.merkley.senate.gov\/es\/oregon-leaders-call-for-oil-train-moratorium-in-the-columbia-river-gorge\/","og_locale":"es_MX","og_type":"article","og_title":"Oregon Leaders call for Oil Train Moratorium in the Columbia River Gorge - Merkley","og_description":"WASHINGTON, D.C.&mdash;Oregon&rsquo;s Senators Jeff Merkley and Ron Wyden, Governor Kate Brown and Representatives Earl Blumenauer and Suzanne Bonamici&nbsp;released the following statement today calling for a temporary halt to oil train traffic in Columbia River Gorge in light of last Friday&rsquo;s derailment of a Union Pacific oil train in Mosier, OR:&nbsp; &ldquo;Oil train tankers are still [&hellip;]","og_url":"https:\/\/www.merkley.senate.gov\/es\/oregon-leaders-call-for-oil-train-moratorium-in-the-columbia-river-gorge\/","og_site_name":"Merkley","article_published_time":"2016-06-06T19:08:00+00:00","article_modified_time":"2023-07-24T15:09:31+00:00","twitter_card":"summary_large_image","twitter_misc":{"Written by":"","Est. reading time":"1 minute"},"schema":{"@context":"https:\/\/schema.org","@graph":[{"@type":"Article","@id":"https:\/\/www.merkley.senate.gov\/oregon-leaders-call-for-oil-train-moratorium-in-the-columbia-river-gorge\/#article","isPartOf":{"@id":"https:\/\/www.merkley.senate.gov\/oregon-leaders-call-for-oil-train-moratorium-in-the-columbia-river-gorge\/"},"author":{"name":"","@id":""},"headline":"Oregon Leaders call for Oil Train Moratorium in the Columbia River Gorge","datePublished":"2016-06-06T19:08:00+00:00","dateModified":"2023-07-24T15:09:31+00:00","mainEntityOfPage":{"@id":"https:\/\/www.merkley.senate.gov\/oregon-leaders-call-for-oil-train-moratorium-in-the-columbia-river-gorge\/"},"wordCount":274,"keywords":["Natural Resources and Rural Development","Protecting Consumers, Taxpayers, and the Economy"],"articleSection":["Press Releases"],"inLanguage":"es-MX"},{"@type":"WebPage","@id":"https:\/\/www.merkley.senate.gov\/oregon-leaders-call-for-oil-train-moratorium-in-the-columbia-river-gorge\/","url":"https:\/\/www.merkley.senate.gov\/oregon-leaders-call-for-oil-train-moratorium-in-the-columbia-river-gorge\/","name":"Oregon Leaders call for Oil Train Moratorium in the Columbia River Gorge - Merkley","isPartOf":{"@id":"https:\/\/www.merkley.senate.gov\/#website"},"datePublished":"2016-06-06T19:08:00+00:00","dateModified":"2023-07-24T15:09:31+00:00","author":{"@id":""},"breadcrumb":{"@id":"https:\/\/www.merkley.senate.gov\/oregon-leaders-call-for-oil-train-moratorium-in-the-columbia-river-gorge\/#breadcrumb"},"inLanguage":"es-MX","potentialAction":[{"@type":"ReadAction","target":["https:\/\/www.merkley.senate.gov\/oregon-leaders-call-for-oil-train-moratorium-in-the-columbia-river-gorge\/"]}]},{"@type":"BreadcrumbList","@id":"https:\/\/www.merkley.senate.gov\/oregon-leaders-call-for-oil-train-moratorium-in-the-columbia-river-gorge\/#breadcrumb","itemListElement":[{"@type":"ListItem","position":1,"name":"Home","item":"https:\/\/www.merkley.senate.gov\/"},{"@type":"ListItem","position":2,"name":"Oregon Leaders call for Oil Train Moratorium in the Columbia River Gorge"}]},{"@type":"WebSite","@id":"https:\/\/www.merkley.senate.gov\/#website","url":"https:\/\/www.merkley.senate.gov\/","name":"merkley","description":"merkley","potentialAction":[{"@type":"SearchAction","target":{"@type":"EntryPoint","urlTemplate":"https:\/\/www.merkley.senate.gov\/?s={search_term_string}"},"query-input":{"@type":"PropertyValueSpecification","valueRequired":true,"valueName":"search_term_string"}}],"inLanguage":"es-MX"},{"@type":"Person","@id":"","url":"https:\/\/www.merkley.senate.gov\/es\/author\/"}]}},"_links":{"self":[{"href":"https:\/\/www.merkley.senate.gov\/es\/wp-json\/wp\/v2\/posts\/5479","targetHints":{"allow":["GET"]}}],"collection":[{"href":"https:\/\/www.merkley.senate.gov\/es\/wp-json\/wp\/v2\/posts"}],"about":[{"href":"https:\/\/www.merkley.senate.gov\/es\/wp-json\/wp\/v2\/types\/post"}],"author":[{"embeddable":true,"href":"https:\/\/www.merkley.senate.gov\/es\/wp-json\/wp\/v2\/users\/2"}],"replies":[{"embeddable":true,"href":"https:\/\/www.merkley.senate.gov\/es\/wp-json\/wp\/v2\/comments?post=5479"}],"version-history":[{"count":1,"href":"https:\/\/www.merkley.senate.gov\/es\/wp-json\/wp\/v2\/posts\/5479\/revisions"}],"predecessor-version":[{"id":14855,"href":"https:\/\/www.merkley.senate.gov\/es\/wp-json\/wp\/v2\/posts\/5479\/revisions\/14855"}],"wp:attachment":[{"href":"https:\/\/www.merkley.senate.gov\/es\/wp-json\/wp\/v2\/media?parent=5479"}],"wp:term":[{"taxonomy":"category","embeddable":true,"href":"https:\/\/www.merkley.senate.gov\/es\/wp-json\/wp\/v2\/categories?post=5479"},{"taxonomy":"post_tag","embeddable":true,"href":"https:\/\/www.merkley.senate.gov\/es\/wp-json\/wp\/v2\/tags?post=5479"}],"curies":[{"name":"wp","href":"https:\/\/api.w.org\/{rel}","templated":true}]}}