{"id":5580,"date":"2016-04-06T14:17:00","date_gmt":"2016-04-06T18:17:00","guid":{"rendered":"https:\/\/www.merkley.senate.gov\/wyden-merkley-statement-on-klamath-agreements-announcement\/"},"modified":"2023-07-24T11:09:40","modified_gmt":"2023-07-24T15:09:40","slug":"wyden-merkley-statement-on-klamath-agreements-announcement","status":"publish","type":"post","link":"https:\/\/www.merkley.senate.gov\/es\/wyden-merkley-statement-on-klamath-agreements-announcement\/","title":{"rendered":"Declaraci\u00f3n de Wyden y Merkley sobre el anuncio de los acuerdos de Klamath"},"content":{"rendered":"<p class=\"p1\">Washington, DC \u2013 Los senadores estadounidenses de Oreg\u00f3n, Ron Wyden y Jeff Merkley, emitieron hoy la siguiente declaraci\u00f3n despu\u00e9s del anuncio de que los gobernadores de Oreg\u00f3n y California, junto con el Departamento del Interior, comenzar\u00e1n un proceso para eliminar las represas de la cuenca del r\u00edo Klamath en un paso adelante para abordar los problemas de agua que afectan a la regi\u00f3n.&nbsp;<\/p>\n<blockquote>\n<p class=\"p1\">\u201cEstos acuerdos son un gran paso adelante hacia la implementaci\u00f3n de los acuerdos de agua de la cuenca de Klamath. Un acuerdo traza el camino hacia un proyecto hist\u00f3rico para eliminar represas y restaurar un r\u00edo que es un \u00edcono de Oreg\u00f3n, y un segundo acuerdo ayuda a proteger el suministro de agua para agricultores y ganaderos y asegura que no tendr\u00e1n que pagar nuevos costos debido a remoci\u00f3n de represas\u201d, dijeron los senadores.<\/p>\n<p class=\"p1\">\u201cCiertamente hay m\u00e1s trabajo por hacer, para brindar certeza a largo plazo sobre el suministro de agua para la agricultura, para mantener flujos saludables en el r\u00edo y para restaurar la tierra arrebatada a las tribus Klamath, y el Congreso a\u00fan deber\u00e1 ayudar a traer todos estos problemas a la resoluci\u00f3n. Mientras tanto, los funcionarios tribales, los regantes, los l\u00edderes comunitarios, las oficinas de los gobernadores en Oreg\u00f3n y California y el Departamento del Interior, que han trabajado tan arduamente en estos temas dif\u00edciles, merecen nuestras felicitaciones y apoyo\u201d.<\/p>\n<\/blockquote>\n<p class=\"p1\">En una ceremonia de firma que incluy\u00f3 a la gobernadora de Oreg\u00f3n, Kate Brown, el gobernador de California, Edmund G. Brown Jr., la secretaria del Interior, Sally Jewell, junto con l\u00edderes tribales, agricultores y otras partes interesadas, los l\u00edderes de las agencias estatales y federales anunciaron que tambi\u00e9n acordaron tomar medidas para proteger las necesidades de los regantes en la represa Keno y la represa Link River, que no se encuentran entre las cuatro en la lista de represas que se eliminar\u00e1n.<\/p>\n<p class=\"p1\">Leer m\u00e1s sobre el anuncio <a href=\"http:\/\/us2.campaign-archive2.com\/?u=41b11f32beefba0380ee8ecb5&amp;id=798f3259e2\" target=\"_blank\" rel=\"noopener\"><span class=\"s1\">aqu\u00ed<\/span><\/a>.&nbsp;<\/p>","protected":false},"excerpt":{"rendered":"<p>Washington, D.C.&nbsp;&ndash; Oregon&rsquo;s U.S. Sens. Ron Wyden and Jeff Merkley, today released the following statement after the announcement that the governors of Oregon and California, along with the Department of the Interior, will begin a process to remove the Klamath River Basin dams in a step forward to address water issues affecting the region.&nbsp; &ldquo;These [&hellip;]<\/p>\n","protected":false},"author":2,"featured_media":0,"comment_status":"closed","ping_status":"closed","sticky":false,"template":"","format":"standard","meta":{"_acf_changed":false,"inline_featured_image":false,"footnotes":""},"categories":[24],"tags":[],"class_list":["post-5580","post","type-post","status-publish","format-standard","hentry","category-press-releases"],"acf":[],"yoast_head":"<!-- This site is optimized with the Yoast SEO plugin v27.2 - https:\/\/yoast.com\/product\/yoast-seo-wordpress\/ -->\n<title>Wyden, Merkley Statement on Klamath Agreements Announcement - Merkley<\/title>\n<meta name=\"robots\" content=\"index, follow, max-snippet:-1, max-image-preview:large, max-video-preview:-1\" \/>\n<link rel=\"canonical\" href=\"https:\/\/www.merkley.senate.gov\/es\/wyden-merkley-statement-on-klamath-agreements-announcement\/\" \/>\n<meta property=\"og:locale\" content=\"es_MX\" \/>\n<meta property=\"og:type\" content=\"article\" \/>\n<meta property=\"og:title\" content=\"Wyden, Merkley Statement on Klamath Agreements Announcement - Merkley\" \/>\n<meta property=\"og:description\" content=\"Washington, D.C.&nbsp;&ndash; Oregon&rsquo;s U.S. Sens. Ron Wyden and Jeff Merkley, today released the following statement after the announcement that the governors of Oregon and California, along with the Department of the Interior, will begin a process to remove the Klamath River Basin dams in a step forward to address water issues affecting the region.&nbsp; &ldquo;These [&hellip;]\" \/>\n<meta property=\"og:url\" content=\"https:\/\/www.merkley.senate.gov\/es\/wyden-merkley-statement-on-klamath-agreements-announcement\/\" \/>\n<meta property=\"og:site_name\" content=\"Merkley\" \/>\n<meta property=\"article:published_time\" content=\"2016-04-06T18:17:00+00:00\" \/>\n<meta property=\"article:modified_time\" content=\"2023-07-24T15:09:40+00:00\" \/>\n<meta name=\"twitter:card\" content=\"summary_large_image\" \/>\n<meta name=\"twitter:label1\" content=\"Written by\" \/>\n\t<meta name=\"twitter:data1\" content=\"\" \/>\n\t<meta name=\"twitter:label2\" content=\"Est. reading time\" \/>\n\t<meta name=\"twitter:data2\" content=\"1 minute\" \/>\n<script type=\"application\/ld+json\" class=\"yoast-schema-graph\">{\"@context\":\"https:\/\/schema.org\",\"@graph\":[{\"@type\":\"Article\",\"@id\":\"https:\/\/www.merkley.senate.gov\/wyden-merkley-statement-on-klamath-agreements-announcement\/#article\",\"isPartOf\":{\"@id\":\"https:\/\/www.merkley.senate.gov\/wyden-merkley-statement-on-klamath-agreements-announcement\/\"},\"author\":{\"name\":\"\",\"@id\":\"\"},\"headline\":\"Wyden, Merkley Statement on Klamath Agreements Announcement\",\"datePublished\":\"2016-04-06T18:17:00+00:00\",\"dateModified\":\"2023-07-24T15:09:40+00:00\",\"mainEntityOfPage\":{\"@id\":\"https:\/\/www.merkley.senate.gov\/wyden-merkley-statement-on-klamath-agreements-announcement\/\"},\"wordCount\":303,\"articleSection\":[\"Press Releases\"],\"inLanguage\":\"es-MX\"},{\"@type\":\"WebPage\",\"@id\":\"https:\/\/www.merkley.senate.gov\/wyden-merkley-statement-on-klamath-agreements-announcement\/\",\"url\":\"https:\/\/www.merkley.senate.gov\/wyden-merkley-statement-on-klamath-agreements-announcement\/\",\"name\":\"Wyden, Merkley Statement on Klamath Agreements Announcement - Merkley\",\"isPartOf\":{\"@id\":\"https:\/\/www.merkley.senate.gov\/#website\"},\"datePublished\":\"2016-04-06T18:17:00+00:00\",\"dateModified\":\"2023-07-24T15:09:40+00:00\",\"author\":{\"@id\":\"\"},\"breadcrumb\":{\"@id\":\"https:\/\/www.merkley.senate.gov\/wyden-merkley-statement-on-klamath-agreements-announcement\/#breadcrumb\"},\"inLanguage\":\"es-MX\",\"potentialAction\":[{\"@type\":\"ReadAction\",\"target\":[\"https:\/\/www.merkley.senate.gov\/wyden-merkley-statement-on-klamath-agreements-announcement\/\"]}]},{\"@type\":\"BreadcrumbList\",\"@id\":\"https:\/\/www.merkley.senate.gov\/wyden-merkley-statement-on-klamath-agreements-announcement\/#breadcrumb\",\"itemListElement\":[{\"@type\":\"ListItem\",\"position\":1,\"name\":\"Home\",\"item\":\"https:\/\/www.merkley.senate.gov\/\"},{\"@type\":\"ListItem\",\"position\":2,\"name\":\"Wyden, Merkley Statement on Klamath Agreements Announcement\"}]},{\"@type\":\"WebSite\",\"@id\":\"https:\/\/www.merkley.senate.gov\/#website\",\"url\":\"https:\/\/www.merkley.senate.gov\/\",\"name\":\"Merkley\",\"description\":\"Merkley\",\"potentialAction\":[{\"@type\":\"SearchAction\",\"target\":{\"@type\":\"EntryPoint\",\"urlTemplate\":\"https:\/\/www.merkley.senate.gov\/?s={search_term_string}\"},\"query-input\":{\"@type\":\"PropertyValueSpecification\",\"valueRequired\":true,\"valueName\":\"search_term_string\"}}],\"inLanguage\":\"es-MX\"},{\"@type\":\"Person\",\"@id\":\"\",\"url\":\"https:\/\/www.merkley.senate.gov\/es\/author\/\"}]}<\/script>\n<!-- \/ Yoast SEO plugin. -->","yoast_head_json":{"title":"Wyden, Merkley Statement on Klamath Agreements Announcement - Merkley","robots":{"index":"index","follow":"follow","max-snippet":"max-snippet:-1","max-image-preview":"max-image-preview:large","max-video-preview":"max-video-preview:-1"},"canonical":"https:\/\/www.merkley.senate.gov\/es\/wyden-merkley-statement-on-klamath-agreements-announcement\/","og_locale":"es_MX","og_type":"article","og_title":"Wyden, Merkley Statement on Klamath Agreements Announcement - Merkley","og_description":"Washington, D.C.&nbsp;&ndash; Oregon&rsquo;s U.S. Sens. Ron Wyden and Jeff Merkley, today released the following statement after the announcement that the governors of Oregon and California, along with the Department of the Interior, will begin a process to remove the Klamath River Basin dams in a step forward to address water issues affecting the region.&nbsp; &ldquo;These [&hellip;]","og_url":"https:\/\/www.merkley.senate.gov\/es\/wyden-merkley-statement-on-klamath-agreements-announcement\/","og_site_name":"Merkley","article_published_time":"2016-04-06T18:17:00+00:00","article_modified_time":"2023-07-24T15:09:40+00:00","twitter_card":"summary_large_image","twitter_misc":{"Written by":"","Est. reading time":"1 minute"},"schema":{"@context":"https:\/\/schema.org","@graph":[{"@type":"Article","@id":"https:\/\/www.merkley.senate.gov\/wyden-merkley-statement-on-klamath-agreements-announcement\/#article","isPartOf":{"@id":"https:\/\/www.merkley.senate.gov\/wyden-merkley-statement-on-klamath-agreements-announcement\/"},"author":{"name":"","@id":""},"headline":"Wyden, Merkley Statement on Klamath Agreements Announcement","datePublished":"2016-04-06T18:17:00+00:00","dateModified":"2023-07-24T15:09:40+00:00","mainEntityOfPage":{"@id":"https:\/\/www.merkley.senate.gov\/wyden-merkley-statement-on-klamath-agreements-announcement\/"},"wordCount":303,"articleSection":["Press Releases"],"inLanguage":"es-MX"},{"@type":"WebPage","@id":"https:\/\/www.merkley.senate.gov\/wyden-merkley-statement-on-klamath-agreements-announcement\/","url":"https:\/\/www.merkley.senate.gov\/wyden-merkley-statement-on-klamath-agreements-announcement\/","name":"Wyden, Merkley Statement on Klamath Agreements Announcement - Merkley","isPartOf":{"@id":"https:\/\/www.merkley.senate.gov\/#website"},"datePublished":"2016-04-06T18:17:00+00:00","dateModified":"2023-07-24T15:09:40+00:00","author":{"@id":""},"breadcrumb":{"@id":"https:\/\/www.merkley.senate.gov\/wyden-merkley-statement-on-klamath-agreements-announcement\/#breadcrumb"},"inLanguage":"es-MX","potentialAction":[{"@type":"ReadAction","target":["https:\/\/www.merkley.senate.gov\/wyden-merkley-statement-on-klamath-agreements-announcement\/"]}]},{"@type":"BreadcrumbList","@id":"https:\/\/www.merkley.senate.gov\/wyden-merkley-statement-on-klamath-agreements-announcement\/#breadcrumb","itemListElement":[{"@type":"ListItem","position":1,"name":"Home","item":"https:\/\/www.merkley.senate.gov\/"},{"@type":"ListItem","position":2,"name":"Wyden, Merkley Statement on Klamath Agreements Announcement"}]},{"@type":"WebSite","@id":"https:\/\/www.merkley.senate.gov\/#website","url":"https:\/\/www.merkley.senate.gov\/","name":"merkley","description":"merkley","potentialAction":[{"@type":"SearchAction","target":{"@type":"EntryPoint","urlTemplate":"https:\/\/www.merkley.senate.gov\/?s={search_term_string}"},"query-input":{"@type":"PropertyValueSpecification","valueRequired":true,"valueName":"search_term_string"}}],"inLanguage":"es-MX"},{"@type":"Person","@id":"","url":"https:\/\/www.merkley.senate.gov\/es\/author\/"}]}},"_links":{"self":[{"href":"https:\/\/www.merkley.senate.gov\/es\/wp-json\/wp\/v2\/posts\/5580","targetHints":{"allow":["GET"]}}],"collection":[{"href":"https:\/\/www.merkley.senate.gov\/es\/wp-json\/wp\/v2\/posts"}],"about":[{"href":"https:\/\/www.merkley.senate.gov\/es\/wp-json\/wp\/v2\/types\/post"}],"author":[{"embeddable":true,"href":"https:\/\/www.merkley.senate.gov\/es\/wp-json\/wp\/v2\/users\/2"}],"replies":[{"embeddable":true,"href":"https:\/\/www.merkley.senate.gov\/es\/wp-json\/wp\/v2\/comments?post=5580"}],"version-history":[{"count":1,"href":"https:\/\/www.merkley.senate.gov\/es\/wp-json\/wp\/v2\/posts\/5580\/revisions"}],"predecessor-version":[{"id":14956,"href":"https:\/\/www.merkley.senate.gov\/es\/wp-json\/wp\/v2\/posts\/5580\/revisions\/14956"}],"wp:attachment":[{"href":"https:\/\/www.merkley.senate.gov\/es\/wp-json\/wp\/v2\/media?parent=5580"}],"wp:term":[{"taxonomy":"category","embeddable":true,"href":"https:\/\/www.merkley.senate.gov\/es\/wp-json\/wp\/v2\/categories?post=5580"},{"taxonomy":"post_tag","embeddable":true,"href":"https:\/\/www.merkley.senate.gov\/es\/wp-json\/wp\/v2\/tags?post=5580"}],"curies":[{"name":"wp","href":"https:\/\/api.w.org\/{rel}","templated":true}]}}