{"id":5613,"date":"2016-03-16T13:04:00","date_gmt":"2016-03-16T17:04:00","guid":{"rendered":"https:\/\/www.merkley.senate.gov\/merkley-statement-on-senate-defeat-of-dark-act\/"},"modified":"2023-07-24T11:09:43","modified_gmt":"2023-07-24T15:09:43","slug":"merkley-statement-on-senate-defeat-of-dark-act","status":"publish","type":"post","link":"https:\/\/www.merkley.senate.gov\/es\/merkley-statement-on-senate-defeat-of-dark-act\/","title":{"rendered":"Declaraci\u00f3n de Merkley sobre la derrota del Senado de la &quot;Ley DARK&quot;"},"content":{"rendered":"<p class=\"p1\">WASHINGTON, DC \u2013 El Senador de Oreg\u00f3n, Jeff Merkley, emiti\u00f3 la siguiente declaraci\u00f3n despu\u00e9s de que el Senado de los EE. UU. rechazara una votaci\u00f3n de prueba sobre la legislaci\u00f3n de etiquetado de alimentos anti-OGM, com\u00fanmente conocida como la \u201cLey de Negar a los Estadounidenses el Derecho a Saber (DARK)\u201d:<\/p>\n<blockquote>\n<p class=\"p2\">\u201cHoy es una victoria para los consumidores estadounidenses. Los estadounidenses comunes se levantaron y lucharon contra los intereses especiales, y esta votaci\u00f3n es un testimonio de sus esfuerzos. Estoy listo para trabajar con mis colegas para encontrar un camino a seguir que proporcione un est\u00e1ndar nacional con una soluci\u00f3n amigable para el consumidor.<\/p>\n<p class=\"p2\">\u201cEn este pa\u00eds profundamente dividido, todav\u00eda hay una cosa en la que casi todos los estadounidenses, independientemente de su ideolog\u00eda pol\u00edtica, est\u00e1n de acuerdo. Casi nueve de cada diez estadounidenses apoyan el etiquetado de alimentos modificados gen\u00e9ticamente. Ser\u00eda una tragedia negar a los estadounidenses su derecho fundamental a saber qu\u00e9 contienen sus alimentos\u201d.<\/p>\n<\/blockquote>","protected":false},"excerpt":{"rendered":"<p>WASHINGTON, D.C. &ndash; Oregon&rsquo;s Senator Jeff Merkley released the following statement after the U.S. Senate voted down a test vote on anti-GMO food labeling legislation commonly known as the &ldquo;Denying Americans the Right to Know (DARK) Act:&rdquo; &ldquo;Today is a victory for American consumers. Ordinary Americans stood up and fought back against special interests, and [&hellip;]<\/p>\n","protected":false},"author":2,"featured_media":0,"comment_status":"closed","ping_status":"closed","sticky":false,"template":"","format":"standard","meta":{"_acf_changed":false,"inline_featured_image":false,"footnotes":""},"categories":[24],"tags":[42,47],"class_list":["post-5613","post","type-post","status-publish","format-standard","hentry","category-press-releases","tag-agriculture","tag-protecting-consumers-taxpayers-and-the-economy"],"acf":[],"yoast_head":"<!-- This site is optimized with the Yoast SEO plugin v27.2 - https:\/\/yoast.com\/product\/yoast-seo-wordpress\/ -->\n<title>Merkley Statement on Senate Defeat of \u201cDARK Act\u201d - Merkley<\/title>\n<meta name=\"robots\" content=\"index, follow, max-snippet:-1, max-image-preview:large, max-video-preview:-1\" \/>\n<link rel=\"canonical\" href=\"https:\/\/www.merkley.senate.gov\/es\/merkley-statement-on-senate-defeat-of-dark-act\/\" \/>\n<meta property=\"og:locale\" content=\"es_MX\" \/>\n<meta property=\"og:type\" content=\"article\" \/>\n<meta property=\"og:title\" content=\"Merkley Statement on Senate Defeat of \u201cDARK Act\u201d - Merkley\" \/>\n<meta property=\"og:description\" content=\"WASHINGTON, D.C. &ndash; Oregon&rsquo;s Senator Jeff Merkley released the following statement after the U.S. Senate voted down a test vote on anti-GMO food labeling legislation commonly known as the &ldquo;Denying Americans the Right to Know (DARK) Act:&rdquo; &ldquo;Today is a victory for American consumers. Ordinary Americans stood up and fought back against special interests, and [&hellip;]\" \/>\n<meta property=\"og:url\" content=\"https:\/\/www.merkley.senate.gov\/es\/merkley-statement-on-senate-defeat-of-dark-act\/\" \/>\n<meta property=\"og:site_name\" content=\"Merkley\" \/>\n<meta property=\"article:published_time\" content=\"2016-03-16T17:04:00+00:00\" \/>\n<meta property=\"article:modified_time\" content=\"2023-07-24T15:09:43+00:00\" \/>\n<meta name=\"twitter:card\" content=\"summary_large_image\" \/>\n<meta name=\"twitter:label1\" content=\"Written by\" \/>\n\t<meta name=\"twitter:data1\" content=\"\" \/>\n\t<meta name=\"twitter:label2\" content=\"Est. reading time\" \/>\n\t<meta name=\"twitter:data2\" content=\"1 minute\" \/>\n<script type=\"application\/ld+json\" class=\"yoast-schema-graph\">{\"@context\":\"https:\/\/schema.org\",\"@graph\":[{\"@type\":\"Article\",\"@id\":\"https:\/\/www.merkley.senate.gov\/merkley-statement-on-senate-defeat-of-dark-act\/#article\",\"isPartOf\":{\"@id\":\"https:\/\/www.merkley.senate.gov\/merkley-statement-on-senate-defeat-of-dark-act\/\"},\"author\":{\"name\":\"\",\"@id\":\"\"},\"headline\":\"Merkley Statement on Senate Defeat of \u201cDARK Act\u201d\",\"datePublished\":\"2016-03-16T17:04:00+00:00\",\"dateModified\":\"2023-07-24T15:09:43+00:00\",\"mainEntityOfPage\":{\"@id\":\"https:\/\/www.merkley.senate.gov\/merkley-statement-on-senate-defeat-of-dark-act\/\"},\"wordCount\":152,\"keywords\":[\"Agriculture\",\"Protecting Consumers, Taxpayers, and the Economy\"],\"articleSection\":[\"Press Releases\"],\"inLanguage\":\"es-MX\"},{\"@type\":\"WebPage\",\"@id\":\"https:\/\/www.merkley.senate.gov\/merkley-statement-on-senate-defeat-of-dark-act\/\",\"url\":\"https:\/\/www.merkley.senate.gov\/merkley-statement-on-senate-defeat-of-dark-act\/\",\"name\":\"Merkley Statement on Senate Defeat of \u201cDARK Act\u201d - Merkley\",\"isPartOf\":{\"@id\":\"https:\/\/www.merkley.senate.gov\/#website\"},\"datePublished\":\"2016-03-16T17:04:00+00:00\",\"dateModified\":\"2023-07-24T15:09:43+00:00\",\"author\":{\"@id\":\"\"},\"breadcrumb\":{\"@id\":\"https:\/\/www.merkley.senate.gov\/merkley-statement-on-senate-defeat-of-dark-act\/#breadcrumb\"},\"inLanguage\":\"es-MX\",\"potentialAction\":[{\"@type\":\"ReadAction\",\"target\":[\"https:\/\/www.merkley.senate.gov\/merkley-statement-on-senate-defeat-of-dark-act\/\"]}]},{\"@type\":\"BreadcrumbList\",\"@id\":\"https:\/\/www.merkley.senate.gov\/merkley-statement-on-senate-defeat-of-dark-act\/#breadcrumb\",\"itemListElement\":[{\"@type\":\"ListItem\",\"position\":1,\"name\":\"Home\",\"item\":\"https:\/\/www.merkley.senate.gov\/\"},{\"@type\":\"ListItem\",\"position\":2,\"name\":\"Merkley Statement on Senate Defeat of \u201cDARK Act\u201d\"}]},{\"@type\":\"WebSite\",\"@id\":\"https:\/\/www.merkley.senate.gov\/#website\",\"url\":\"https:\/\/www.merkley.senate.gov\/\",\"name\":\"Merkley\",\"description\":\"Merkley\",\"potentialAction\":[{\"@type\":\"SearchAction\",\"target\":{\"@type\":\"EntryPoint\",\"urlTemplate\":\"https:\/\/www.merkley.senate.gov\/?s={search_term_string}\"},\"query-input\":{\"@type\":\"PropertyValueSpecification\",\"valueRequired\":true,\"valueName\":\"search_term_string\"}}],\"inLanguage\":\"es-MX\"},{\"@type\":\"Person\",\"@id\":\"\",\"url\":\"https:\/\/www.merkley.senate.gov\/es\/author\/\"}]}<\/script>\n<!-- \/ Yoast SEO plugin. -->","yoast_head_json":{"title":"Merkley Statement on Senate Defeat of \u201cDARK Act\u201d - Merkley","robots":{"index":"index","follow":"follow","max-snippet":"max-snippet:-1","max-image-preview":"max-image-preview:large","max-video-preview":"max-video-preview:-1"},"canonical":"https:\/\/www.merkley.senate.gov\/es\/merkley-statement-on-senate-defeat-of-dark-act\/","og_locale":"es_MX","og_type":"article","og_title":"Merkley Statement on Senate Defeat of \u201cDARK Act\u201d - Merkley","og_description":"WASHINGTON, D.C. &ndash; Oregon&rsquo;s Senator Jeff Merkley released the following statement after the U.S. Senate voted down a test vote on anti-GMO food labeling legislation commonly known as the &ldquo;Denying Americans the Right to Know (DARK) Act:&rdquo; &ldquo;Today is a victory for American consumers. Ordinary Americans stood up and fought back against special interests, and [&hellip;]","og_url":"https:\/\/www.merkley.senate.gov\/es\/merkley-statement-on-senate-defeat-of-dark-act\/","og_site_name":"Merkley","article_published_time":"2016-03-16T17:04:00+00:00","article_modified_time":"2023-07-24T15:09:43+00:00","twitter_card":"summary_large_image","twitter_misc":{"Written by":"","Est. reading time":"1 minute"},"schema":{"@context":"https:\/\/schema.org","@graph":[{"@type":"Article","@id":"https:\/\/www.merkley.senate.gov\/merkley-statement-on-senate-defeat-of-dark-act\/#article","isPartOf":{"@id":"https:\/\/www.merkley.senate.gov\/merkley-statement-on-senate-defeat-of-dark-act\/"},"author":{"name":"","@id":""},"headline":"Merkley Statement on Senate Defeat of \u201cDARK Act\u201d","datePublished":"2016-03-16T17:04:00+00:00","dateModified":"2023-07-24T15:09:43+00:00","mainEntityOfPage":{"@id":"https:\/\/www.merkley.senate.gov\/merkley-statement-on-senate-defeat-of-dark-act\/"},"wordCount":152,"keywords":["Agriculture","Protecting Consumers, Taxpayers, and the Economy"],"articleSection":["Press Releases"],"inLanguage":"es-MX"},{"@type":"WebPage","@id":"https:\/\/www.merkley.senate.gov\/merkley-statement-on-senate-defeat-of-dark-act\/","url":"https:\/\/www.merkley.senate.gov\/merkley-statement-on-senate-defeat-of-dark-act\/","name":"Merkley Statement on Senate Defeat of \u201cDARK Act\u201d - Merkley","isPartOf":{"@id":"https:\/\/www.merkley.senate.gov\/#website"},"datePublished":"2016-03-16T17:04:00+00:00","dateModified":"2023-07-24T15:09:43+00:00","author":{"@id":""},"breadcrumb":{"@id":"https:\/\/www.merkley.senate.gov\/merkley-statement-on-senate-defeat-of-dark-act\/#breadcrumb"},"inLanguage":"es-MX","potentialAction":[{"@type":"ReadAction","target":["https:\/\/www.merkley.senate.gov\/merkley-statement-on-senate-defeat-of-dark-act\/"]}]},{"@type":"BreadcrumbList","@id":"https:\/\/www.merkley.senate.gov\/merkley-statement-on-senate-defeat-of-dark-act\/#breadcrumb","itemListElement":[{"@type":"ListItem","position":1,"name":"Home","item":"https:\/\/www.merkley.senate.gov\/"},{"@type":"ListItem","position":2,"name":"Merkley Statement on Senate Defeat of \u201cDARK Act\u201d"}]},{"@type":"WebSite","@id":"https:\/\/www.merkley.senate.gov\/#website","url":"https:\/\/www.merkley.senate.gov\/","name":"merkley","description":"merkley","potentialAction":[{"@type":"SearchAction","target":{"@type":"EntryPoint","urlTemplate":"https:\/\/www.merkley.senate.gov\/?s={search_term_string}"},"query-input":{"@type":"PropertyValueSpecification","valueRequired":true,"valueName":"search_term_string"}}],"inLanguage":"es-MX"},{"@type":"Person","@id":"","url":"https:\/\/www.merkley.senate.gov\/es\/author\/"}]}},"_links":{"self":[{"href":"https:\/\/www.merkley.senate.gov\/es\/wp-json\/wp\/v2\/posts\/5613","targetHints":{"allow":["GET"]}}],"collection":[{"href":"https:\/\/www.merkley.senate.gov\/es\/wp-json\/wp\/v2\/posts"}],"about":[{"href":"https:\/\/www.merkley.senate.gov\/es\/wp-json\/wp\/v2\/types\/post"}],"author":[{"embeddable":true,"href":"https:\/\/www.merkley.senate.gov\/es\/wp-json\/wp\/v2\/users\/2"}],"replies":[{"embeddable":true,"href":"https:\/\/www.merkley.senate.gov\/es\/wp-json\/wp\/v2\/comments?post=5613"}],"version-history":[{"count":1,"href":"https:\/\/www.merkley.senate.gov\/es\/wp-json\/wp\/v2\/posts\/5613\/revisions"}],"predecessor-version":[{"id":14989,"href":"https:\/\/www.merkley.senate.gov\/es\/wp-json\/wp\/v2\/posts\/5613\/revisions\/14989"}],"wp:attachment":[{"href":"https:\/\/www.merkley.senate.gov\/es\/wp-json\/wp\/v2\/media?parent=5613"}],"wp:term":[{"taxonomy":"category","embeddable":true,"href":"https:\/\/www.merkley.senate.gov\/es\/wp-json\/wp\/v2\/categories?post=5613"},{"taxonomy":"post_tag","embeddable":true,"href":"https:\/\/www.merkley.senate.gov\/es\/wp-json\/wp\/v2\/tags?post=5613"}],"curies":[{"name":"wp","href":"https:\/\/api.w.org\/{rel}","templated":true}]}}