{"id":6067,"date":"2014-05-27T17:21:00","date_gmt":"2014-05-27T21:21:00","guid":{"rendered":"https:\/\/www.merkley.senate.gov\/merkley-calls-for-congressional-vote-on-afghanistan-troop-proposal\/"},"modified":"2023-07-24T11:10:21","modified_gmt":"2023-07-24T15:10:21","slug":"merkley-calls-for-congressional-vote-on-afghanistan-troop-proposal","status":"publish","type":"post","link":"https:\/\/www.merkley.senate.gov\/es\/merkley-calls-for-congressional-vote-on-afghanistan-troop-proposal\/","title":{"rendered":"Merkley pide votaci\u00f3n en el Congreso sobre propuesta de tropas en Afganist\u00e1n"},"content":{"rendered":"<p>WASHINGTON \u2013 El senador de Oreg\u00f3n, Jeff Merkley, emiti\u00f3 la siguiente declaraci\u00f3n despu\u00e9s de que el presidente Obama anunciara un plan para mantener casi 10.000 soldados estadounidenses en Afganist\u00e1n despu\u00e9s de 2014:<\/p>\n<blockquote>\n<p>\u201cDespu\u00e9s de m\u00e1s de una docena de a\u00f1os en Afganist\u00e1n, creo que es hora de poner fin a la guerra m\u00e1s larga en la historia de Estados Unidos y traer a nuestros hijos e hijas a casa. Si la administraci\u00f3n quiere mantener tropas en Afganist\u00e1n m\u00e1s all\u00e1 de este a\u00f1o, el Congreso deber\u00eda votar. El pueblo estadounidense merece una voz en cuestiones de guerra y paz. La renovaci\u00f3n autom\u00e1tica est\u00e1 bien para Netflix y las membres\u00edas de gimnasios, pero no es el enfoque correcto cuando se trata de guerra\u201d.<\/p>\n<\/blockquote>\n<p>Merkley ha sido una voz destacada en el Congreso para poner fin a la guerra en Afganist\u00e1n y utilizar esos recursos para reinvertir en empleos, educaci\u00f3n y reducci\u00f3n del d\u00e9ficit en Estados Unidos. El senador Merkley es el patrocinador principal de una resoluci\u00f3n bipartidista del Congreso que requerir\u00eda que el presidente solicite autorizaci\u00f3n del Congreso para extender la presencia de tropas estadounidenses en Afganist\u00e1n m\u00e1s all\u00e1 del 31 de diciembre de 2014. Los otros copatrocinadores originales son los senadores Joe Manchin (D-WV), Mike Lee. (R-UT) y Rand Paul (R-KY).<\/p>\n<p align=\"center\">###<\/p>","protected":false},"excerpt":{"rendered":"<p>WASHINGTON &ndash; Oregon&rsquo;s Senator Jeff Merkley released the following statement after President Obama announced a plan to keep nearly 10,000 American troops in Afghanistan after 2014: &ldquo;After more than a dozen years in Afghanistan, I believe it is time to end the longest war in American history and bring our sons and daughters home. If [&hellip;]<\/p>\n","protected":false},"author":2,"featured_media":0,"comment_status":"closed","ping_status":"closed","sticky":false,"template":"","format":"standard","meta":{"_acf_changed":false,"inline_featured_image":false,"footnotes":""},"categories":[24],"tags":[43,38],"class_list":["post-6067","post","type-post","status-publish","format-standard","hentry","category-press-releases","tag-bipartisan-actions","tag-foreign-policy-and-national-security"],"acf":[],"yoast_head":"<!-- This site is optimized with the Yoast SEO plugin v27.2 - https:\/\/yoast.com\/product\/yoast-seo-wordpress\/ -->\n<title>Merkley Calls for Congressional Vote on Afghanistan Troop Proposal - Merkley<\/title>\n<meta name=\"robots\" content=\"index, follow, max-snippet:-1, max-image-preview:large, max-video-preview:-1\" \/>\n<link rel=\"canonical\" href=\"https:\/\/www.merkley.senate.gov\/es\/merkley-calls-for-congressional-vote-on-afghanistan-troop-proposal\/\" \/>\n<meta property=\"og:locale\" content=\"es_MX\" \/>\n<meta property=\"og:type\" content=\"article\" \/>\n<meta property=\"og:title\" content=\"Merkley Calls for Congressional Vote on Afghanistan Troop Proposal - Merkley\" \/>\n<meta property=\"og:description\" content=\"WASHINGTON &ndash; Oregon&rsquo;s Senator Jeff Merkley released the following statement after President Obama announced a plan to keep nearly 10,000 American troops in Afghanistan after 2014: &ldquo;After more than a dozen years in Afghanistan, I believe it is time to end the longest war in American history and bring our sons and daughters home. If [&hellip;]\" \/>\n<meta property=\"og:url\" content=\"https:\/\/www.merkley.senate.gov\/es\/merkley-calls-for-congressional-vote-on-afghanistan-troop-proposal\/\" \/>\n<meta property=\"og:site_name\" content=\"Merkley\" \/>\n<meta property=\"article:published_time\" content=\"2014-05-27T21:21:00+00:00\" \/>\n<meta property=\"article:modified_time\" content=\"2023-07-24T15:10:21+00:00\" \/>\n<meta name=\"twitter:card\" content=\"summary_large_image\" \/>\n<meta name=\"twitter:label1\" content=\"Written by\" \/>\n\t<meta name=\"twitter:data1\" content=\"\" \/>\n\t<meta name=\"twitter:label2\" content=\"Est. reading time\" \/>\n\t<meta name=\"twitter:data2\" content=\"1 minute\" \/>\n<script type=\"application\/ld+json\" class=\"yoast-schema-graph\">{\"@context\":\"https:\/\/schema.org\",\"@graph\":[{\"@type\":\"Article\",\"@id\":\"https:\/\/www.merkley.senate.gov\/merkley-calls-for-congressional-vote-on-afghanistan-troop-proposal\/#article\",\"isPartOf\":{\"@id\":\"https:\/\/www.merkley.senate.gov\/merkley-calls-for-congressional-vote-on-afghanistan-troop-proposal\/\"},\"author\":{\"name\":\"\",\"@id\":\"\"},\"headline\":\"Merkley Calls for Congressional Vote on Afghanistan Troop Proposal\",\"datePublished\":\"2014-05-27T21:21:00+00:00\",\"dateModified\":\"2023-07-24T15:10:21+00:00\",\"mainEntityOfPage\":{\"@id\":\"https:\/\/www.merkley.senate.gov\/merkley-calls-for-congressional-vote-on-afghanistan-troop-proposal\/\"},\"wordCount\":187,\"keywords\":[\"Bipartisan Actions\",\"Foreign Policy and National Security\"],\"articleSection\":[\"Press Releases\"],\"inLanguage\":\"es-MX\"},{\"@type\":\"WebPage\",\"@id\":\"https:\/\/www.merkley.senate.gov\/merkley-calls-for-congressional-vote-on-afghanistan-troop-proposal\/\",\"url\":\"https:\/\/www.merkley.senate.gov\/merkley-calls-for-congressional-vote-on-afghanistan-troop-proposal\/\",\"name\":\"Merkley Calls for Congressional Vote on Afghanistan Troop Proposal - Merkley\",\"isPartOf\":{\"@id\":\"https:\/\/www.merkley.senate.gov\/#website\"},\"datePublished\":\"2014-05-27T21:21:00+00:00\",\"dateModified\":\"2023-07-24T15:10:21+00:00\",\"author\":{\"@id\":\"\"},\"breadcrumb\":{\"@id\":\"https:\/\/www.merkley.senate.gov\/merkley-calls-for-congressional-vote-on-afghanistan-troop-proposal\/#breadcrumb\"},\"inLanguage\":\"es-MX\",\"potentialAction\":[{\"@type\":\"ReadAction\",\"target\":[\"https:\/\/www.merkley.senate.gov\/merkley-calls-for-congressional-vote-on-afghanistan-troop-proposal\/\"]}]},{\"@type\":\"BreadcrumbList\",\"@id\":\"https:\/\/www.merkley.senate.gov\/merkley-calls-for-congressional-vote-on-afghanistan-troop-proposal\/#breadcrumb\",\"itemListElement\":[{\"@type\":\"ListItem\",\"position\":1,\"name\":\"Home\",\"item\":\"https:\/\/www.merkley.senate.gov\/\"},{\"@type\":\"ListItem\",\"position\":2,\"name\":\"Merkley Calls for Congressional Vote on Afghanistan Troop Proposal\"}]},{\"@type\":\"WebSite\",\"@id\":\"https:\/\/www.merkley.senate.gov\/#website\",\"url\":\"https:\/\/www.merkley.senate.gov\/\",\"name\":\"Merkley\",\"description\":\"Merkley\",\"potentialAction\":[{\"@type\":\"SearchAction\",\"target\":{\"@type\":\"EntryPoint\",\"urlTemplate\":\"https:\/\/www.merkley.senate.gov\/?s={search_term_string}\"},\"query-input\":{\"@type\":\"PropertyValueSpecification\",\"valueRequired\":true,\"valueName\":\"search_term_string\"}}],\"inLanguage\":\"es-MX\"},{\"@type\":\"Person\",\"@id\":\"\",\"url\":\"https:\/\/www.merkley.senate.gov\/es\/author\/\"}]}<\/script>\n<!-- \/ Yoast SEO plugin. -->","yoast_head_json":{"title":"Merkley Calls for Congressional Vote on Afghanistan Troop Proposal - Merkley","robots":{"index":"index","follow":"follow","max-snippet":"max-snippet:-1","max-image-preview":"max-image-preview:large","max-video-preview":"max-video-preview:-1"},"canonical":"https:\/\/www.merkley.senate.gov\/es\/merkley-calls-for-congressional-vote-on-afghanistan-troop-proposal\/","og_locale":"es_MX","og_type":"article","og_title":"Merkley Calls for Congressional Vote on Afghanistan Troop Proposal - Merkley","og_description":"WASHINGTON &ndash; Oregon&rsquo;s Senator Jeff Merkley released the following statement after President Obama announced a plan to keep nearly 10,000 American troops in Afghanistan after 2014: &ldquo;After more than a dozen years in Afghanistan, I believe it is time to end the longest war in American history and bring our sons and daughters home. If [&hellip;]","og_url":"https:\/\/www.merkley.senate.gov\/es\/merkley-calls-for-congressional-vote-on-afghanistan-troop-proposal\/","og_site_name":"Merkley","article_published_time":"2014-05-27T21:21:00+00:00","article_modified_time":"2023-07-24T15:10:21+00:00","twitter_card":"summary_large_image","twitter_misc":{"Written by":"","Est. reading time":"1 minute"},"schema":{"@context":"https:\/\/schema.org","@graph":[{"@type":"Article","@id":"https:\/\/www.merkley.senate.gov\/merkley-calls-for-congressional-vote-on-afghanistan-troop-proposal\/#article","isPartOf":{"@id":"https:\/\/www.merkley.senate.gov\/merkley-calls-for-congressional-vote-on-afghanistan-troop-proposal\/"},"author":{"name":"","@id":""},"headline":"Merkley Calls for Congressional Vote on Afghanistan Troop Proposal","datePublished":"2014-05-27T21:21:00+00:00","dateModified":"2023-07-24T15:10:21+00:00","mainEntityOfPage":{"@id":"https:\/\/www.merkley.senate.gov\/merkley-calls-for-congressional-vote-on-afghanistan-troop-proposal\/"},"wordCount":187,"keywords":["Bipartisan Actions","Foreign Policy and National Security"],"articleSection":["Press Releases"],"inLanguage":"es-MX"},{"@type":"WebPage","@id":"https:\/\/www.merkley.senate.gov\/merkley-calls-for-congressional-vote-on-afghanistan-troop-proposal\/","url":"https:\/\/www.merkley.senate.gov\/merkley-calls-for-congressional-vote-on-afghanistan-troop-proposal\/","name":"Merkley Calls for Congressional Vote on Afghanistan Troop Proposal - Merkley","isPartOf":{"@id":"https:\/\/www.merkley.senate.gov\/#website"},"datePublished":"2014-05-27T21:21:00+00:00","dateModified":"2023-07-24T15:10:21+00:00","author":{"@id":""},"breadcrumb":{"@id":"https:\/\/www.merkley.senate.gov\/merkley-calls-for-congressional-vote-on-afghanistan-troop-proposal\/#breadcrumb"},"inLanguage":"es-MX","potentialAction":[{"@type":"ReadAction","target":["https:\/\/www.merkley.senate.gov\/merkley-calls-for-congressional-vote-on-afghanistan-troop-proposal\/"]}]},{"@type":"BreadcrumbList","@id":"https:\/\/www.merkley.senate.gov\/merkley-calls-for-congressional-vote-on-afghanistan-troop-proposal\/#breadcrumb","itemListElement":[{"@type":"ListItem","position":1,"name":"Home","item":"https:\/\/www.merkley.senate.gov\/"},{"@type":"ListItem","position":2,"name":"Merkley Calls for Congressional Vote on Afghanistan Troop Proposal"}]},{"@type":"WebSite","@id":"https:\/\/www.merkley.senate.gov\/#website","url":"https:\/\/www.merkley.senate.gov\/","name":"merkley","description":"merkley","potentialAction":[{"@type":"SearchAction","target":{"@type":"EntryPoint","urlTemplate":"https:\/\/www.merkley.senate.gov\/?s={search_term_string}"},"query-input":{"@type":"PropertyValueSpecification","valueRequired":true,"valueName":"search_term_string"}}],"inLanguage":"es-MX"},{"@type":"Person","@id":"","url":"https:\/\/www.merkley.senate.gov\/es\/author\/"}]}},"_links":{"self":[{"href":"https:\/\/www.merkley.senate.gov\/es\/wp-json\/wp\/v2\/posts\/6067","targetHints":{"allow":["GET"]}}],"collection":[{"href":"https:\/\/www.merkley.senate.gov\/es\/wp-json\/wp\/v2\/posts"}],"about":[{"href":"https:\/\/www.merkley.senate.gov\/es\/wp-json\/wp\/v2\/types\/post"}],"author":[{"embeddable":true,"href":"https:\/\/www.merkley.senate.gov\/es\/wp-json\/wp\/v2\/users\/2"}],"replies":[{"embeddable":true,"href":"https:\/\/www.merkley.senate.gov\/es\/wp-json\/wp\/v2\/comments?post=6067"}],"version-history":[{"count":1,"href":"https:\/\/www.merkley.senate.gov\/es\/wp-json\/wp\/v2\/posts\/6067\/revisions"}],"predecessor-version":[{"id":15443,"href":"https:\/\/www.merkley.senate.gov\/es\/wp-json\/wp\/v2\/posts\/6067\/revisions\/15443"}],"wp:attachment":[{"href":"https:\/\/www.merkley.senate.gov\/es\/wp-json\/wp\/v2\/media?parent=6067"}],"wp:term":[{"taxonomy":"category","embeddable":true,"href":"https:\/\/www.merkley.senate.gov\/es\/wp-json\/wp\/v2\/categories?post=6067"},{"taxonomy":"post_tag","embeddable":true,"href":"https:\/\/www.merkley.senate.gov\/es\/wp-json\/wp\/v2\/tags?post=6067"}],"curies":[{"name":"wp","href":"https:\/\/api.w.org\/{rel}","templated":true}]}}