{"id":6107,"date":"2014-03-06T13:11:00","date_gmt":"2014-03-06T18:11:00","guid":{"rendered":"https:\/\/www.merkley.senate.gov\/merkley-cosponsors-bill-to-protect-medicare-for-seniors\/"},"modified":"2023-07-24T11:10:25","modified_gmt":"2023-07-24T15:10:25","slug":"merkley-cosponsors-bill-to-protect-medicare-for-seniors","status":"publish","type":"post","link":"https:\/\/www.merkley.senate.gov\/es\/merkley-cosponsors-bill-to-protect-medicare-for-seniors\/","title":{"rendered":"Merkley copatrocina proyecto de ley para proteger Medicare para personas mayores"},"content":{"rendered":"<p>WASHINGTON DC \u2013 Hoy, el Senador de Oreg\u00f3n Jeff Merkley copatrocin\u00f3 la Ley de Protecci\u00f3n de Medicare, una legislaci\u00f3n que expresa una fuerte oposici\u00f3n a los cambios en Medicare que reducir\u00edan o eliminar\u00edan los beneficios garantizados o aumentar\u00edan la edad de elegibilidad para las personas mayores trabajadoras. Hoy, m\u00e1s de 46 millones de estadounidenses dependen de Medicare.&nbsp;<\/p>\n<blockquote>\n<p>\u201cElevar la edad de elegibilidad para Medicare ser\u00eda absolutamente desastroso. En mis ayuntamientos, escucho a muchos habitantes de Oreg\u00f3n que tienen poco m\u00e1s de 60 a\u00f1os y rezan para llegar a los 65 para recibir sus beneficios de Medicare. En todo caso, deber\u00edamos reducir la edad de elegibilidad. Medicare es un salvavidas importante para nuestros adultos mayores y debe protegerse de los ataques hostiles para privatizarlo o debilitarlo\u201d.&nbsp;<\/p>\n<\/blockquote>\n<p>La Ley de Protecci\u00f3n de Medicare enmendar\u00eda la Ley de Presupuesto del Congreso para definir cualquier disposici\u00f3n incluida en la legislaci\u00f3n de conciliaci\u00f3n que haga cambios a Medicare para reducir o eliminar los beneficios garantizados o restringir los criterios de elegibilidad como un uso extra\u00f1o e inapropiado del proceso de conciliaci\u00f3n. El proyecto de ley tambi\u00e9n expresar\u00eda la opini\u00f3n del Senado de que 1) la edad de elegibilidad para Medicare no debe aumentarse y 2) el programa Medicare no debe privatizarse ni convertirse en un sistema de vales.<\/p>\n<p align=\"center\">###<\/p>","protected":false},"excerpt":{"rendered":"<p>WASHINGTON D.C. &ndash; Today Oregon&rsquo;s Senator Jeff Merkley cosponsored the Medicare Protection Act, legislation that expresses strong opposition to changes in Medicare that would reduce or eliminate guaranteed benefits or raise the eligibility age for hard-working seniors. Today, more than 46 million Americans rely on Medicare.&nbsp; &ldquo;Raising the Medicare eligibility age would be absolutely disastrous. [&hellip;]<\/p>\n","protected":false},"author":2,"featured_media":0,"comment_status":"closed","ping_status":"closed","sticky":false,"template":"","format":"standard","meta":{"_acf_changed":false,"inline_featured_image":false,"footnotes":""},"categories":[24],"tags":[57],"class_list":["post-6107","post","type-post","status-publish","format-standard","hentry","category-press-releases","tag-seniors"],"acf":[],"yoast_head":"<!-- This site is optimized with the Yoast SEO plugin v27.2 - https:\/\/yoast.com\/product\/yoast-seo-wordpress\/ -->\n<title>Merkley Cosponsors Bill to Protect Medicare for Seniors - Merkley<\/title>\n<meta name=\"robots\" content=\"index, follow, max-snippet:-1, max-image-preview:large, max-video-preview:-1\" \/>\n<link rel=\"canonical\" href=\"https:\/\/www.merkley.senate.gov\/es\/merkley-cosponsors-bill-to-protect-medicare-for-seniors\/\" \/>\n<meta property=\"og:locale\" content=\"es_MX\" \/>\n<meta property=\"og:type\" content=\"article\" \/>\n<meta property=\"og:title\" content=\"Merkley Cosponsors Bill to Protect Medicare for Seniors - Merkley\" \/>\n<meta property=\"og:description\" content=\"WASHINGTON D.C. &ndash; Today Oregon&rsquo;s Senator Jeff Merkley cosponsored the Medicare Protection Act, legislation that expresses strong opposition to changes in Medicare that would reduce or eliminate guaranteed benefits or raise the eligibility age for hard-working seniors. Today, more than 46 million Americans rely on Medicare.&nbsp; &ldquo;Raising the Medicare eligibility age would be absolutely disastrous. [&hellip;]\" \/>\n<meta property=\"og:url\" content=\"https:\/\/www.merkley.senate.gov\/es\/merkley-cosponsors-bill-to-protect-medicare-for-seniors\/\" \/>\n<meta property=\"og:site_name\" content=\"Merkley\" \/>\n<meta property=\"article:published_time\" content=\"2014-03-06T18:11:00+00:00\" \/>\n<meta property=\"article:modified_time\" content=\"2023-07-24T15:10:25+00:00\" \/>\n<meta name=\"twitter:card\" content=\"summary_large_image\" \/>\n<meta name=\"twitter:label1\" content=\"Written by\" \/>\n\t<meta name=\"twitter:data1\" content=\"\" \/>\n\t<meta name=\"twitter:label2\" content=\"Est. reading time\" \/>\n\t<meta name=\"twitter:data2\" content=\"1 minute\" \/>\n<script type=\"application\/ld+json\" class=\"yoast-schema-graph\">{\"@context\":\"https:\/\/schema.org\",\"@graph\":[{\"@type\":\"Article\",\"@id\":\"https:\/\/www.merkley.senate.gov\/es\/merkley-cosponsors-bill-to-protect-medicare-for-seniors\/#article\",\"isPartOf\":{\"@id\":\"https:\/\/www.merkley.senate.gov\/es\/merkley-cosponsors-bill-to-protect-medicare-for-seniors\/\"},\"author\":{\"name\":\"\",\"@id\":\"\"},\"headline\":\"Merkley Cosponsors Bill to Protect Medicare for Seniors\",\"datePublished\":\"2014-03-06T18:11:00+00:00\",\"dateModified\":\"2023-07-24T15:10:25+00:00\",\"mainEntityOfPage\":{\"@id\":\"https:\/\/www.merkley.senate.gov\/es\/merkley-cosponsors-bill-to-protect-medicare-for-seniors\/\"},\"wordCount\":204,\"keywords\":[\"Seniors\"],\"articleSection\":[\"Press Releases\"],\"inLanguage\":\"es-MX\"},{\"@type\":\"WebPage\",\"@id\":\"https:\/\/www.merkley.senate.gov\/es\/merkley-cosponsors-bill-to-protect-medicare-for-seniors\/\",\"url\":\"https:\/\/www.merkley.senate.gov\/es\/merkley-cosponsors-bill-to-protect-medicare-for-seniors\/\",\"name\":\"Merkley Cosponsors Bill to Protect Medicare for Seniors - Merkley\",\"isPartOf\":{\"@id\":\"https:\/\/www.merkley.senate.gov\/#website\"},\"datePublished\":\"2014-03-06T18:11:00+00:00\",\"dateModified\":\"2023-07-24T15:10:25+00:00\",\"author\":{\"@id\":\"\"},\"breadcrumb\":{\"@id\":\"https:\/\/www.merkley.senate.gov\/es\/merkley-cosponsors-bill-to-protect-medicare-for-seniors\/#breadcrumb\"},\"inLanguage\":\"es-MX\",\"potentialAction\":[{\"@type\":\"ReadAction\",\"target\":[\"https:\/\/www.merkley.senate.gov\/es\/merkley-cosponsors-bill-to-protect-medicare-for-seniors\/\"]}]},{\"@type\":\"BreadcrumbList\",\"@id\":\"https:\/\/www.merkley.senate.gov\/es\/merkley-cosponsors-bill-to-protect-medicare-for-seniors\/#breadcrumb\",\"itemListElement\":[{\"@type\":\"ListItem\",\"position\":1,\"name\":\"Home\",\"item\":\"https:\/\/www.merkley.senate.gov\/\"},{\"@type\":\"ListItem\",\"position\":2,\"name\":\"Merkley Cosponsors Bill to Protect Medicare for Seniors\"}]},{\"@type\":\"WebSite\",\"@id\":\"https:\/\/www.merkley.senate.gov\/#website\",\"url\":\"https:\/\/www.merkley.senate.gov\/\",\"name\":\"Merkley\",\"description\":\"Merkley\",\"potentialAction\":[{\"@type\":\"SearchAction\",\"target\":{\"@type\":\"EntryPoint\",\"urlTemplate\":\"https:\/\/www.merkley.senate.gov\/?s={search_term_string}\"},\"query-input\":{\"@type\":\"PropertyValueSpecification\",\"valueRequired\":true,\"valueName\":\"search_term_string\"}}],\"inLanguage\":\"es-MX\"},{\"@type\":\"Person\",\"@id\":\"\",\"url\":\"https:\/\/www.merkley.senate.gov\/es\/author\/\"}]}<\/script>\n<!-- \/ Yoast SEO plugin. -->","yoast_head_json":{"title":"Merkley Cosponsors Bill to Protect Medicare for Seniors - Merkley","robots":{"index":"index","follow":"follow","max-snippet":"max-snippet:-1","max-image-preview":"max-image-preview:large","max-video-preview":"max-video-preview:-1"},"canonical":"https:\/\/www.merkley.senate.gov\/es\/merkley-cosponsors-bill-to-protect-medicare-for-seniors\/","og_locale":"es_MX","og_type":"article","og_title":"Merkley Cosponsors Bill to Protect Medicare for Seniors - Merkley","og_description":"WASHINGTON D.C. &ndash; Today Oregon&rsquo;s Senator Jeff Merkley cosponsored the Medicare Protection Act, legislation that expresses strong opposition to changes in Medicare that would reduce or eliminate guaranteed benefits or raise the eligibility age for hard-working seniors. Today, more than 46 million Americans rely on Medicare.&nbsp; &ldquo;Raising the Medicare eligibility age would be absolutely disastrous. [&hellip;]","og_url":"https:\/\/www.merkley.senate.gov\/es\/merkley-cosponsors-bill-to-protect-medicare-for-seniors\/","og_site_name":"Merkley","article_published_time":"2014-03-06T18:11:00+00:00","article_modified_time":"2023-07-24T15:10:25+00:00","twitter_card":"summary_large_image","twitter_misc":{"Written by":"","Est. reading time":"1 minute"},"schema":{"@context":"https:\/\/schema.org","@graph":[{"@type":"Article","@id":"https:\/\/www.merkley.senate.gov\/es\/merkley-cosponsors-bill-to-protect-medicare-for-seniors\/#article","isPartOf":{"@id":"https:\/\/www.merkley.senate.gov\/es\/merkley-cosponsors-bill-to-protect-medicare-for-seniors\/"},"author":{"name":"","@id":""},"headline":"Merkley Cosponsors Bill to Protect Medicare for Seniors","datePublished":"2014-03-06T18:11:00+00:00","dateModified":"2023-07-24T15:10:25+00:00","mainEntityOfPage":{"@id":"https:\/\/www.merkley.senate.gov\/es\/merkley-cosponsors-bill-to-protect-medicare-for-seniors\/"},"wordCount":204,"keywords":["Seniors"],"articleSection":["Press Releases"],"inLanguage":"es-MX"},{"@type":"WebPage","@id":"https:\/\/www.merkley.senate.gov\/es\/merkley-cosponsors-bill-to-protect-medicare-for-seniors\/","url":"https:\/\/www.merkley.senate.gov\/es\/merkley-cosponsors-bill-to-protect-medicare-for-seniors\/","name":"Merkley Cosponsors Bill to Protect Medicare for Seniors - Merkley","isPartOf":{"@id":"https:\/\/www.merkley.senate.gov\/#website"},"datePublished":"2014-03-06T18:11:00+00:00","dateModified":"2023-07-24T15:10:25+00:00","author":{"@id":""},"breadcrumb":{"@id":"https:\/\/www.merkley.senate.gov\/es\/merkley-cosponsors-bill-to-protect-medicare-for-seniors\/#breadcrumb"},"inLanguage":"es-MX","potentialAction":[{"@type":"ReadAction","target":["https:\/\/www.merkley.senate.gov\/es\/merkley-cosponsors-bill-to-protect-medicare-for-seniors\/"]}]},{"@type":"BreadcrumbList","@id":"https:\/\/www.merkley.senate.gov\/es\/merkley-cosponsors-bill-to-protect-medicare-for-seniors\/#breadcrumb","itemListElement":[{"@type":"ListItem","position":1,"name":"Home","item":"https:\/\/www.merkley.senate.gov\/"},{"@type":"ListItem","position":2,"name":"Merkley Cosponsors Bill to Protect Medicare for Seniors"}]},{"@type":"WebSite","@id":"https:\/\/www.merkley.senate.gov\/#website","url":"https:\/\/www.merkley.senate.gov\/","name":"merkley","description":"merkley","potentialAction":[{"@type":"SearchAction","target":{"@type":"EntryPoint","urlTemplate":"https:\/\/www.merkley.senate.gov\/?s={search_term_string}"},"query-input":{"@type":"PropertyValueSpecification","valueRequired":true,"valueName":"search_term_string"}}],"inLanguage":"es-MX"},{"@type":"Person","@id":"","url":"https:\/\/www.merkley.senate.gov\/es\/author\/"}]}},"_links":{"self":[{"href":"https:\/\/www.merkley.senate.gov\/es\/wp-json\/wp\/v2\/posts\/6107","targetHints":{"allow":["GET"]}}],"collection":[{"href":"https:\/\/www.merkley.senate.gov\/es\/wp-json\/wp\/v2\/posts"}],"about":[{"href":"https:\/\/www.merkley.senate.gov\/es\/wp-json\/wp\/v2\/types\/post"}],"author":[{"embeddable":true,"href":"https:\/\/www.merkley.senate.gov\/es\/wp-json\/wp\/v2\/users\/2"}],"replies":[{"embeddable":true,"href":"https:\/\/www.merkley.senate.gov\/es\/wp-json\/wp\/v2\/comments?post=6107"}],"version-history":[{"count":1,"href":"https:\/\/www.merkley.senate.gov\/es\/wp-json\/wp\/v2\/posts\/6107\/revisions"}],"predecessor-version":[{"id":15483,"href":"https:\/\/www.merkley.senate.gov\/es\/wp-json\/wp\/v2\/posts\/6107\/revisions\/15483"}],"wp:attachment":[{"href":"https:\/\/www.merkley.senate.gov\/es\/wp-json\/wp\/v2\/media?parent=6107"}],"wp:term":[{"taxonomy":"category","embeddable":true,"href":"https:\/\/www.merkley.senate.gov\/es\/wp-json\/wp\/v2\/categories?post=6107"},{"taxonomy":"post_tag","embeddable":true,"href":"https:\/\/www.merkley.senate.gov\/es\/wp-json\/wp\/v2\/tags?post=6107"}],"curies":[{"name":"wp","href":"https:\/\/api.w.org\/{rel}","templated":true}]}}