{"id":6194,"date":"2013-06-27T17:42:00","date_gmt":"2013-06-27T21:42:00","guid":{"rendered":"https:\/\/www.merkley.senate.gov\/merkley-statement-on-passage-of-comprehensive-immigration-reform\/"},"modified":"2023-07-24T11:10:32","modified_gmt":"2023-07-24T15:10:32","slug":"merkley-statement-on-passage-of-comprehensive-immigration-reform","status":"publish","type":"post","link":"https:\/\/www.merkley.senate.gov\/es\/merkley-statement-on-passage-of-comprehensive-immigration-reform\/","title":{"rendered":"Declaraci\u00f3n de Merkley sobre la aprobaci\u00f3n de una reforma migratoria integral"},"content":{"rendered":"<p>WASHINGTON \u2013 Hoy, el Senador de Oreg\u00f3n, Jeff Merkley, emiti\u00f3 la siguiente declaraci\u00f3n luego de que el Senado de los EE. UU. <a href=\"http:\/\/www.merkley.senate.gov\/es\/newsroom\/press\/release\/?id=da4e62b9-3ff8-4906-b951-99a3bf2c4c2e\">proteger a los trabajadores forestales de Oreg\u00f3n<\/a> cerrando una laguna de la que se ha abusado en el sistema de visas H-2B.&nbsp;<\/p>\n<blockquote>\n<p><strong>\u201cSabemos desde hace mucho tiempo que nuestro sistema de inmigraci\u00f3n est\u00e1 profundamente da\u00f1ado. Hoy, el Senado actu\u00f3 y aprob\u00f3 un proyecto de ley bipartidista, construido por negociaci\u00f3n y compromiso, para una reforma migratoria integral. Este proyecto de ley no es perfecto de ninguna manera, pero ahora tenemos un plan para fortalecer la frontera y asegurarnos de que los millones que actualmente viven en las sombras puedan contribuir a nuestras comunidades si est\u00e1n dispuestos a pagar impuestos atrasados, aprender ingl\u00e9s y aprobar. una verificaci\u00f3n de antecedentes. Nuestra econom\u00eda ser\u00e1 m\u00e1s fuerte y m\u00e1s justa gracias a este proyecto de ley.<\/strong><strong>&nbsp;<\/strong><\/p>\n<p><strong>\u201cMe complace especialmente que el proyecto de ley de hoy incluya una disposici\u00f3n por la que he luchado para garantizar que los trabajadores madereros de Oreg\u00f3n tengan plena oportunidad de ocupar todos los puestos de trabajo disponibles en los bosques. Es un ultraje que los contratistas en nuestros bosques federales hayan abusado de una laguna en el programa de trabajadores invitados para traer mano de obra extranjera en lugar de contratar a habitantes de Oreg\u00f3n. Este proyecto de ley cerrar\u00e1 esa laguna y garantizar\u00e1 que los trabajadores de Oreg\u00f3n obtengan los trabajos que tanto desean.<\/strong><strong>&nbsp;<\/strong><\/p>\n<p><strong>\u201cA menos que un proyecto de ley llegue al escritorio del presidente, la inmigraci\u00f3n en los Estados Unidos seguir\u00e1 siendo lo que ha sido por defecto durante las \u00faltimas d\u00e9cadas: un sistema fragmentado y ca\u00f3tico que no sirve bien a nadie. La C\u00e1mara debe actuar r\u00e1pidamente para aceptar y aprobar este proyecto de ley bipartidista\u201d.<\/strong><\/p>\n<\/blockquote>\n<p align=\"center\">###<\/p>","protected":false},"excerpt":{"rendered":"<p>WASHINGTON &ndash; Today, Oregon&rsquo;s Senator Jeff Merkley released the following statement after the U.S. Senate passed a comprehensive immigration reform bill, including a Merkley provision to protect Oregon forest workers by closing a loophole that has been abused in the H-2B visa system.&nbsp; &ldquo;We have known for a long time that our immigration system is [&hellip;]<\/p>\n","protected":false},"author":2,"featured_media":0,"comment_status":"closed","ping_status":"closed","sticky":false,"template":"","format":"standard","meta":{"_acf_changed":false,"inline_featured_image":false,"footnotes":""},"categories":[24],"tags":[43,53],"class_list":["post-6194","post","type-post","status-publish","format-standard","hentry","category-press-releases","tag-bipartisan-actions","tag-civil-rights"],"acf":[],"yoast_head":"<!-- This site is optimized with the Yoast SEO plugin v27.2 - https:\/\/yoast.com\/product\/yoast-seo-wordpress\/ -->\n<title>Merkley Statement on Passage of Comprehensive Immigration Reform - Merkley<\/title>\n<meta name=\"robots\" content=\"index, follow, max-snippet:-1, max-image-preview:large, max-video-preview:-1\" \/>\n<link rel=\"canonical\" href=\"https:\/\/www.merkley.senate.gov\/es\/merkley-statement-on-passage-of-comprehensive-immigration-reform\/\" \/>\n<meta property=\"og:locale\" content=\"es_MX\" \/>\n<meta property=\"og:type\" content=\"article\" \/>\n<meta property=\"og:title\" content=\"Merkley Statement on Passage of Comprehensive Immigration Reform - Merkley\" \/>\n<meta property=\"og:description\" content=\"WASHINGTON &ndash; Today, Oregon&rsquo;s Senator Jeff Merkley released the following statement after the U.S. Senate passed a comprehensive immigration reform bill, including a Merkley provision to protect Oregon forest workers by closing a loophole that has been abused in the H-2B visa system.&nbsp; &ldquo;We have known for a long time that our immigration system is [&hellip;]\" \/>\n<meta property=\"og:url\" content=\"https:\/\/www.merkley.senate.gov\/es\/merkley-statement-on-passage-of-comprehensive-immigration-reform\/\" \/>\n<meta property=\"og:site_name\" content=\"Merkley\" \/>\n<meta property=\"article:published_time\" content=\"2013-06-27T21:42:00+00:00\" \/>\n<meta property=\"article:modified_time\" content=\"2023-07-24T15:10:32+00:00\" \/>\n<meta name=\"twitter:card\" content=\"summary_large_image\" \/>\n<meta name=\"twitter:label1\" content=\"Written by\" \/>\n\t<meta name=\"twitter:data1\" content=\"\" \/>\n\t<meta name=\"twitter:label2\" content=\"Est. reading time\" \/>\n\t<meta name=\"twitter:data2\" content=\"1 minute\" \/>\n<script type=\"application\/ld+json\" class=\"yoast-schema-graph\">{\"@context\":\"https:\/\/schema.org\",\"@graph\":[{\"@type\":\"Article\",\"@id\":\"https:\/\/www.merkley.senate.gov\/merkley-statement-on-passage-of-comprehensive-immigration-reform\/#article\",\"isPartOf\":{\"@id\":\"https:\/\/www.merkley.senate.gov\/merkley-statement-on-passage-of-comprehensive-immigration-reform\/\"},\"author\":{\"name\":\"\",\"@id\":\"\"},\"headline\":\"Merkley Statement on Passage of Comprehensive Immigration Reform\",\"datePublished\":\"2013-06-27T21:42:00+00:00\",\"dateModified\":\"2023-07-24T15:10:32+00:00\",\"mainEntityOfPage\":{\"@id\":\"https:\/\/www.merkley.senate.gov\/merkley-statement-on-passage-of-comprehensive-immigration-reform\/\"},\"wordCount\":291,\"keywords\":[\"Bipartisan Actions\",\"Civil Rights\"],\"articleSection\":[\"Press Releases\"],\"inLanguage\":\"es-MX\"},{\"@type\":\"WebPage\",\"@id\":\"https:\/\/www.merkley.senate.gov\/merkley-statement-on-passage-of-comprehensive-immigration-reform\/\",\"url\":\"https:\/\/www.merkley.senate.gov\/merkley-statement-on-passage-of-comprehensive-immigration-reform\/\",\"name\":\"Merkley Statement on Passage of Comprehensive Immigration Reform - Merkley\",\"isPartOf\":{\"@id\":\"https:\/\/www.merkley.senate.gov\/#website\"},\"datePublished\":\"2013-06-27T21:42:00+00:00\",\"dateModified\":\"2023-07-24T15:10:32+00:00\",\"author\":{\"@id\":\"\"},\"breadcrumb\":{\"@id\":\"https:\/\/www.merkley.senate.gov\/merkley-statement-on-passage-of-comprehensive-immigration-reform\/#breadcrumb\"},\"inLanguage\":\"es-MX\",\"potentialAction\":[{\"@type\":\"ReadAction\",\"target\":[\"https:\/\/www.merkley.senate.gov\/merkley-statement-on-passage-of-comprehensive-immigration-reform\/\"]}]},{\"@type\":\"BreadcrumbList\",\"@id\":\"https:\/\/www.merkley.senate.gov\/merkley-statement-on-passage-of-comprehensive-immigration-reform\/#breadcrumb\",\"itemListElement\":[{\"@type\":\"ListItem\",\"position\":1,\"name\":\"Home\",\"item\":\"https:\/\/www.merkley.senate.gov\/\"},{\"@type\":\"ListItem\",\"position\":2,\"name\":\"Merkley Statement on Passage of Comprehensive Immigration Reform\"}]},{\"@type\":\"WebSite\",\"@id\":\"https:\/\/www.merkley.senate.gov\/#website\",\"url\":\"https:\/\/www.merkley.senate.gov\/\",\"name\":\"Merkley\",\"description\":\"Merkley\",\"potentialAction\":[{\"@type\":\"SearchAction\",\"target\":{\"@type\":\"EntryPoint\",\"urlTemplate\":\"https:\/\/www.merkley.senate.gov\/?s={search_term_string}\"},\"query-input\":{\"@type\":\"PropertyValueSpecification\",\"valueRequired\":true,\"valueName\":\"search_term_string\"}}],\"inLanguage\":\"es-MX\"},{\"@type\":\"Person\",\"@id\":\"\",\"url\":\"https:\/\/www.merkley.senate.gov\/es\/author\/\"}]}<\/script>\n<!-- \/ Yoast SEO plugin. -->","yoast_head_json":{"title":"Merkley Statement on Passage of Comprehensive Immigration Reform - Merkley","robots":{"index":"index","follow":"follow","max-snippet":"max-snippet:-1","max-image-preview":"max-image-preview:large","max-video-preview":"max-video-preview:-1"},"canonical":"https:\/\/www.merkley.senate.gov\/es\/merkley-statement-on-passage-of-comprehensive-immigration-reform\/","og_locale":"es_MX","og_type":"article","og_title":"Merkley Statement on Passage of Comprehensive Immigration Reform - Merkley","og_description":"WASHINGTON &ndash; Today, Oregon&rsquo;s Senator Jeff Merkley released the following statement after the U.S. Senate passed a comprehensive immigration reform bill, including a Merkley provision to protect Oregon forest workers by closing a loophole that has been abused in the H-2B visa system.&nbsp; &ldquo;We have known for a long time that our immigration system is [&hellip;]","og_url":"https:\/\/www.merkley.senate.gov\/es\/merkley-statement-on-passage-of-comprehensive-immigration-reform\/","og_site_name":"Merkley","article_published_time":"2013-06-27T21:42:00+00:00","article_modified_time":"2023-07-24T15:10:32+00:00","twitter_card":"summary_large_image","twitter_misc":{"Written by":"","Est. reading time":"1 minute"},"schema":{"@context":"https:\/\/schema.org","@graph":[{"@type":"Article","@id":"https:\/\/www.merkley.senate.gov\/merkley-statement-on-passage-of-comprehensive-immigration-reform\/#article","isPartOf":{"@id":"https:\/\/www.merkley.senate.gov\/merkley-statement-on-passage-of-comprehensive-immigration-reform\/"},"author":{"name":"","@id":""},"headline":"Merkley Statement on Passage of Comprehensive Immigration Reform","datePublished":"2013-06-27T21:42:00+00:00","dateModified":"2023-07-24T15:10:32+00:00","mainEntityOfPage":{"@id":"https:\/\/www.merkley.senate.gov\/merkley-statement-on-passage-of-comprehensive-immigration-reform\/"},"wordCount":291,"keywords":["Bipartisan Actions","Civil Rights"],"articleSection":["Press Releases"],"inLanguage":"es-MX"},{"@type":"WebPage","@id":"https:\/\/www.merkley.senate.gov\/merkley-statement-on-passage-of-comprehensive-immigration-reform\/","url":"https:\/\/www.merkley.senate.gov\/merkley-statement-on-passage-of-comprehensive-immigration-reform\/","name":"Merkley Statement on Passage of Comprehensive Immigration Reform - Merkley","isPartOf":{"@id":"https:\/\/www.merkley.senate.gov\/#website"},"datePublished":"2013-06-27T21:42:00+00:00","dateModified":"2023-07-24T15:10:32+00:00","author":{"@id":""},"breadcrumb":{"@id":"https:\/\/www.merkley.senate.gov\/merkley-statement-on-passage-of-comprehensive-immigration-reform\/#breadcrumb"},"inLanguage":"es-MX","potentialAction":[{"@type":"ReadAction","target":["https:\/\/www.merkley.senate.gov\/merkley-statement-on-passage-of-comprehensive-immigration-reform\/"]}]},{"@type":"BreadcrumbList","@id":"https:\/\/www.merkley.senate.gov\/merkley-statement-on-passage-of-comprehensive-immigration-reform\/#breadcrumb","itemListElement":[{"@type":"ListItem","position":1,"name":"Home","item":"https:\/\/www.merkley.senate.gov\/"},{"@type":"ListItem","position":2,"name":"Merkley Statement on Passage of Comprehensive Immigration Reform"}]},{"@type":"WebSite","@id":"https:\/\/www.merkley.senate.gov\/#website","url":"https:\/\/www.merkley.senate.gov\/","name":"merkley","description":"merkley","potentialAction":[{"@type":"SearchAction","target":{"@type":"EntryPoint","urlTemplate":"https:\/\/www.merkley.senate.gov\/?s={search_term_string}"},"query-input":{"@type":"PropertyValueSpecification","valueRequired":true,"valueName":"search_term_string"}}],"inLanguage":"es-MX"},{"@type":"Person","@id":"","url":"https:\/\/www.merkley.senate.gov\/es\/author\/"}]}},"_links":{"self":[{"href":"https:\/\/www.merkley.senate.gov\/es\/wp-json\/wp\/v2\/posts\/6194","targetHints":{"allow":["GET"]}}],"collection":[{"href":"https:\/\/www.merkley.senate.gov\/es\/wp-json\/wp\/v2\/posts"}],"about":[{"href":"https:\/\/www.merkley.senate.gov\/es\/wp-json\/wp\/v2\/types\/post"}],"author":[{"embeddable":true,"href":"https:\/\/www.merkley.senate.gov\/es\/wp-json\/wp\/v2\/users\/2"}],"replies":[{"embeddable":true,"href":"https:\/\/www.merkley.senate.gov\/es\/wp-json\/wp\/v2\/comments?post=6194"}],"version-history":[{"count":1,"href":"https:\/\/www.merkley.senate.gov\/es\/wp-json\/wp\/v2\/posts\/6194\/revisions"}],"predecessor-version":[{"id":15570,"href":"https:\/\/www.merkley.senate.gov\/es\/wp-json\/wp\/v2\/posts\/6194\/revisions\/15570"}],"wp:attachment":[{"href":"https:\/\/www.merkley.senate.gov\/es\/wp-json\/wp\/v2\/media?parent=6194"}],"wp:term":[{"taxonomy":"category","embeddable":true,"href":"https:\/\/www.merkley.senate.gov\/es\/wp-json\/wp\/v2\/categories?post=6194"},{"taxonomy":"post_tag","embeddable":true,"href":"https:\/\/www.merkley.senate.gov\/es\/wp-json\/wp\/v2\/tags?post=6194"}],"curies":[{"name":"wp","href":"https:\/\/api.w.org\/{rel}","templated":true}]}}