{"id":6262,"date":"2013-02-12T15:23:00","date_gmt":"2013-02-12T20:23:00","guid":{"rendered":"https:\/\/www.merkley.senate.gov\/merkley-to-chair-green-jobs-subcommittee\/"},"modified":"2023-07-24T11:10:37","modified_gmt":"2023-07-24T15:10:37","slug":"merkley-to-chair-green-jobs-subcommittee","status":"publish","type":"post","link":"https:\/\/www.merkley.senate.gov\/es\/merkley-to-chair-green-jobs-subcommittee\/","title":{"rendered":"Merkley presidir\u00e1 el Subcomit\u00e9 de Empleos Verdes"},"content":{"rendered":"<p><strong>Washington DC -<\/strong> Hoy, el Senador de Oreg\u00f3n, Jeff Merkley, anunci\u00f3 que se le otorg\u00f3 la presidencia del Subcomit\u00e9 de Empleos Verdes y Nueva Econom\u00eda del Comit\u00e9 Senatorial de Medio Ambiente y Obras P\u00fablicas. Este subcomit\u00e9 supervisa la creaci\u00f3n de empleos y oportunidades econ\u00f3micas mediante el despliegue de infraestructura sostenible, energ\u00eda renovable, eficiencia energ\u00e9tica y otras pr\u00e1cticas de energ\u00eda limpia. El subcomit\u00e9 tambi\u00e9n maneja la inversi\u00f3n federal en tecnolog\u00edas y pr\u00e1cticas que reducen la huella de carbono del gobierno o la emisi\u00f3n de otros contaminantes, incluidas tecnolog\u00edas y pr\u00e1cticas que mejoran la eficiencia energ\u00e9tica, la conservaci\u00f3n o las fuentes de energ\u00eda renovable.&nbsp;<\/p>\n<blockquote>\n<p>\u201cOreg\u00f3n es l\u00edder en energ\u00eda renovable y econom\u00eda verde, y espero llevar esas ideas innovadoras para la creaci\u00f3n de empleo al Senado de los EE. UU.\u201d <strong>dijo Merkley.<\/strong> \u201cYa sea que se trate de biocombustibles, energ\u00eda e\u00f3lica, renovaciones de eficiencia energ\u00e9tica o cualquier cantidad de otras ideas, podemos crear excelentes empleos y crecimiento al mismo tiempo que construimos una econom\u00eda m\u00e1s sostenible, con bajas emisiones de carbono e independiente del petr\u00f3leo. Deber\u00edamos gastar dinero para crear empleos y oportunidades aqu\u00ed en Estados Unidos, no enviar miles de millones para comprar petr\u00f3leo en el extranjero. Espero promover la energ\u00eda renovable roja, blanca y azul fabricada en Estados Unidos y trabajar para crear m\u00e1s empleos en Oreg\u00f3n y en todo Estados Unidos\u201d.&nbsp;<\/p>\n<\/blockquote>\n<p>La semana pasada, el Senador Merkley <a href=\"http:\/\/www.merkley.senate.gov\/es\/newsroom\/press\/release\/?id=4540C73B-75C7-4B5E-8420-E1B4027FEB09\">anunci\u00f3 que presidir\u00e1<\/a> la Subcomisi\u00f3n de Pol\u00edtica Econ\u00f3mica de la Comisi\u00f3n Bancaria del Senado.<\/p>\n<p align=\"center\">&nbsp;<\/p>\n<p align=\"center\">###<\/p>","protected":false},"excerpt":{"rendered":"<p>Washington, DC &ndash; Today, Oregon&rsquo;s Senator Jeff Merkley announced he has been awarded the chairmanship of the Green Jobs and the New Economy Subcommittee of the Senate Environment and Public Works Committee.&nbsp; This subcommittee oversees the creation of job and economic opportunity through the deployment of sustainable infrastructure, renewable energy, energy efficiency, and other clean [&hellip;]<\/p>\n","protected":false},"author":2,"featured_media":0,"comment_status":"closed","ping_status":"closed","sticky":false,"template":"","format":"standard","meta":{"_acf_changed":false,"inline_featured_image":false,"footnotes":""},"categories":[24],"tags":[36,45],"class_list":["post-6262","post","type-post","status-publish","format-standard","hentry","category-press-releases","tag-natural-resources-and-rural-development","tag-tackling-climate-change"],"acf":[],"yoast_head":"<!-- This site is optimized with the Yoast SEO plugin v27.2 - https:\/\/yoast.com\/product\/yoast-seo-wordpress\/ -->\n<title>Merkley To Chair Green Jobs Subcommittee - Merkley<\/title>\n<meta name=\"robots\" content=\"index, follow, max-snippet:-1, max-image-preview:large, max-video-preview:-1\" \/>\n<link rel=\"canonical\" href=\"https:\/\/www.merkley.senate.gov\/es\/merkley-to-chair-green-jobs-subcommittee\/\" \/>\n<meta property=\"og:locale\" content=\"es_MX\" \/>\n<meta property=\"og:type\" content=\"article\" \/>\n<meta property=\"og:title\" content=\"Merkley To Chair Green Jobs Subcommittee - Merkley\" \/>\n<meta property=\"og:description\" content=\"Washington, DC &ndash; Today, Oregon&rsquo;s Senator Jeff Merkley announced he has been awarded the chairmanship of the Green Jobs and the New Economy Subcommittee of the Senate Environment and Public Works Committee.&nbsp; This subcommittee oversees the creation of job and economic opportunity through the deployment of sustainable infrastructure, renewable energy, energy efficiency, and other clean [&hellip;]\" \/>\n<meta property=\"og:url\" content=\"https:\/\/www.merkley.senate.gov\/es\/merkley-to-chair-green-jobs-subcommittee\/\" \/>\n<meta property=\"og:site_name\" content=\"Merkley\" \/>\n<meta property=\"article:published_time\" content=\"2013-02-12T20:23:00+00:00\" \/>\n<meta property=\"article:modified_time\" content=\"2023-07-24T15:10:37+00:00\" \/>\n<meta name=\"twitter:card\" content=\"summary_large_image\" \/>\n<meta name=\"twitter:label1\" content=\"Written by\" \/>\n\t<meta name=\"twitter:data1\" content=\"\" \/>\n\t<meta name=\"twitter:label2\" content=\"Est. reading time\" \/>\n\t<meta name=\"twitter:data2\" content=\"1 minute\" \/>\n<script type=\"application\/ld+json\" class=\"yoast-schema-graph\">{\"@context\":\"https:\/\/schema.org\",\"@graph\":[{\"@type\":\"Article\",\"@id\":\"https:\/\/www.merkley.senate.gov\/merkley-to-chair-green-jobs-subcommittee\/#article\",\"isPartOf\":{\"@id\":\"https:\/\/www.merkley.senate.gov\/merkley-to-chair-green-jobs-subcommittee\/\"},\"author\":{\"name\":\"\",\"@id\":\"\"},\"headline\":\"Merkley To Chair Green Jobs Subcommittee\",\"datePublished\":\"2013-02-12T20:23:00+00:00\",\"dateModified\":\"2023-07-24T15:10:37+00:00\",\"mainEntityOfPage\":{\"@id\":\"https:\/\/www.merkley.senate.gov\/merkley-to-chair-green-jobs-subcommittee\/\"},\"wordCount\":233,\"keywords\":[\"Natural Resources and Rural Development\",\"Tackling Climate Change\"],\"articleSection\":[\"Press Releases\"],\"inLanguage\":\"es-MX\"},{\"@type\":\"WebPage\",\"@id\":\"https:\/\/www.merkley.senate.gov\/merkley-to-chair-green-jobs-subcommittee\/\",\"url\":\"https:\/\/www.merkley.senate.gov\/merkley-to-chair-green-jobs-subcommittee\/\",\"name\":\"Merkley To Chair Green Jobs Subcommittee - Merkley\",\"isPartOf\":{\"@id\":\"https:\/\/www.merkley.senate.gov\/#website\"},\"datePublished\":\"2013-02-12T20:23:00+00:00\",\"dateModified\":\"2023-07-24T15:10:37+00:00\",\"author\":{\"@id\":\"\"},\"breadcrumb\":{\"@id\":\"https:\/\/www.merkley.senate.gov\/merkley-to-chair-green-jobs-subcommittee\/#breadcrumb\"},\"inLanguage\":\"es-MX\",\"potentialAction\":[{\"@type\":\"ReadAction\",\"target\":[\"https:\/\/www.merkley.senate.gov\/merkley-to-chair-green-jobs-subcommittee\/\"]}]},{\"@type\":\"BreadcrumbList\",\"@id\":\"https:\/\/www.merkley.senate.gov\/merkley-to-chair-green-jobs-subcommittee\/#breadcrumb\",\"itemListElement\":[{\"@type\":\"ListItem\",\"position\":1,\"name\":\"Home\",\"item\":\"https:\/\/www.merkley.senate.gov\/\"},{\"@type\":\"ListItem\",\"position\":2,\"name\":\"Merkley To Chair Green Jobs Subcommittee\"}]},{\"@type\":\"WebSite\",\"@id\":\"https:\/\/www.merkley.senate.gov\/#website\",\"url\":\"https:\/\/www.merkley.senate.gov\/\",\"name\":\"Merkley\",\"description\":\"Merkley\",\"potentialAction\":[{\"@type\":\"SearchAction\",\"target\":{\"@type\":\"EntryPoint\",\"urlTemplate\":\"https:\/\/www.merkley.senate.gov\/?s={search_term_string}\"},\"query-input\":{\"@type\":\"PropertyValueSpecification\",\"valueRequired\":true,\"valueName\":\"search_term_string\"}}],\"inLanguage\":\"es-MX\"},{\"@type\":\"Person\",\"@id\":\"\",\"url\":\"https:\/\/www.merkley.senate.gov\/es\/author\/\"}]}<\/script>\n<!-- \/ Yoast SEO plugin. -->","yoast_head_json":{"title":"Merkley To Chair Green Jobs Subcommittee - Merkley","robots":{"index":"index","follow":"follow","max-snippet":"max-snippet:-1","max-image-preview":"max-image-preview:large","max-video-preview":"max-video-preview:-1"},"canonical":"https:\/\/www.merkley.senate.gov\/es\/merkley-to-chair-green-jobs-subcommittee\/","og_locale":"es_MX","og_type":"article","og_title":"Merkley To Chair Green Jobs Subcommittee - Merkley","og_description":"Washington, DC &ndash; Today, Oregon&rsquo;s Senator Jeff Merkley announced he has been awarded the chairmanship of the Green Jobs and the New Economy Subcommittee of the Senate Environment and Public Works Committee.&nbsp; This subcommittee oversees the creation of job and economic opportunity through the deployment of sustainable infrastructure, renewable energy, energy efficiency, and other clean [&hellip;]","og_url":"https:\/\/www.merkley.senate.gov\/es\/merkley-to-chair-green-jobs-subcommittee\/","og_site_name":"Merkley","article_published_time":"2013-02-12T20:23:00+00:00","article_modified_time":"2023-07-24T15:10:37+00:00","twitter_card":"summary_large_image","twitter_misc":{"Written by":"","Est. reading time":"1 minute"},"schema":{"@context":"https:\/\/schema.org","@graph":[{"@type":"Article","@id":"https:\/\/www.merkley.senate.gov\/merkley-to-chair-green-jobs-subcommittee\/#article","isPartOf":{"@id":"https:\/\/www.merkley.senate.gov\/merkley-to-chair-green-jobs-subcommittee\/"},"author":{"name":"","@id":""},"headline":"Merkley To Chair Green Jobs Subcommittee","datePublished":"2013-02-12T20:23:00+00:00","dateModified":"2023-07-24T15:10:37+00:00","mainEntityOfPage":{"@id":"https:\/\/www.merkley.senate.gov\/merkley-to-chair-green-jobs-subcommittee\/"},"wordCount":233,"keywords":["Natural Resources and Rural Development","Tackling Climate Change"],"articleSection":["Press Releases"],"inLanguage":"es-MX"},{"@type":"WebPage","@id":"https:\/\/www.merkley.senate.gov\/merkley-to-chair-green-jobs-subcommittee\/","url":"https:\/\/www.merkley.senate.gov\/merkley-to-chair-green-jobs-subcommittee\/","name":"Merkley To Chair Green Jobs Subcommittee - Merkley","isPartOf":{"@id":"https:\/\/www.merkley.senate.gov\/#website"},"datePublished":"2013-02-12T20:23:00+00:00","dateModified":"2023-07-24T15:10:37+00:00","author":{"@id":""},"breadcrumb":{"@id":"https:\/\/www.merkley.senate.gov\/merkley-to-chair-green-jobs-subcommittee\/#breadcrumb"},"inLanguage":"es-MX","potentialAction":[{"@type":"ReadAction","target":["https:\/\/www.merkley.senate.gov\/merkley-to-chair-green-jobs-subcommittee\/"]}]},{"@type":"BreadcrumbList","@id":"https:\/\/www.merkley.senate.gov\/merkley-to-chair-green-jobs-subcommittee\/#breadcrumb","itemListElement":[{"@type":"ListItem","position":1,"name":"Home","item":"https:\/\/www.merkley.senate.gov\/"},{"@type":"ListItem","position":2,"name":"Merkley To Chair Green Jobs Subcommittee"}]},{"@type":"WebSite","@id":"https:\/\/www.merkley.senate.gov\/#website","url":"https:\/\/www.merkley.senate.gov\/","name":"merkley","description":"merkley","potentialAction":[{"@type":"SearchAction","target":{"@type":"EntryPoint","urlTemplate":"https:\/\/www.merkley.senate.gov\/?s={search_term_string}"},"query-input":{"@type":"PropertyValueSpecification","valueRequired":true,"valueName":"search_term_string"}}],"inLanguage":"es-MX"},{"@type":"Person","@id":"","url":"https:\/\/www.merkley.senate.gov\/es\/author\/"}]}},"_links":{"self":[{"href":"https:\/\/www.merkley.senate.gov\/es\/wp-json\/wp\/v2\/posts\/6262","targetHints":{"allow":["GET"]}}],"collection":[{"href":"https:\/\/www.merkley.senate.gov\/es\/wp-json\/wp\/v2\/posts"}],"about":[{"href":"https:\/\/www.merkley.senate.gov\/es\/wp-json\/wp\/v2\/types\/post"}],"author":[{"embeddable":true,"href":"https:\/\/www.merkley.senate.gov\/es\/wp-json\/wp\/v2\/users\/2"}],"replies":[{"embeddable":true,"href":"https:\/\/www.merkley.senate.gov\/es\/wp-json\/wp\/v2\/comments?post=6262"}],"version-history":[{"count":1,"href":"https:\/\/www.merkley.senate.gov\/es\/wp-json\/wp\/v2\/posts\/6262\/revisions"}],"predecessor-version":[{"id":15638,"href":"https:\/\/www.merkley.senate.gov\/es\/wp-json\/wp\/v2\/posts\/6262\/revisions\/15638"}],"wp:attachment":[{"href":"https:\/\/www.merkley.senate.gov\/es\/wp-json\/wp\/v2\/media?parent=6262"}],"wp:term":[{"taxonomy":"category","embeddable":true,"href":"https:\/\/www.merkley.senate.gov\/es\/wp-json\/wp\/v2\/categories?post=6262"},{"taxonomy":"post_tag","embeddable":true,"href":"https:\/\/www.merkley.senate.gov\/es\/wp-json\/wp\/v2\/tags?post=6262"}],"curies":[{"name":"wp","href":"https:\/\/api.w.org\/{rel}","templated":true}]}}