{"id":6300,"date":"2012-10-15T14:32:00","date_gmt":"2012-10-15T18:32:00","guid":{"rendered":"https:\/\/www.merkley.senate.gov\/senator-merkley-to-travel-to-israel\/"},"modified":"2023-07-24T11:10:40","modified_gmt":"2023-07-24T15:10:40","slug":"senator-merkley-to-travel-to-israel","status":"publish","type":"post","link":"https:\/\/www.merkley.senate.gov\/es\/senator-merkley-to-travel-to-israel\/","title":{"rendered":"El senador Merkley viajar\u00e1 a Israel"},"content":{"rendered":"<p><strong>Washington DC<\/strong>\u2013 El senador de Oreg\u00f3n, Jeff Merkley, viaja a Israel durante el per\u00edodo de receso del Senado como parte de una delegaci\u00f3n del Senado. El grupo, que tambi\u00e9n incluye a los senadores Kay Hagan y Mark Begich, lleg\u00f3 hoy a Jerusal\u00e9n.<\/p>\n<blockquote>\n<p>&quot;Esta visita a Israel es una oportunidad para reunirse con algunos de los principales l\u00edderes de la regi\u00f3n y obtener una perspectiva sobre el terreno sobre algunos de los complejos desaf\u00edos de pol\u00edtica exterior que impactan directamente a Estados Unidos&quot;, dijo Merkley. &quot;Tambi\u00e9n espero reunirme con l\u00edderes en uno de los puntos calientes de tecnolog\u00eda e innovaci\u00f3n m\u00e1s vibrantes del mundo y estar atento a las oportunidades para las empresas de Oreg\u00f3n&quot;.<\/p>\n<\/blockquote>\n<p>&nbsp;Este viaje brindar\u00e1 al senador Merkley una comprensi\u00f3n de primera mano sobre la relaci\u00f3n entre Estados Unidos e Israel, el proceso de paz, las opiniones dentro de Israel sobre las opciones para lidiar con la b\u00fasqueda de armas nucleares por parte de Ir\u00e1n y las importantes tendencias pol\u00edticas y econ\u00f3micas en la regi\u00f3n. El senador se reunir\u00e1 con altos l\u00edderes israel\u00edes y palestinos y explorar\u00e1 oportunidades de cooperaci\u00f3n econ\u00f3mica y tecnol\u00f3gica bilateral con la comunidad empresarial israel\u00ed.<\/p>\n<p align=\"center\">###<\/p>","protected":false},"excerpt":{"rendered":"<p>Washington, DC&#8211; Oregon&rsquo;s Senator Jeff Merkley is traveling to Israel over the Senate recess period as part of a Senate delegation. The group, which also includes Senators Kay Hagan and Mark Begich, arrived in Jerusalem today. &ldquo;This visit to Israel is an opportunity to meet with some of the region&rsquo;s top leaders and get an [&hellip;]<\/p>\n","protected":false},"author":2,"featured_media":0,"comment_status":"closed","ping_status":"closed","sticky":false,"template":"","format":"standard","meta":{"_acf_changed":false,"inline_featured_image":false,"footnotes":""},"categories":[24],"tags":[38],"class_list":["post-6300","post","type-post","status-publish","format-standard","hentry","category-press-releases","tag-foreign-policy-and-national-security"],"acf":[],"yoast_head":"<!-- This site is optimized with the Yoast SEO plugin v27.2 - https:\/\/yoast.com\/product\/yoast-seo-wordpress\/ -->\n<title>Senator Merkley to Travel to Israel - Merkley<\/title>\n<meta name=\"robots\" content=\"index, follow, max-snippet:-1, max-image-preview:large, max-video-preview:-1\" \/>\n<link rel=\"canonical\" href=\"https:\/\/www.merkley.senate.gov\/es\/senator-merkley-to-travel-to-israel\/\" \/>\n<meta property=\"og:locale\" content=\"es_MX\" \/>\n<meta property=\"og:type\" content=\"article\" \/>\n<meta property=\"og:title\" content=\"Senator Merkley to Travel to Israel - Merkley\" \/>\n<meta property=\"og:description\" content=\"Washington, DC&#8211; Oregon&rsquo;s Senator Jeff Merkley is traveling to Israel over the Senate recess period as part of a Senate delegation. The group, which also includes Senators Kay Hagan and Mark Begich, arrived in Jerusalem today. &ldquo;This visit to Israel is an opportunity to meet with some of the region&rsquo;s top leaders and get an [&hellip;]\" \/>\n<meta property=\"og:url\" content=\"https:\/\/www.merkley.senate.gov\/es\/senator-merkley-to-travel-to-israel\/\" \/>\n<meta property=\"og:site_name\" content=\"Merkley\" \/>\n<meta property=\"article:published_time\" content=\"2012-10-15T18:32:00+00:00\" \/>\n<meta property=\"article:modified_time\" content=\"2023-07-24T15:10:40+00:00\" \/>\n<meta name=\"twitter:card\" content=\"summary_large_image\" \/>\n<meta name=\"twitter:label1\" content=\"Written by\" \/>\n\t<meta name=\"twitter:data1\" content=\"\" \/>\n\t<meta name=\"twitter:label2\" content=\"Est. reading time\" \/>\n\t<meta name=\"twitter:data2\" content=\"1 minute\" \/>\n<script type=\"application\/ld+json\" class=\"yoast-schema-graph\">{\"@context\":\"https:\/\/schema.org\",\"@graph\":[{\"@type\":\"Article\",\"@id\":\"https:\/\/www.merkley.senate.gov\/senator-merkley-to-travel-to-israel\/#article\",\"isPartOf\":{\"@id\":\"https:\/\/www.merkley.senate.gov\/senator-merkley-to-travel-to-israel\/\"},\"author\":{\"name\":\"\",\"@id\":\"\"},\"headline\":\"Senator Merkley to Travel to Israel\",\"datePublished\":\"2012-10-15T18:32:00+00:00\",\"dateModified\":\"2023-07-24T15:10:40+00:00\",\"mainEntityOfPage\":{\"@id\":\"https:\/\/www.merkley.senate.gov\/senator-merkley-to-travel-to-israel\/\"},\"wordCount\":187,\"keywords\":[\"Foreign Policy and National Security\"],\"articleSection\":[\"Press Releases\"],\"inLanguage\":\"es-MX\"},{\"@type\":\"WebPage\",\"@id\":\"https:\/\/www.merkley.senate.gov\/senator-merkley-to-travel-to-israel\/\",\"url\":\"https:\/\/www.merkley.senate.gov\/senator-merkley-to-travel-to-israel\/\",\"name\":\"Senator Merkley to Travel to Israel - Merkley\",\"isPartOf\":{\"@id\":\"https:\/\/www.merkley.senate.gov\/#website\"},\"datePublished\":\"2012-10-15T18:32:00+00:00\",\"dateModified\":\"2023-07-24T15:10:40+00:00\",\"author\":{\"@id\":\"\"},\"breadcrumb\":{\"@id\":\"https:\/\/www.merkley.senate.gov\/senator-merkley-to-travel-to-israel\/#breadcrumb\"},\"inLanguage\":\"es-MX\",\"potentialAction\":[{\"@type\":\"ReadAction\",\"target\":[\"https:\/\/www.merkley.senate.gov\/senator-merkley-to-travel-to-israel\/\"]}]},{\"@type\":\"BreadcrumbList\",\"@id\":\"https:\/\/www.merkley.senate.gov\/senator-merkley-to-travel-to-israel\/#breadcrumb\",\"itemListElement\":[{\"@type\":\"ListItem\",\"position\":1,\"name\":\"Home\",\"item\":\"https:\/\/www.merkley.senate.gov\/\"},{\"@type\":\"ListItem\",\"position\":2,\"name\":\"Senator Merkley to Travel to Israel\"}]},{\"@type\":\"WebSite\",\"@id\":\"https:\/\/www.merkley.senate.gov\/#website\",\"url\":\"https:\/\/www.merkley.senate.gov\/\",\"name\":\"Merkley\",\"description\":\"Merkley\",\"potentialAction\":[{\"@type\":\"SearchAction\",\"target\":{\"@type\":\"EntryPoint\",\"urlTemplate\":\"https:\/\/www.merkley.senate.gov\/?s={search_term_string}\"},\"query-input\":{\"@type\":\"PropertyValueSpecification\",\"valueRequired\":true,\"valueName\":\"search_term_string\"}}],\"inLanguage\":\"es-MX\"},{\"@type\":\"Person\",\"@id\":\"\",\"url\":\"https:\/\/www.merkley.senate.gov\/es\/author\/\"}]}<\/script>\n<!-- \/ Yoast SEO plugin. -->","yoast_head_json":{"title":"Senator Merkley to Travel to Israel - Merkley","robots":{"index":"index","follow":"follow","max-snippet":"max-snippet:-1","max-image-preview":"max-image-preview:large","max-video-preview":"max-video-preview:-1"},"canonical":"https:\/\/www.merkley.senate.gov\/es\/senator-merkley-to-travel-to-israel\/","og_locale":"es_MX","og_type":"article","og_title":"Senator Merkley to Travel to Israel - Merkley","og_description":"Washington, DC&#8211; Oregon&rsquo;s Senator Jeff Merkley is traveling to Israel over the Senate recess period as part of a Senate delegation. The group, which also includes Senators Kay Hagan and Mark Begich, arrived in Jerusalem today. &ldquo;This visit to Israel is an opportunity to meet with some of the region&rsquo;s top leaders and get an [&hellip;]","og_url":"https:\/\/www.merkley.senate.gov\/es\/senator-merkley-to-travel-to-israel\/","og_site_name":"Merkley","article_published_time":"2012-10-15T18:32:00+00:00","article_modified_time":"2023-07-24T15:10:40+00:00","twitter_card":"summary_large_image","twitter_misc":{"Written by":"","Est. reading time":"1 minute"},"schema":{"@context":"https:\/\/schema.org","@graph":[{"@type":"Article","@id":"https:\/\/www.merkley.senate.gov\/senator-merkley-to-travel-to-israel\/#article","isPartOf":{"@id":"https:\/\/www.merkley.senate.gov\/senator-merkley-to-travel-to-israel\/"},"author":{"name":"","@id":""},"headline":"Senator Merkley to Travel to Israel","datePublished":"2012-10-15T18:32:00+00:00","dateModified":"2023-07-24T15:10:40+00:00","mainEntityOfPage":{"@id":"https:\/\/www.merkley.senate.gov\/senator-merkley-to-travel-to-israel\/"},"wordCount":187,"keywords":["Foreign Policy and National Security"],"articleSection":["Press Releases"],"inLanguage":"es-MX"},{"@type":"WebPage","@id":"https:\/\/www.merkley.senate.gov\/senator-merkley-to-travel-to-israel\/","url":"https:\/\/www.merkley.senate.gov\/senator-merkley-to-travel-to-israel\/","name":"Senator Merkley to Travel to Israel - Merkley","isPartOf":{"@id":"https:\/\/www.merkley.senate.gov\/#website"},"datePublished":"2012-10-15T18:32:00+00:00","dateModified":"2023-07-24T15:10:40+00:00","author":{"@id":""},"breadcrumb":{"@id":"https:\/\/www.merkley.senate.gov\/senator-merkley-to-travel-to-israel\/#breadcrumb"},"inLanguage":"es-MX","potentialAction":[{"@type":"ReadAction","target":["https:\/\/www.merkley.senate.gov\/senator-merkley-to-travel-to-israel\/"]}]},{"@type":"BreadcrumbList","@id":"https:\/\/www.merkley.senate.gov\/senator-merkley-to-travel-to-israel\/#breadcrumb","itemListElement":[{"@type":"ListItem","position":1,"name":"Home","item":"https:\/\/www.merkley.senate.gov\/"},{"@type":"ListItem","position":2,"name":"Senator Merkley to Travel to Israel"}]},{"@type":"WebSite","@id":"https:\/\/www.merkley.senate.gov\/#website","url":"https:\/\/www.merkley.senate.gov\/","name":"merkley","description":"merkley","potentialAction":[{"@type":"SearchAction","target":{"@type":"EntryPoint","urlTemplate":"https:\/\/www.merkley.senate.gov\/?s={search_term_string}"},"query-input":{"@type":"PropertyValueSpecification","valueRequired":true,"valueName":"search_term_string"}}],"inLanguage":"es-MX"},{"@type":"Person","@id":"","url":"https:\/\/www.merkley.senate.gov\/es\/author\/"}]}},"_links":{"self":[{"href":"https:\/\/www.merkley.senate.gov\/es\/wp-json\/wp\/v2\/posts\/6300","targetHints":{"allow":["GET"]}}],"collection":[{"href":"https:\/\/www.merkley.senate.gov\/es\/wp-json\/wp\/v2\/posts"}],"about":[{"href":"https:\/\/www.merkley.senate.gov\/es\/wp-json\/wp\/v2\/types\/post"}],"author":[{"embeddable":true,"href":"https:\/\/www.merkley.senate.gov\/es\/wp-json\/wp\/v2\/users\/2"}],"replies":[{"embeddable":true,"href":"https:\/\/www.merkley.senate.gov\/es\/wp-json\/wp\/v2\/comments?post=6300"}],"version-history":[{"count":1,"href":"https:\/\/www.merkley.senate.gov\/es\/wp-json\/wp\/v2\/posts\/6300\/revisions"}],"predecessor-version":[{"id":15676,"href":"https:\/\/www.merkley.senate.gov\/es\/wp-json\/wp\/v2\/posts\/6300\/revisions\/15676"}],"wp:attachment":[{"href":"https:\/\/www.merkley.senate.gov\/es\/wp-json\/wp\/v2\/media?parent=6300"}],"wp:term":[{"taxonomy":"category","embeddable":true,"href":"https:\/\/www.merkley.senate.gov\/es\/wp-json\/wp\/v2\/categories?post=6300"},{"taxonomy":"post_tag","embeddable":true,"href":"https:\/\/www.merkley.senate.gov\/es\/wp-json\/wp\/v2\/tags?post=6300"}],"curies":[{"name":"wp","href":"https:\/\/api.w.org\/{rel}","templated":true}]}}