{"id":6351,"date":"2012-05-10T13:19:00","date_gmt":"2012-05-10T17:19:00","guid":{"rendered":"https:\/\/www.merkley.senate.gov\/senators-call-for-hearing-on-lgbt-anti-discrimination-bill\/"},"modified":"2023-07-24T11:10:45","modified_gmt":"2023-07-24T15:10:45","slug":"senators-call-for-hearing-on-lgbt-anti-discrimination-bill","status":"publish","type":"post","link":"https:\/\/www.merkley.senate.gov\/es\/senators-call-for-hearing-on-lgbt-anti-discrimination-bill\/","title":{"rendered":"Senadores convocan a audiencia sobre proyecto de ley contra la discriminaci\u00f3n LGBT"},"content":{"rendered":"<p>Washington, DC- Los senadores estadounidenses Jeff Merkley (D-OR), Mark Kirk (R-IL), Robert Casey (D-PA) y Susan Collins (R-ME) pidieron al Senado que Salud, Educaci\u00f3n, Trabajo y Pensiones (AYUDA) Liderazgo del comit\u00e9 realizar\u00e1 audiencia sobre la Ley de No Discriminaci\u00f3n en el Empleo (ENDA). En una carta al presidente Tom Harkin (D-IA) y al miembro de alto rango Mike Enzi (R-WY), los senadores dijeron que la discriminaci\u00f3n laboral tiene efectos profundos en los salarios, las oportunidades laborales, la productividad y la salud de los trabajadores LGBT.&nbsp;<\/p>\n<blockquote>\n<p>&quot;Como firmes partidarios de esta legislaci\u00f3n, les instamos a programar un tiempo para que los miembros del Comit\u00e9 consideren esta legislaci\u00f3n propuesta&quot;, dijeron los senadores. \u201cENDA encarna el ideal estadounidense de justicia: los empleados deben ser juzgados por sus habilidades y capacidades en el lugar de trabajo, y no por su orientaci\u00f3n sexual o identidad de g\u00e9nero\u201d.&nbsp;<\/p>\n<\/blockquote>\n<p>La \u00faltima sesi\u00f3n, el Comit\u00e9 HELP del Senado celebr\u00f3 la primera audiencia sobre una ENDA totalmente inclusiva. El Presidente Obama ha expresado recientemente su apoyo a la legislaci\u00f3n ENDA.<\/p>\n<p>El texto completo de la carta se encuentra a continuaci\u00f3n.<\/p>\n<p align=\"center\">9 de mayo de 2012<\/p>\n<p>El Honorable Tom Harkin El Honorable Michael B. Enzi<\/p>\n<p>Presidente Miembro de mayor rango<\/p>\n<p>Senado de EE.UU. Salud, Educaci\u00f3n y Trabajo Senado de EE.UU. Salud, Educaci\u00f3n y Trabajo<\/p>\n<p>y Comit\u00e9 de Pensiones y Comit\u00e9 de Pensiones<\/p>\n<p>428 Edificio de oficinas del Senado Dirksen 428 Edificio de oficinas del Senado Dirksen<\/p>\n<p>Washington, DC 20510 Washington, DC 20510<\/p>\n<p>&nbsp;<\/p>\n<p>Estimado presidente Harkin y miembro de alto rango Enzi:<\/p>\n<p>&nbsp;Solicitamos respetuosamente que el Comit\u00e9 de Salud, Educaci\u00f3n, Trabajo y Pensiones celebre una audiencia legislativa para examinar la discriminaci\u00f3n laboral contra estadounidenses lesbianas, gays, bisexuales y transg\u00e9nero (LGBT) para recibir testimonios y considerar actuar sobre la Ley de No Discriminaci\u00f3n en el Empleo ( p\u00e1g. 811).<\/p>\n<p>Como usted sabe, la discriminaci\u00f3n laboral tiene efectos profundos en los salarios, las oportunidades laborales, la productividad y la salud de los trabajadores LGBT. La Ley de No Discriminaci\u00f3n en el Empleo (ENDA) adopta un enfoque equilibrado para poner fin a la discriminaci\u00f3n en el lugar de trabajo contra la comunidad LGBT. Espec\u00edficamente, ENDA prohibir\u00eda a la mayor\u00eda de los lugares de trabajo en los Estados Unidos, con exenciones para instituciones religiosas, clubes privados y ciertas peque\u00f1as empresas, discriminar a empleados potenciales y existentes por su orientaci\u00f3n sexual o identidad de g\u00e9nero. Como firmes partidarios de esta legislaci\u00f3n, le instamos a programar un tiempo para que los miembros del Comit\u00e9 consideren esta legislaci\u00f3n propuesta.&nbsp;<\/p>\n<p>ENDA encarna el ideal estadounidense de justicia: los empleados deben ser juzgados por sus habilidades y capacidades en el lugar de trabajo, y no por su orientaci\u00f3n sexual o identidad de g\u00e9nero. Si bien algunos estados proh\u00edben la discriminaci\u00f3n en el empleo p\u00fablico y privado por motivos de orientaci\u00f3n sexual e identidad de g\u00e9nero, estudios recientes han encontrado evidencia de una discriminaci\u00f3n laboral generalizada y continua contra las personas LGBT. Lamentablemente, todav\u00eda es legal que las empresas en muchos estados despidan a alguien por su orientaci\u00f3n sexual o identidad de g\u00e9nero.&nbsp;<\/p>\n<p>Apreciamos su apoyo pasado para discutir este tema cr\u00edtico para millones de trabajadores estadounidenses, y respetuosamente le pedimos que garantice una oportunidad durante este Congreso para que todo el Comit\u00e9 considere testimonios sobre este proyecto de ley.&nbsp;&nbsp;&nbsp;<\/p>\n<p>&nbsp;<\/p>\n<p>Atentamente,<\/p>\n<p>&nbsp;<\/p>\n<p align=\"center\">###<\/p>","protected":false},"excerpt":{"rendered":"<p>Washington, DC- United States Senators Jeff Merkley (D-OR), Mark Kirk (R-IL), Robert Casey (D-PA), and Susan Collins (R-ME) called on the Senate Health, Education, Labor and Pensions (HELP) Committee leadership to hold a hearing on the Employment Non-Discrimination Act (ENDA). In a letter to &nbsp;Chairman Tom Harkin (D-IA) and Ranking Member Mike Enzi (R-WY),&nbsp; the [&hellip;]<\/p>\n","protected":false},"author":2,"featured_media":0,"comment_status":"closed","ping_status":"closed","sticky":false,"template":"","format":"standard","meta":{"_acf_changed":false,"inline_featured_image":false,"footnotes":""},"categories":[24],"tags":[43,53,49],"class_list":["post-6351","post","type-post","status-publish","format-standard","hentry","category-press-releases","tag-bipartisan-actions","tag-civil-rights","tag-womens-rights-and-health"],"acf":[],"yoast_head":"<!-- This site is optimized with the Yoast SEO plugin v27.2 - https:\/\/yoast.com\/product\/yoast-seo-wordpress\/ -->\n<title>Senators Call for Hearing on LGBT Anti-Discrimination Bill - Merkley<\/title>\n<meta name=\"robots\" content=\"index, follow, max-snippet:-1, max-image-preview:large, max-video-preview:-1\" \/>\n<link rel=\"canonical\" href=\"https:\/\/www.merkley.senate.gov\/es\/senators-call-for-hearing-on-lgbt-anti-discrimination-bill\/\" \/>\n<meta property=\"og:locale\" content=\"es_MX\" \/>\n<meta property=\"og:type\" content=\"article\" \/>\n<meta property=\"og:title\" content=\"Senators Call for Hearing on LGBT Anti-Discrimination Bill - Merkley\" \/>\n<meta property=\"og:description\" content=\"Washington, DC- United States Senators Jeff Merkley (D-OR), Mark Kirk (R-IL), Robert Casey (D-PA), and Susan Collins (R-ME) called on the Senate Health, Education, Labor and Pensions (HELP) Committee leadership to hold a hearing on the Employment Non-Discrimination Act (ENDA). In a letter to &nbsp;Chairman Tom Harkin (D-IA) and Ranking Member Mike Enzi (R-WY),&nbsp; the [&hellip;]\" \/>\n<meta property=\"og:url\" content=\"https:\/\/www.merkley.senate.gov\/es\/senators-call-for-hearing-on-lgbt-anti-discrimination-bill\/\" \/>\n<meta property=\"og:site_name\" content=\"Merkley\" \/>\n<meta property=\"article:published_time\" content=\"2012-05-10T17:19:00+00:00\" \/>\n<meta property=\"article:modified_time\" content=\"2023-07-24T15:10:45+00:00\" \/>\n<meta name=\"twitter:card\" content=\"summary_large_image\" \/>\n<meta name=\"twitter:label1\" content=\"Written by\" \/>\n\t<meta name=\"twitter:data1\" content=\"\" \/>\n\t<meta name=\"twitter:label2\" content=\"Est. reading time\" \/>\n\t<meta name=\"twitter:data2\" content=\"4 minutes\" \/>\n<script type=\"application\/ld+json\" class=\"yoast-schema-graph\">{\"@context\":\"https:\/\/schema.org\",\"@graph\":[{\"@type\":\"Article\",\"@id\":\"https:\/\/www.merkley.senate.gov\/senators-call-for-hearing-on-lgbt-anti-discrimination-bill\/#article\",\"isPartOf\":{\"@id\":\"https:\/\/www.merkley.senate.gov\/senators-call-for-hearing-on-lgbt-anti-discrimination-bill\/\"},\"author\":{\"name\":\"\",\"@id\":\"\"},\"headline\":\"Senators Call for Hearing on LGBT Anti-Discrimination Bill\",\"datePublished\":\"2012-05-10T17:19:00+00:00\",\"dateModified\":\"2023-07-24T15:10:45+00:00\",\"mainEntityOfPage\":{\"@id\":\"https:\/\/www.merkley.senate.gov\/senators-call-for-hearing-on-lgbt-anti-discrimination-bill\/\"},\"wordCount\":810,\"keywords\":[\"Bipartisan Actions\",\"Civil Rights\",\"Women's Rights and Health\"],\"articleSection\":[\"Press Releases\"],\"inLanguage\":\"es-MX\"},{\"@type\":\"WebPage\",\"@id\":\"https:\/\/www.merkley.senate.gov\/senators-call-for-hearing-on-lgbt-anti-discrimination-bill\/\",\"url\":\"https:\/\/www.merkley.senate.gov\/senators-call-for-hearing-on-lgbt-anti-discrimination-bill\/\",\"name\":\"Senators Call for Hearing on LGBT Anti-Discrimination Bill - Merkley\",\"isPartOf\":{\"@id\":\"https:\/\/www.merkley.senate.gov\/#website\"},\"datePublished\":\"2012-05-10T17:19:00+00:00\",\"dateModified\":\"2023-07-24T15:10:45+00:00\",\"author\":{\"@id\":\"\"},\"breadcrumb\":{\"@id\":\"https:\/\/www.merkley.senate.gov\/senators-call-for-hearing-on-lgbt-anti-discrimination-bill\/#breadcrumb\"},\"inLanguage\":\"es-MX\",\"potentialAction\":[{\"@type\":\"ReadAction\",\"target\":[\"https:\/\/www.merkley.senate.gov\/senators-call-for-hearing-on-lgbt-anti-discrimination-bill\/\"]}]},{\"@type\":\"BreadcrumbList\",\"@id\":\"https:\/\/www.merkley.senate.gov\/senators-call-for-hearing-on-lgbt-anti-discrimination-bill\/#breadcrumb\",\"itemListElement\":[{\"@type\":\"ListItem\",\"position\":1,\"name\":\"Home\",\"item\":\"https:\/\/www.merkley.senate.gov\/\"},{\"@type\":\"ListItem\",\"position\":2,\"name\":\"Senators Call for Hearing on LGBT Anti-Discrimination Bill\"}]},{\"@type\":\"WebSite\",\"@id\":\"https:\/\/www.merkley.senate.gov\/#website\",\"url\":\"https:\/\/www.merkley.senate.gov\/\",\"name\":\"Merkley\",\"description\":\"Merkley\",\"potentialAction\":[{\"@type\":\"SearchAction\",\"target\":{\"@type\":\"EntryPoint\",\"urlTemplate\":\"https:\/\/www.merkley.senate.gov\/?s={search_term_string}\"},\"query-input\":{\"@type\":\"PropertyValueSpecification\",\"valueRequired\":true,\"valueName\":\"search_term_string\"}}],\"inLanguage\":\"es-MX\"},{\"@type\":\"Person\",\"@id\":\"\",\"url\":\"https:\/\/www.merkley.senate.gov\/es\/author\/\"}]}<\/script>\n<!-- \/ Yoast SEO plugin. -->","yoast_head_json":{"title":"Senators Call for Hearing on LGBT Anti-Discrimination Bill - Merkley","robots":{"index":"index","follow":"follow","max-snippet":"max-snippet:-1","max-image-preview":"max-image-preview:large","max-video-preview":"max-video-preview:-1"},"canonical":"https:\/\/www.merkley.senate.gov\/es\/senators-call-for-hearing-on-lgbt-anti-discrimination-bill\/","og_locale":"es_MX","og_type":"article","og_title":"Senators Call for Hearing on LGBT Anti-Discrimination Bill - Merkley","og_description":"Washington, DC- United States Senators Jeff Merkley (D-OR), Mark Kirk (R-IL), Robert Casey (D-PA), and Susan Collins (R-ME) called on the Senate Health, Education, Labor and Pensions (HELP) Committee leadership to hold a hearing on the Employment Non-Discrimination Act (ENDA). In a letter to &nbsp;Chairman Tom Harkin (D-IA) and Ranking Member Mike Enzi (R-WY),&nbsp; the [&hellip;]","og_url":"https:\/\/www.merkley.senate.gov\/es\/senators-call-for-hearing-on-lgbt-anti-discrimination-bill\/","og_site_name":"Merkley","article_published_time":"2012-05-10T17:19:00+00:00","article_modified_time":"2023-07-24T15:10:45+00:00","twitter_card":"summary_large_image","twitter_misc":{"Written by":"","Est. reading time":"4 minutes"},"schema":{"@context":"https:\/\/schema.org","@graph":[{"@type":"Article","@id":"https:\/\/www.merkley.senate.gov\/senators-call-for-hearing-on-lgbt-anti-discrimination-bill\/#article","isPartOf":{"@id":"https:\/\/www.merkley.senate.gov\/senators-call-for-hearing-on-lgbt-anti-discrimination-bill\/"},"author":{"name":"","@id":""},"headline":"Senators Call for Hearing on LGBT Anti-Discrimination Bill","datePublished":"2012-05-10T17:19:00+00:00","dateModified":"2023-07-24T15:10:45+00:00","mainEntityOfPage":{"@id":"https:\/\/www.merkley.senate.gov\/senators-call-for-hearing-on-lgbt-anti-discrimination-bill\/"},"wordCount":810,"keywords":["Bipartisan Actions","Civil Rights","Women's Rights and Health"],"articleSection":["Press Releases"],"inLanguage":"es-MX"},{"@type":"WebPage","@id":"https:\/\/www.merkley.senate.gov\/senators-call-for-hearing-on-lgbt-anti-discrimination-bill\/","url":"https:\/\/www.merkley.senate.gov\/senators-call-for-hearing-on-lgbt-anti-discrimination-bill\/","name":"Senators Call for Hearing on LGBT Anti-Discrimination Bill - Merkley","isPartOf":{"@id":"https:\/\/www.merkley.senate.gov\/#website"},"datePublished":"2012-05-10T17:19:00+00:00","dateModified":"2023-07-24T15:10:45+00:00","author":{"@id":""},"breadcrumb":{"@id":"https:\/\/www.merkley.senate.gov\/senators-call-for-hearing-on-lgbt-anti-discrimination-bill\/#breadcrumb"},"inLanguage":"es-MX","potentialAction":[{"@type":"ReadAction","target":["https:\/\/www.merkley.senate.gov\/senators-call-for-hearing-on-lgbt-anti-discrimination-bill\/"]}]},{"@type":"BreadcrumbList","@id":"https:\/\/www.merkley.senate.gov\/senators-call-for-hearing-on-lgbt-anti-discrimination-bill\/#breadcrumb","itemListElement":[{"@type":"ListItem","position":1,"name":"Home","item":"https:\/\/www.merkley.senate.gov\/"},{"@type":"ListItem","position":2,"name":"Senators Call for Hearing on LGBT Anti-Discrimination Bill"}]},{"@type":"WebSite","@id":"https:\/\/www.merkley.senate.gov\/#website","url":"https:\/\/www.merkley.senate.gov\/","name":"merkley","description":"merkley","potentialAction":[{"@type":"SearchAction","target":{"@type":"EntryPoint","urlTemplate":"https:\/\/www.merkley.senate.gov\/?s={search_term_string}"},"query-input":{"@type":"PropertyValueSpecification","valueRequired":true,"valueName":"search_term_string"}}],"inLanguage":"es-MX"},{"@type":"Person","@id":"","url":"https:\/\/www.merkley.senate.gov\/es\/author\/"}]}},"_links":{"self":[{"href":"https:\/\/www.merkley.senate.gov\/es\/wp-json\/wp\/v2\/posts\/6351","targetHints":{"allow":["GET"]}}],"collection":[{"href":"https:\/\/www.merkley.senate.gov\/es\/wp-json\/wp\/v2\/posts"}],"about":[{"href":"https:\/\/www.merkley.senate.gov\/es\/wp-json\/wp\/v2\/types\/post"}],"author":[{"embeddable":true,"href":"https:\/\/www.merkley.senate.gov\/es\/wp-json\/wp\/v2\/users\/2"}],"replies":[{"embeddable":true,"href":"https:\/\/www.merkley.senate.gov\/es\/wp-json\/wp\/v2\/comments?post=6351"}],"version-history":[{"count":1,"href":"https:\/\/www.merkley.senate.gov\/es\/wp-json\/wp\/v2\/posts\/6351\/revisions"}],"predecessor-version":[{"id":15727,"href":"https:\/\/www.merkley.senate.gov\/es\/wp-json\/wp\/v2\/posts\/6351\/revisions\/15727"}],"wp:attachment":[{"href":"https:\/\/www.merkley.senate.gov\/es\/wp-json\/wp\/v2\/media?parent=6351"}],"wp:term":[{"taxonomy":"category","embeddable":true,"href":"https:\/\/www.merkley.senate.gov\/es\/wp-json\/wp\/v2\/categories?post=6351"},{"taxonomy":"post_tag","embeddable":true,"href":"https:\/\/www.merkley.senate.gov\/es\/wp-json\/wp\/v2\/tags?post=6351"}],"curies":[{"name":"wp","href":"https:\/\/api.w.org\/{rel}","templated":true}]}}