{"id":6475,"date":"2011-08-25T16:36:00","date_gmt":"2011-08-25T20:36:00","guid":{"rendered":"https:\/\/www.merkley.senate.gov\/merkley-statement-on-trip-to-afghanistan\/"},"modified":"2023-07-24T11:10:54","modified_gmt":"2023-07-24T15:10:54","slug":"merkley-statement-on-trip-to-afghanistan","status":"publish","type":"post","link":"https:\/\/www.merkley.senate.gov\/es\/merkley-statement-on-trip-to-afghanistan\/","title":{"rendered":"Declaraci\u00f3n de Merkley sobre viaje a Afganist\u00e1n"},"content":{"rendered":"<p><strong>Portland, Oreg\u00f3n<\/strong> \u2013 El Senador de Oreg\u00f3n, Jeff Merkley, emiti\u00f3 la siguiente declaraci\u00f3n despu\u00e9s de regresar de un viaje de la Delegaci\u00f3n del Congreso a Afganist\u00e1n.<\/p>\n<p>\u201cNo puedes reunirte con nuestras tropas en el extranjero y no quedar impresionado por su habilidad, dedicaci\u00f3n y sacrificio. Emprenden y logran cosas asombrosas en condiciones incre\u00edblemente dif\u00edciles todos los d\u00edas, y fue un honor pasar tiempo con ellos.<\/p>\n<p>\u201cEste fue mi segundo viaje a Afganist\u00e1n, y algunas cosas han cambiado claramente desde mi \u00faltima visita hace 18 meses. Esta vez, todos, desde el general Allen para abajo, est\u00e1n concentrados en prepararse para la transici\u00f3n en 2014, seg\u00fan el cronograma que el presidente Obama ha adoptado para cuando los afganos se hagan cargo de la seguridad de su pa\u00eds.&nbsp;<\/p>\n<p>\u201cLa situaci\u00f3n de seguridad tambi\u00e9n ha cambiado. El basti\u00f3n tradicional de los talibanes en el sur de Afganist\u00e1n est\u00e1 ahora mucho m\u00e1s firmemente controlado por la coalici\u00f3n, pero la situaci\u00f3n a lo largo de la frontera con Pakist\u00e1n en el este se ha vuelto m\u00e1s dif\u00edcil. El grupo Haqqani, que opera a ambos lados de la frontera, se ha convertido en una amenaza y sigue teniendo un refugio seguro en Pakist\u00e1n.<\/p>\n<p>\u201cEl liderazgo militar pint\u00f3 una imagen muy positiva del entrenamiento del Ej\u00e9rcito Nacional Afgano y la Polic\u00eda Nacional Afgana, tanto con respecto al n\u00famero como al desempe\u00f1o de los afganos. Nuestra misi\u00f3n formativa ha hecho de la ense\u00f1anza de la lectoescritura una prioridad, vi\u00e9ndola como un elemento esencial tanto en la retenci\u00f3n como en el desempe\u00f1o ya que el 84% de los reclutas son analfabetos. Estados Unidos tambi\u00e9n ha desarrollado nuevos programas de capacitaci\u00f3n para l\u00edderes militares y para habilidades militares espec\u00edficas.<\/p>\n<p>\u201cTambi\u00e9n est\u00e1 en marcha una iniciativa relativamente nueva de la Polic\u00eda Local Afgana (ALP) para ayudar a capacitar a hombres seleccionados localmente para defender las aldeas locales. Visit\u00e9 una aldea cerca de la frontera con Pakist\u00e1n donde las tropas estadounidenses viven entre los aldeanos y entrenan a las unidades ALP en el \u00e1rea. La profundidad de la confianza que nuestros soldados han establecido en ese pueblo lo convierte en un modelo que Estados Unidos espera aplicar de manera m\u00e1s amplia. Si tiene \u00e9xito, este programa podr\u00eda ser una pieza importante del rompecabezas de la seguridad.<\/p>\n<p>\u201cEn resumen, nuestro ej\u00e9rcito est\u00e1 haciendo todo lo posible para ayudar al gobierno afgano ya las fuerzas de seguridad a tener \u00e9xito. Pero un Afganist\u00e1n estable y exitoso requiere mucho m\u00e1s, y hay menos por lo que alentarse en otras dimensiones.<\/p>\n<p>\u201cLa corrupci\u00f3n end\u00e9mica contin\u00faa plagando al gobierno afgano, las fuerzas de seguridad y las instituciones financieras. Si bien el presidente Karzai nos asegur\u00f3 que ahora tiene la intenci\u00f3n de asumir este desaf\u00edo, hay poca evidencia para argumentar que tales esfuerzos tendr\u00e1n \u00e9xito. La corrupci\u00f3n hace un da\u00f1o enorme. Hace que el gobierno central y sus representantes sean algo a temer en lugar de una fuente de servicios o seguridad para la poblaci\u00f3n. En otros casos, como el robo de mil millones de d\u00f3lares del Banco de Kabul, da\u00f1a enormemente las perspectivas econ\u00f3micas futuras de la naci\u00f3n.<\/p>\n<p>\u201cEl sistema pol\u00edtico es disfuncional, dejando enormes interrogantes sobre las elecciones presidenciales y parlamentarias previstas para 2013 y 2014.&nbsp;<\/p>\n<p>\u201cY a pesar de los mejores esfuerzos de las soberbias tropas estadounidenses, la seguridad est\u00e1 muy comprometida por los refugios seguros que los insurgentes tienen en Pakist\u00e1n. Despu\u00e9s de reunirme con los principales l\u00edderes paquistan\u00edes, no tengo motivos para pensar que nos ayudar\u00e1n a eliminar esos refugios seguros.<\/p>\n<p>\u201cEn resumen, Estados Unidos ha logrado los objetivos que nos propusimos originalmente: eliminar a los talibanes del poder; destruir los campos de entrenamiento de al Qaeda; y llevar ante la justicia a los responsables del 11 de septiembre. Sin embargo, nos hemos deslizado hacia una estrategia adicional de construcci\u00f3n nacional que enfrenta enormes obst\u00e1culos y consume una enorme parte de nuestros recursos militares y econ\u00f3micos. Por lo tanto, continuar\u00e9 alentando a nuestro presidente a que reconsidere esta misi\u00f3n y adopte un enfoque antiterrorista que reconozca las actividades terroristas sustanciales en todo el mundo y ponga fin a nuestro despliegue de construcci\u00f3n nacional en Afganist\u00e1n\u201d.<\/p>","protected":false},"excerpt":{"rendered":"<p>Portland, OR &ndash; Oregon&rsquo;s Senator Jeff Merkley released the following statement after returning from a Congressional Delegation trip to Afghanistan. &ldquo;You can&rsquo;t meet with our troops overseas and not be blown away by their skill, dedication, and sacrifice.&nbsp; They undertake and accomplish amazing things under incredibly difficult conditions every day, and it was an honor [&hellip;]<\/p>\n","protected":false},"author":2,"featured_media":0,"comment_status":"closed","ping_status":"closed","sticky":false,"template":"","format":"standard","meta":{"_acf_changed":false,"inline_featured_image":false,"footnotes":""},"categories":[24],"tags":[38],"class_list":["post-6475","post","type-post","status-publish","format-standard","hentry","category-press-releases","tag-foreign-policy-and-national-security"],"acf":[],"yoast_head":"<!-- This site is optimized with the Yoast SEO plugin v27.2 - https:\/\/yoast.com\/product\/yoast-seo-wordpress\/ -->\n<title>Merkley Statement on Trip to Afghanistan - Merkley<\/title>\n<meta name=\"robots\" content=\"index, follow, max-snippet:-1, max-image-preview:large, max-video-preview:-1\" \/>\n<link rel=\"canonical\" href=\"https:\/\/www.merkley.senate.gov\/es\/merkley-statement-on-trip-to-afghanistan\/\" \/>\n<meta property=\"og:locale\" content=\"es_MX\" \/>\n<meta property=\"og:type\" content=\"article\" \/>\n<meta property=\"og:title\" content=\"Merkley Statement on Trip to Afghanistan - Merkley\" \/>\n<meta property=\"og:description\" content=\"Portland, OR &ndash; Oregon&rsquo;s Senator Jeff Merkley released the following statement after returning from a Congressional Delegation trip to Afghanistan. &ldquo;You can&rsquo;t meet with our troops overseas and not be blown away by their skill, dedication, and sacrifice.&nbsp; They undertake and accomplish amazing things under incredibly difficult conditions every day, and it was an honor [&hellip;]\" \/>\n<meta property=\"og:url\" content=\"https:\/\/www.merkley.senate.gov\/es\/merkley-statement-on-trip-to-afghanistan\/\" \/>\n<meta property=\"og:site_name\" content=\"Merkley\" \/>\n<meta property=\"article:published_time\" content=\"2011-08-25T20:36:00+00:00\" \/>\n<meta property=\"article:modified_time\" content=\"2023-07-24T15:10:54+00:00\" \/>\n<meta name=\"twitter:card\" content=\"summary_large_image\" \/>\n<meta name=\"twitter:label1\" content=\"Written by\" \/>\n\t<meta name=\"twitter:data1\" content=\"\" \/>\n\t<meta name=\"twitter:label2\" content=\"Est. reading time\" \/>\n\t<meta name=\"twitter:data2\" content=\"3 minutes\" \/>\n<script type=\"application\/ld+json\" class=\"yoast-schema-graph\">{\"@context\":\"https:\/\/schema.org\",\"@graph\":[{\"@type\":\"Article\",\"@id\":\"https:\/\/www.merkley.senate.gov\/merkley-statement-on-trip-to-afghanistan\/#article\",\"isPartOf\":{\"@id\":\"https:\/\/www.merkley.senate.gov\/merkley-statement-on-trip-to-afghanistan\/\"},\"author\":{\"name\":\"\",\"@id\":\"\"},\"headline\":\"Merkley Statement on Trip to Afghanistan\",\"datePublished\":\"2011-08-25T20:36:00+00:00\",\"dateModified\":\"2023-07-24T15:10:54+00:00\",\"mainEntityOfPage\":{\"@id\":\"https:\/\/www.merkley.senate.gov\/merkley-statement-on-trip-to-afghanistan\/\"},\"wordCount\":646,\"keywords\":[\"Foreign Policy and National Security\"],\"articleSection\":[\"Press Releases\"],\"inLanguage\":\"es-MX\"},{\"@type\":\"WebPage\",\"@id\":\"https:\/\/www.merkley.senate.gov\/merkley-statement-on-trip-to-afghanistan\/\",\"url\":\"https:\/\/www.merkley.senate.gov\/merkley-statement-on-trip-to-afghanistan\/\",\"name\":\"Merkley Statement on Trip to Afghanistan - Merkley\",\"isPartOf\":{\"@id\":\"https:\/\/www.merkley.senate.gov\/#website\"},\"datePublished\":\"2011-08-25T20:36:00+00:00\",\"dateModified\":\"2023-07-24T15:10:54+00:00\",\"author\":{\"@id\":\"\"},\"breadcrumb\":{\"@id\":\"https:\/\/www.merkley.senate.gov\/merkley-statement-on-trip-to-afghanistan\/#breadcrumb\"},\"inLanguage\":\"es-MX\",\"potentialAction\":[{\"@type\":\"ReadAction\",\"target\":[\"https:\/\/www.merkley.senate.gov\/merkley-statement-on-trip-to-afghanistan\/\"]}]},{\"@type\":\"BreadcrumbList\",\"@id\":\"https:\/\/www.merkley.senate.gov\/merkley-statement-on-trip-to-afghanistan\/#breadcrumb\",\"itemListElement\":[{\"@type\":\"ListItem\",\"position\":1,\"name\":\"Home\",\"item\":\"https:\/\/www.merkley.senate.gov\/\"},{\"@type\":\"ListItem\",\"position\":2,\"name\":\"Merkley Statement on Trip to Afghanistan\"}]},{\"@type\":\"WebSite\",\"@id\":\"https:\/\/www.merkley.senate.gov\/#website\",\"url\":\"https:\/\/www.merkley.senate.gov\/\",\"name\":\"Merkley\",\"description\":\"Merkley\",\"potentialAction\":[{\"@type\":\"SearchAction\",\"target\":{\"@type\":\"EntryPoint\",\"urlTemplate\":\"https:\/\/www.merkley.senate.gov\/?s={search_term_string}\"},\"query-input\":{\"@type\":\"PropertyValueSpecification\",\"valueRequired\":true,\"valueName\":\"search_term_string\"}}],\"inLanguage\":\"es-MX\"},{\"@type\":\"Person\",\"@id\":\"\",\"url\":\"https:\/\/www.merkley.senate.gov\/es\/author\/\"}]}<\/script>\n<!-- \/ Yoast SEO plugin. -->","yoast_head_json":{"title":"Merkley Statement on Trip to Afghanistan - Merkley","robots":{"index":"index","follow":"follow","max-snippet":"max-snippet:-1","max-image-preview":"max-image-preview:large","max-video-preview":"max-video-preview:-1"},"canonical":"https:\/\/www.merkley.senate.gov\/es\/merkley-statement-on-trip-to-afghanistan\/","og_locale":"es_MX","og_type":"article","og_title":"Merkley Statement on Trip to Afghanistan - Merkley","og_description":"Portland, OR &ndash; Oregon&rsquo;s Senator Jeff Merkley released the following statement after returning from a Congressional Delegation trip to Afghanistan. &ldquo;You can&rsquo;t meet with our troops overseas and not be blown away by their skill, dedication, and sacrifice.&nbsp; They undertake and accomplish amazing things under incredibly difficult conditions every day, and it was an honor [&hellip;]","og_url":"https:\/\/www.merkley.senate.gov\/es\/merkley-statement-on-trip-to-afghanistan\/","og_site_name":"Merkley","article_published_time":"2011-08-25T20:36:00+00:00","article_modified_time":"2023-07-24T15:10:54+00:00","twitter_card":"summary_large_image","twitter_misc":{"Written by":"","Est. reading time":"3 minutes"},"schema":{"@context":"https:\/\/schema.org","@graph":[{"@type":"Article","@id":"https:\/\/www.merkley.senate.gov\/merkley-statement-on-trip-to-afghanistan\/#article","isPartOf":{"@id":"https:\/\/www.merkley.senate.gov\/merkley-statement-on-trip-to-afghanistan\/"},"author":{"name":"","@id":""},"headline":"Merkley Statement on Trip to Afghanistan","datePublished":"2011-08-25T20:36:00+00:00","dateModified":"2023-07-24T15:10:54+00:00","mainEntityOfPage":{"@id":"https:\/\/www.merkley.senate.gov\/merkley-statement-on-trip-to-afghanistan\/"},"wordCount":646,"keywords":["Foreign Policy and National Security"],"articleSection":["Press Releases"],"inLanguage":"es-MX"},{"@type":"WebPage","@id":"https:\/\/www.merkley.senate.gov\/merkley-statement-on-trip-to-afghanistan\/","url":"https:\/\/www.merkley.senate.gov\/merkley-statement-on-trip-to-afghanistan\/","name":"Merkley Statement on Trip to Afghanistan - Merkley","isPartOf":{"@id":"https:\/\/www.merkley.senate.gov\/#website"},"datePublished":"2011-08-25T20:36:00+00:00","dateModified":"2023-07-24T15:10:54+00:00","author":{"@id":""},"breadcrumb":{"@id":"https:\/\/www.merkley.senate.gov\/merkley-statement-on-trip-to-afghanistan\/#breadcrumb"},"inLanguage":"es-MX","potentialAction":[{"@type":"ReadAction","target":["https:\/\/www.merkley.senate.gov\/merkley-statement-on-trip-to-afghanistan\/"]}]},{"@type":"BreadcrumbList","@id":"https:\/\/www.merkley.senate.gov\/merkley-statement-on-trip-to-afghanistan\/#breadcrumb","itemListElement":[{"@type":"ListItem","position":1,"name":"Home","item":"https:\/\/www.merkley.senate.gov\/"},{"@type":"ListItem","position":2,"name":"Merkley Statement on Trip to Afghanistan"}]},{"@type":"WebSite","@id":"https:\/\/www.merkley.senate.gov\/#website","url":"https:\/\/www.merkley.senate.gov\/","name":"merkley","description":"merkley","potentialAction":[{"@type":"SearchAction","target":{"@type":"EntryPoint","urlTemplate":"https:\/\/www.merkley.senate.gov\/?s={search_term_string}"},"query-input":{"@type":"PropertyValueSpecification","valueRequired":true,"valueName":"search_term_string"}}],"inLanguage":"es-MX"},{"@type":"Person","@id":"","url":"https:\/\/www.merkley.senate.gov\/es\/author\/"}]}},"_links":{"self":[{"href":"https:\/\/www.merkley.senate.gov\/es\/wp-json\/wp\/v2\/posts\/6475","targetHints":{"allow":["GET"]}}],"collection":[{"href":"https:\/\/www.merkley.senate.gov\/es\/wp-json\/wp\/v2\/posts"}],"about":[{"href":"https:\/\/www.merkley.senate.gov\/es\/wp-json\/wp\/v2\/types\/post"}],"author":[{"embeddable":true,"href":"https:\/\/www.merkley.senate.gov\/es\/wp-json\/wp\/v2\/users\/2"}],"replies":[{"embeddable":true,"href":"https:\/\/www.merkley.senate.gov\/es\/wp-json\/wp\/v2\/comments?post=6475"}],"version-history":[{"count":1,"href":"https:\/\/www.merkley.senate.gov\/es\/wp-json\/wp\/v2\/posts\/6475\/revisions"}],"predecessor-version":[{"id":15851,"href":"https:\/\/www.merkley.senate.gov\/es\/wp-json\/wp\/v2\/posts\/6475\/revisions\/15851"}],"wp:attachment":[{"href":"https:\/\/www.merkley.senate.gov\/es\/wp-json\/wp\/v2\/media?parent=6475"}],"wp:term":[{"taxonomy":"category","embeddable":true,"href":"https:\/\/www.merkley.senate.gov\/es\/wp-json\/wp\/v2\/categories?post=6475"},{"taxonomy":"post_tag","embeddable":true,"href":"https:\/\/www.merkley.senate.gov\/es\/wp-json\/wp\/v2\/tags?post=6475"}],"curies":[{"name":"wp","href":"https:\/\/api.w.org\/{rel}","templated":true}]}}