{"id":6478,"date":"2011-08-08T01:46:00","date_gmt":"2011-08-08T05:46:00","guid":{"rendered":"https:\/\/www.merkley.senate.gov\/merkley-statement-on-the-passing-of-senator-mark-hatfield\/"},"modified":"2023-07-24T11:10:54","modified_gmt":"2023-07-24T15:10:54","slug":"merkley-statement-on-the-passing-of-senator-mark-hatfield","status":"publish","type":"post","link":"https:\/\/www.merkley.senate.gov\/es\/merkley-statement-on-the-passing-of-senator-mark-hatfield\/","title":{"rendered":"Declaraci\u00f3n de Merkley sobre el fallecimiento del senador Mark Hatfield"},"content":{"rendered":"<p>Portland \u2013 El senador de Oreg\u00f3n, Jeff Merkley, emiti\u00f3 la siguiente declaraci\u00f3n sobre el fallecimiento del ex gobernador y senador Mark O. Hatfield de Oreg\u00f3n.<\/p>\n<blockquote>\n<p>\u201cMe entristece profundamente enterarme de la muerte del senador Hatfield.<\/p>\n<p>\u201cEl senador Hatfield adopt\u00f3 valientes posiciones de conciencia \u2013desde oponerse a la guerra de Vietnam hasta abogar por la abolici\u00f3n de la pena de muerte\u2013 frente a una oposici\u00f3n pol\u00edtica sustancial. Inspir\u00f3 a muchos a dedicarse al servicio p\u00fablico, anim\u00e1ndolos a trabajar para hacer lo correcto en lugar de lo conveniente o popular.<\/p>\n<p>\u201cEl Senador Hatfield jug\u00f3 un papel enorme en hacer de Oreg\u00f3n lo que es hoy. Sus manos estuvieron trabajando en el desarrollo de tantas instituciones que atesoramos como habitantes de Oregon, desde la Universidad de Ciencias y Salud de Oregon hasta el Centro de Ciencias Marinas Mark Hatfield en Newport y Opal Creek Wilderness, por nombrar solo algunas. Tambi\u00e9n debe ser recordado, en esta \u00e9poca de amargo partidismo, por su diplomacia bipartidista y amable.<\/p>\n<p>\u201cHe admirado mucho al Senador Hatfield desde que tuve la oportunidad de ser uno de los cientos de pasantes que recibi\u00f3 durante sus d\u00e9cadas de servicio p\u00fablico. Esta noche ha fallecido un gran hombre entre nosotros y lo extra\u00f1aremos mucho. Mary y yo mantendremos a su esposa y compa\u00f1era Antoinette y a su familia en nuestras oraciones\u201d.<\/p>\n<\/blockquote>\n<p align=\"center\">&nbsp;###<\/p>","protected":false},"excerpt":{"rendered":"<p>Portland &ndash; Oregon&rsquo;s Senator Jeff Merkley released the following statement on the passing of former Governor and Senator Mark O. Hatfield of Oregon. &ldquo;I am deeply saddened to hear about Senator Hatfield&rsquo;s death. &ldquo;Senator Hatfield took courageous positions of conscience &#8212; from opposing the Vietnam War to advocating &nbsp;for the abolition of the death penalty [&hellip;]<\/p>\n","protected":false},"author":2,"featured_media":0,"comment_status":"closed","ping_status":"closed","sticky":false,"template":"","format":"standard","meta":{"_acf_changed":false,"inline_featured_image":false,"footnotes":""},"categories":[24],"tags":[],"class_list":["post-6478","post","type-post","status-publish","format-standard","hentry","category-press-releases"],"acf":[],"yoast_head":"<!-- This site is optimized with the Yoast SEO plugin v27.2 - https:\/\/yoast.com\/product\/yoast-seo-wordpress\/ -->\n<title>Merkley Statement on the Passing of Senator Mark Hatfield - Merkley<\/title>\n<meta name=\"robots\" content=\"index, follow, max-snippet:-1, max-image-preview:large, max-video-preview:-1\" \/>\n<link rel=\"canonical\" href=\"https:\/\/www.merkley.senate.gov\/es\/merkley-statement-on-the-passing-of-senator-mark-hatfield\/\" \/>\n<meta property=\"og:locale\" content=\"es_MX\" \/>\n<meta property=\"og:type\" content=\"article\" \/>\n<meta property=\"og:title\" content=\"Merkley Statement on the Passing of Senator Mark Hatfield - Merkley\" \/>\n<meta property=\"og:description\" content=\"Portland &ndash; Oregon&rsquo;s Senator Jeff Merkley released the following statement on the passing of former Governor and Senator Mark O. Hatfield of Oregon. &ldquo;I am deeply saddened to hear about Senator Hatfield&rsquo;s death. &ldquo;Senator Hatfield took courageous positions of conscience &#8212; from opposing the Vietnam War to advocating &nbsp;for the abolition of the death penalty [&hellip;]\" \/>\n<meta property=\"og:url\" content=\"https:\/\/www.merkley.senate.gov\/es\/merkley-statement-on-the-passing-of-senator-mark-hatfield\/\" \/>\n<meta property=\"og:site_name\" content=\"Merkley\" \/>\n<meta property=\"article:published_time\" content=\"2011-08-08T05:46:00+00:00\" \/>\n<meta property=\"article:modified_time\" content=\"2023-07-24T15:10:54+00:00\" \/>\n<meta name=\"twitter:card\" content=\"summary_large_image\" \/>\n<meta name=\"twitter:label1\" content=\"Written by\" \/>\n\t<meta name=\"twitter:data1\" content=\"\" \/>\n\t<meta name=\"twitter:label2\" content=\"Est. reading time\" \/>\n\t<meta name=\"twitter:data2\" content=\"1 minute\" \/>\n<script type=\"application\/ld+json\" class=\"yoast-schema-graph\">{\"@context\":\"https:\/\/schema.org\",\"@graph\":[{\"@type\":\"Article\",\"@id\":\"https:\/\/www.merkley.senate.gov\/merkley-statement-on-the-passing-of-senator-mark-hatfield\/#article\",\"isPartOf\":{\"@id\":\"https:\/\/www.merkley.senate.gov\/merkley-statement-on-the-passing-of-senator-mark-hatfield\/\"},\"author\":{\"name\":\"\",\"@id\":\"\"},\"headline\":\"Merkley Statement on the Passing of Senator Mark Hatfield\",\"datePublished\":\"2011-08-08T05:46:00+00:00\",\"dateModified\":\"2023-07-24T15:10:54+00:00\",\"mainEntityOfPage\":{\"@id\":\"https:\/\/www.merkley.senate.gov\/merkley-statement-on-the-passing-of-senator-mark-hatfield\/\"},\"wordCount\":238,\"articleSection\":[\"Press Releases\"],\"inLanguage\":\"es-MX\"},{\"@type\":\"WebPage\",\"@id\":\"https:\/\/www.merkley.senate.gov\/merkley-statement-on-the-passing-of-senator-mark-hatfield\/\",\"url\":\"https:\/\/www.merkley.senate.gov\/merkley-statement-on-the-passing-of-senator-mark-hatfield\/\",\"name\":\"Merkley Statement on the Passing of Senator Mark Hatfield - Merkley\",\"isPartOf\":{\"@id\":\"https:\/\/www.merkley.senate.gov\/#website\"},\"datePublished\":\"2011-08-08T05:46:00+00:00\",\"dateModified\":\"2023-07-24T15:10:54+00:00\",\"author\":{\"@id\":\"\"},\"breadcrumb\":{\"@id\":\"https:\/\/www.merkley.senate.gov\/merkley-statement-on-the-passing-of-senator-mark-hatfield\/#breadcrumb\"},\"inLanguage\":\"es-MX\",\"potentialAction\":[{\"@type\":\"ReadAction\",\"target\":[\"https:\/\/www.merkley.senate.gov\/merkley-statement-on-the-passing-of-senator-mark-hatfield\/\"]}]},{\"@type\":\"BreadcrumbList\",\"@id\":\"https:\/\/www.merkley.senate.gov\/merkley-statement-on-the-passing-of-senator-mark-hatfield\/#breadcrumb\",\"itemListElement\":[{\"@type\":\"ListItem\",\"position\":1,\"name\":\"Home\",\"item\":\"https:\/\/www.merkley.senate.gov\/\"},{\"@type\":\"ListItem\",\"position\":2,\"name\":\"Merkley Statement on the Passing of Senator Mark Hatfield\"}]},{\"@type\":\"WebSite\",\"@id\":\"https:\/\/www.merkley.senate.gov\/#website\",\"url\":\"https:\/\/www.merkley.senate.gov\/\",\"name\":\"Merkley\",\"description\":\"Merkley\",\"potentialAction\":[{\"@type\":\"SearchAction\",\"target\":{\"@type\":\"EntryPoint\",\"urlTemplate\":\"https:\/\/www.merkley.senate.gov\/?s={search_term_string}\"},\"query-input\":{\"@type\":\"PropertyValueSpecification\",\"valueRequired\":true,\"valueName\":\"search_term_string\"}}],\"inLanguage\":\"es-MX\"},{\"@type\":\"Person\",\"@id\":\"\",\"url\":\"https:\/\/www.merkley.senate.gov\/es\/author\/\"}]}<\/script>\n<!-- \/ Yoast SEO plugin. -->","yoast_head_json":{"title":"Merkley Statement on the Passing of Senator Mark Hatfield - Merkley","robots":{"index":"index","follow":"follow","max-snippet":"max-snippet:-1","max-image-preview":"max-image-preview:large","max-video-preview":"max-video-preview:-1"},"canonical":"https:\/\/www.merkley.senate.gov\/es\/merkley-statement-on-the-passing-of-senator-mark-hatfield\/","og_locale":"es_MX","og_type":"article","og_title":"Merkley Statement on the Passing of Senator Mark Hatfield - Merkley","og_description":"Portland &ndash; Oregon&rsquo;s Senator Jeff Merkley released the following statement on the passing of former Governor and Senator Mark O. Hatfield of Oregon. &ldquo;I am deeply saddened to hear about Senator Hatfield&rsquo;s death. &ldquo;Senator Hatfield took courageous positions of conscience &#8212; from opposing the Vietnam War to advocating &nbsp;for the abolition of the death penalty [&hellip;]","og_url":"https:\/\/www.merkley.senate.gov\/es\/merkley-statement-on-the-passing-of-senator-mark-hatfield\/","og_site_name":"Merkley","article_published_time":"2011-08-08T05:46:00+00:00","article_modified_time":"2023-07-24T15:10:54+00:00","twitter_card":"summary_large_image","twitter_misc":{"Written by":"","Est. reading time":"1 minute"},"schema":{"@context":"https:\/\/schema.org","@graph":[{"@type":"Article","@id":"https:\/\/www.merkley.senate.gov\/merkley-statement-on-the-passing-of-senator-mark-hatfield\/#article","isPartOf":{"@id":"https:\/\/www.merkley.senate.gov\/merkley-statement-on-the-passing-of-senator-mark-hatfield\/"},"author":{"name":"","@id":""},"headline":"Merkley Statement on the Passing of Senator Mark Hatfield","datePublished":"2011-08-08T05:46:00+00:00","dateModified":"2023-07-24T15:10:54+00:00","mainEntityOfPage":{"@id":"https:\/\/www.merkley.senate.gov\/merkley-statement-on-the-passing-of-senator-mark-hatfield\/"},"wordCount":238,"articleSection":["Press Releases"],"inLanguage":"es-MX"},{"@type":"WebPage","@id":"https:\/\/www.merkley.senate.gov\/merkley-statement-on-the-passing-of-senator-mark-hatfield\/","url":"https:\/\/www.merkley.senate.gov\/merkley-statement-on-the-passing-of-senator-mark-hatfield\/","name":"Merkley Statement on the Passing of Senator Mark Hatfield - Merkley","isPartOf":{"@id":"https:\/\/www.merkley.senate.gov\/#website"},"datePublished":"2011-08-08T05:46:00+00:00","dateModified":"2023-07-24T15:10:54+00:00","author":{"@id":""},"breadcrumb":{"@id":"https:\/\/www.merkley.senate.gov\/merkley-statement-on-the-passing-of-senator-mark-hatfield\/#breadcrumb"},"inLanguage":"es-MX","potentialAction":[{"@type":"ReadAction","target":["https:\/\/www.merkley.senate.gov\/merkley-statement-on-the-passing-of-senator-mark-hatfield\/"]}]},{"@type":"BreadcrumbList","@id":"https:\/\/www.merkley.senate.gov\/merkley-statement-on-the-passing-of-senator-mark-hatfield\/#breadcrumb","itemListElement":[{"@type":"ListItem","position":1,"name":"Home","item":"https:\/\/www.merkley.senate.gov\/"},{"@type":"ListItem","position":2,"name":"Merkley Statement on the Passing of Senator Mark Hatfield"}]},{"@type":"WebSite","@id":"https:\/\/www.merkley.senate.gov\/#website","url":"https:\/\/www.merkley.senate.gov\/","name":"merkley","description":"merkley","potentialAction":[{"@type":"SearchAction","target":{"@type":"EntryPoint","urlTemplate":"https:\/\/www.merkley.senate.gov\/?s={search_term_string}"},"query-input":{"@type":"PropertyValueSpecification","valueRequired":true,"valueName":"search_term_string"}}],"inLanguage":"es-MX"},{"@type":"Person","@id":"","url":"https:\/\/www.merkley.senate.gov\/es\/author\/"}]}},"_links":{"self":[{"href":"https:\/\/www.merkley.senate.gov\/es\/wp-json\/wp\/v2\/posts\/6478","targetHints":{"allow":["GET"]}}],"collection":[{"href":"https:\/\/www.merkley.senate.gov\/es\/wp-json\/wp\/v2\/posts"}],"about":[{"href":"https:\/\/www.merkley.senate.gov\/es\/wp-json\/wp\/v2\/types\/post"}],"author":[{"embeddable":true,"href":"https:\/\/www.merkley.senate.gov\/es\/wp-json\/wp\/v2\/users\/2"}],"replies":[{"embeddable":true,"href":"https:\/\/www.merkley.senate.gov\/es\/wp-json\/wp\/v2\/comments?post=6478"}],"version-history":[{"count":1,"href":"https:\/\/www.merkley.senate.gov\/es\/wp-json\/wp\/v2\/posts\/6478\/revisions"}],"predecessor-version":[{"id":15854,"href":"https:\/\/www.merkley.senate.gov\/es\/wp-json\/wp\/v2\/posts\/6478\/revisions\/15854"}],"wp:attachment":[{"href":"https:\/\/www.merkley.senate.gov\/es\/wp-json\/wp\/v2\/media?parent=6478"}],"wp:term":[{"taxonomy":"category","embeddable":true,"href":"https:\/\/www.merkley.senate.gov\/es\/wp-json\/wp\/v2\/categories?post=6478"},{"taxonomy":"post_tag","embeddable":true,"href":"https:\/\/www.merkley.senate.gov\/es\/wp-json\/wp\/v2\/tags?post=6478"}],"curies":[{"name":"wp","href":"https:\/\/api.w.org\/{rel}","templated":true}]}}