{"id":6497,"date":"2011-06-22T20:05:00","date_gmt":"2011-06-23T00:05:00","guid":{"rendered":"https:\/\/www.merkley.senate.gov\/merkley-it-is-time-for-a-new-direction-in-afghanistan\/"},"modified":"2023-07-24T11:10:56","modified_gmt":"2023-07-24T15:10:56","slug":"merkley-it-is-time-for-a-new-direction-in-afghanistan","status":"publish","type":"post","link":"https:\/\/www.merkley.senate.gov\/es\/merkley-it-is-time-for-a-new-direction-in-afghanistan\/","title":{"rendered":"Merkley: Es hora de tomar una nueva direcci\u00f3n en Afganist\u00e1n"},"content":{"rendered":"<p>WASHINGTON, DC \u2013 El senador de Oreg\u00f3n, Jeff Merkley, reiter\u00f3 hoy su llamado a que el Presidente se comprometa con una reducci\u00f3n considerable y sostenida de las tropas de Afganist\u00e1n. Est\u00e1 previsto que el Presidente Obama hable sobre el futuro de ese pa\u00eds esta noche. Los primeros informes noticiosos indican que Obama pedir\u00e1 ahora peque\u00f1as reducciones en las tropas de combate, dejando la mayor parte de las tropas de \u201cincremento\u201d en el lugar hasta 2012 y aproximadamente 70.000 miembros del servicio en Afganist\u00e1n m\u00e1s all\u00e1 de ese per\u00edodo.&nbsp;<\/p>\n<blockquote>\n<p>\u201cSi los informes sobre el discurso del presidente son correctos, al final de su mandato tendremos el doble de tropas de combate en Afganist\u00e1n que al principio. En lugar de eso, deber\u00edamos tener un camino para traer esas tropas a casa.<\/p>\n<p>\u201cLo que necesitamos escuchar esta noche es un compromiso para cambiar la estrategia de construcci\u00f3n nacional actualmente vigente. Fuimos a Afganist\u00e1n para lograr tres objetivos: acabar con los campos de entrenamiento de terroristas de Al Qaeda, derrocar al gobierno talib\u00e1n que da refugio a los terroristas y llevar ante la justicia a quienes nos atacaron el 11 de septiembre.<sup>el<\/sup>. Hemos logrado en gran medida esos objetivos.&nbsp;<\/p>\n<p>\u201cPero en el camino se a\u00f1adi\u00f3 un cuarto objetivo: un esfuerzo indefinido de construcci\u00f3n de una naci\u00f3n, a un costo de miles de millones de d\u00f3lares. Este no deber\u00eda seguir siendo el foco principal de nuestros esfuerzos de seguridad nacional.<\/p>\n<p>\u201cEn cambio, tengo la esperanza de que el Presidente esboce un plan que nos proporcione un camino para poner fin a nuestra participaci\u00f3n en Afganist\u00e1n y un enfoque renovado en perseguir a los terroristas en todo el mundo.&nbsp;<\/p>\n<p>\u201cAdem\u00e1s, deber\u00edamos invertir en la construcci\u00f3n de una naci\u00f3n aqu\u00ed en casa y hacer que la econom\u00eda estadounidense vuelva a moverse. Despu\u00e9s de diez a\u00f1os, hemos logrado lo que originalmente nos propusimos lograr en Afganist\u00e1n. Es hora de poner fin a esta guerra\u201d.<\/p>\n<\/blockquote>\n<p>La semana pasada, Merkley encabez\u00f3 una coalici\u00f3n bipartidista de 27 senadores para instar a Obama a anunciar una reducci\u00f3n sostenida y considerable de las tropas. Una copia de la carta puede ser <a href=\"http:\/\/www.merkley.senate.gov\/es\/newsroom\/press\/release\/?id=A6E9071A-583D-488F-AAB9-2B44ECC7EB0C\">visto aqu\u00ed<\/a>.<\/p>\n<p align=\"center\">###<\/p>","protected":false},"excerpt":{"rendered":"<p>WASHINGTON, DC &ndash; Oregon&rsquo;s Senator Jeff Merkley today reiterated his call that the President commit to a sizeable and sustained drawdown of troops from Afghanistan.&nbsp; President Obama is scheduled to speak about the future of that country later tonight.&nbsp; Early news reports indicate that Obama will call for small decreases in combat troops now, leaving [&hellip;]<\/p>\n","protected":false},"author":2,"featured_media":0,"comment_status":"closed","ping_status":"closed","sticky":false,"template":"","format":"standard","meta":{"_acf_changed":false,"inline_featured_image":false,"footnotes":""},"categories":[24],"tags":[43,38],"class_list":["post-6497","post","type-post","status-publish","format-standard","hentry","category-press-releases","tag-bipartisan-actions","tag-foreign-policy-and-national-security"],"acf":[],"yoast_head":"<!-- This site is optimized with the Yoast SEO plugin v27.2 - https:\/\/yoast.com\/product\/yoast-seo-wordpress\/ -->\n<title>Merkley: It Is Time for a New Direction in Afghanistan - Merkley<\/title>\n<meta name=\"robots\" content=\"index, follow, max-snippet:-1, max-image-preview:large, max-video-preview:-1\" \/>\n<link rel=\"canonical\" href=\"https:\/\/www.merkley.senate.gov\/es\/merkley-it-is-time-for-a-new-direction-in-afghanistan\/\" \/>\n<meta property=\"og:locale\" content=\"es_MX\" \/>\n<meta property=\"og:type\" content=\"article\" \/>\n<meta property=\"og:title\" content=\"Merkley: It Is Time for a New Direction in Afghanistan - Merkley\" \/>\n<meta property=\"og:description\" content=\"WASHINGTON, DC &ndash; Oregon&rsquo;s Senator Jeff Merkley today reiterated his call that the President commit to a sizeable and sustained drawdown of troops from Afghanistan.&nbsp; President Obama is scheduled to speak about the future of that country later tonight.&nbsp; Early news reports indicate that Obama will call for small decreases in combat troops now, leaving [&hellip;]\" \/>\n<meta property=\"og:url\" content=\"https:\/\/www.merkley.senate.gov\/es\/merkley-it-is-time-for-a-new-direction-in-afghanistan\/\" \/>\n<meta property=\"og:site_name\" content=\"Merkley\" \/>\n<meta property=\"article:published_time\" content=\"2011-06-23T00:05:00+00:00\" \/>\n<meta property=\"article:modified_time\" content=\"2023-07-24T15:10:56+00:00\" \/>\n<meta name=\"twitter:card\" content=\"summary_large_image\" \/>\n<meta name=\"twitter:label1\" content=\"Written by\" \/>\n\t<meta name=\"twitter:data1\" content=\"\" \/>\n\t<meta name=\"twitter:label2\" content=\"Est. reading time\" \/>\n\t<meta name=\"twitter:data2\" content=\"2 minutes\" \/>\n<script type=\"application\/ld+json\" class=\"yoast-schema-graph\">{\"@context\":\"https:\/\/schema.org\",\"@graph\":[{\"@type\":\"Article\",\"@id\":\"https:\/\/www.merkley.senate.gov\/merkley-it-is-time-for-a-new-direction-in-afghanistan\/#article\",\"isPartOf\":{\"@id\":\"https:\/\/www.merkley.senate.gov\/merkley-it-is-time-for-a-new-direction-in-afghanistan\/\"},\"author\":{\"name\":\"\",\"@id\":\"\"},\"headline\":\"Merkley: It Is Time for a New Direction in Afghanistan\",\"datePublished\":\"2011-06-23T00:05:00+00:00\",\"dateModified\":\"2023-07-24T15:10:56+00:00\",\"mainEntityOfPage\":{\"@id\":\"https:\/\/www.merkley.senate.gov\/merkley-it-is-time-for-a-new-direction-in-afghanistan\/\"},\"wordCount\":350,\"keywords\":[\"Bipartisan Actions\",\"Foreign Policy and National Security\"],\"articleSection\":[\"Press Releases\"],\"inLanguage\":\"es-MX\"},{\"@type\":\"WebPage\",\"@id\":\"https:\/\/www.merkley.senate.gov\/merkley-it-is-time-for-a-new-direction-in-afghanistan\/\",\"url\":\"https:\/\/www.merkley.senate.gov\/merkley-it-is-time-for-a-new-direction-in-afghanistan\/\",\"name\":\"Merkley: It Is Time for a New Direction in Afghanistan - Merkley\",\"isPartOf\":{\"@id\":\"https:\/\/www.merkley.senate.gov\/#website\"},\"datePublished\":\"2011-06-23T00:05:00+00:00\",\"dateModified\":\"2023-07-24T15:10:56+00:00\",\"author\":{\"@id\":\"\"},\"breadcrumb\":{\"@id\":\"https:\/\/www.merkley.senate.gov\/merkley-it-is-time-for-a-new-direction-in-afghanistan\/#breadcrumb\"},\"inLanguage\":\"es-MX\",\"potentialAction\":[{\"@type\":\"ReadAction\",\"target\":[\"https:\/\/www.merkley.senate.gov\/merkley-it-is-time-for-a-new-direction-in-afghanistan\/\"]}]},{\"@type\":\"BreadcrumbList\",\"@id\":\"https:\/\/www.merkley.senate.gov\/merkley-it-is-time-for-a-new-direction-in-afghanistan\/#breadcrumb\",\"itemListElement\":[{\"@type\":\"ListItem\",\"position\":1,\"name\":\"Home\",\"item\":\"https:\/\/www.merkley.senate.gov\/\"},{\"@type\":\"ListItem\",\"position\":2,\"name\":\"Merkley: It Is Time for a New Direction in Afghanistan\"}]},{\"@type\":\"WebSite\",\"@id\":\"https:\/\/www.merkley.senate.gov\/#website\",\"url\":\"https:\/\/www.merkley.senate.gov\/\",\"name\":\"Merkley\",\"description\":\"Merkley\",\"potentialAction\":[{\"@type\":\"SearchAction\",\"target\":{\"@type\":\"EntryPoint\",\"urlTemplate\":\"https:\/\/www.merkley.senate.gov\/?s={search_term_string}\"},\"query-input\":{\"@type\":\"PropertyValueSpecification\",\"valueRequired\":true,\"valueName\":\"search_term_string\"}}],\"inLanguage\":\"es-MX\"},{\"@type\":\"Person\",\"@id\":\"\",\"url\":\"https:\/\/www.merkley.senate.gov\/es\/author\/\"}]}<\/script>\n<!-- \/ Yoast SEO plugin. -->","yoast_head_json":{"title":"Merkley: It Is Time for a New Direction in Afghanistan - Merkley","robots":{"index":"index","follow":"follow","max-snippet":"max-snippet:-1","max-image-preview":"max-image-preview:large","max-video-preview":"max-video-preview:-1"},"canonical":"https:\/\/www.merkley.senate.gov\/es\/merkley-it-is-time-for-a-new-direction-in-afghanistan\/","og_locale":"es_MX","og_type":"article","og_title":"Merkley: It Is Time for a New Direction in Afghanistan - Merkley","og_description":"WASHINGTON, DC &ndash; Oregon&rsquo;s Senator Jeff Merkley today reiterated his call that the President commit to a sizeable and sustained drawdown of troops from Afghanistan.&nbsp; President Obama is scheduled to speak about the future of that country later tonight.&nbsp; Early news reports indicate that Obama will call for small decreases in combat troops now, leaving [&hellip;]","og_url":"https:\/\/www.merkley.senate.gov\/es\/merkley-it-is-time-for-a-new-direction-in-afghanistan\/","og_site_name":"Merkley","article_published_time":"2011-06-23T00:05:00+00:00","article_modified_time":"2023-07-24T15:10:56+00:00","twitter_card":"summary_large_image","twitter_misc":{"Written by":"","Est. reading time":"2 minutes"},"schema":{"@context":"https:\/\/schema.org","@graph":[{"@type":"Article","@id":"https:\/\/www.merkley.senate.gov\/merkley-it-is-time-for-a-new-direction-in-afghanistan\/#article","isPartOf":{"@id":"https:\/\/www.merkley.senate.gov\/merkley-it-is-time-for-a-new-direction-in-afghanistan\/"},"author":{"name":"","@id":""},"headline":"Merkley: It Is Time for a New Direction in Afghanistan","datePublished":"2011-06-23T00:05:00+00:00","dateModified":"2023-07-24T15:10:56+00:00","mainEntityOfPage":{"@id":"https:\/\/www.merkley.senate.gov\/merkley-it-is-time-for-a-new-direction-in-afghanistan\/"},"wordCount":350,"keywords":["Bipartisan Actions","Foreign Policy and National Security"],"articleSection":["Press Releases"],"inLanguage":"es-MX"},{"@type":"WebPage","@id":"https:\/\/www.merkley.senate.gov\/merkley-it-is-time-for-a-new-direction-in-afghanistan\/","url":"https:\/\/www.merkley.senate.gov\/merkley-it-is-time-for-a-new-direction-in-afghanistan\/","name":"Merkley: It Is Time for a New Direction in Afghanistan - Merkley","isPartOf":{"@id":"https:\/\/www.merkley.senate.gov\/#website"},"datePublished":"2011-06-23T00:05:00+00:00","dateModified":"2023-07-24T15:10:56+00:00","author":{"@id":""},"breadcrumb":{"@id":"https:\/\/www.merkley.senate.gov\/merkley-it-is-time-for-a-new-direction-in-afghanistan\/#breadcrumb"},"inLanguage":"es-MX","potentialAction":[{"@type":"ReadAction","target":["https:\/\/www.merkley.senate.gov\/merkley-it-is-time-for-a-new-direction-in-afghanistan\/"]}]},{"@type":"BreadcrumbList","@id":"https:\/\/www.merkley.senate.gov\/merkley-it-is-time-for-a-new-direction-in-afghanistan\/#breadcrumb","itemListElement":[{"@type":"ListItem","position":1,"name":"Home","item":"https:\/\/www.merkley.senate.gov\/"},{"@type":"ListItem","position":2,"name":"Merkley: It Is Time for a New Direction in Afghanistan"}]},{"@type":"WebSite","@id":"https:\/\/www.merkley.senate.gov\/#website","url":"https:\/\/www.merkley.senate.gov\/","name":"merkley","description":"merkley","potentialAction":[{"@type":"SearchAction","target":{"@type":"EntryPoint","urlTemplate":"https:\/\/www.merkley.senate.gov\/?s={search_term_string}"},"query-input":{"@type":"PropertyValueSpecification","valueRequired":true,"valueName":"search_term_string"}}],"inLanguage":"es-MX"},{"@type":"Person","@id":"","url":"https:\/\/www.merkley.senate.gov\/es\/author\/"}]}},"_links":{"self":[{"href":"https:\/\/www.merkley.senate.gov\/es\/wp-json\/wp\/v2\/posts\/6497","targetHints":{"allow":["GET"]}}],"collection":[{"href":"https:\/\/www.merkley.senate.gov\/es\/wp-json\/wp\/v2\/posts"}],"about":[{"href":"https:\/\/www.merkley.senate.gov\/es\/wp-json\/wp\/v2\/types\/post"}],"author":[{"embeddable":true,"href":"https:\/\/www.merkley.senate.gov\/es\/wp-json\/wp\/v2\/users\/2"}],"replies":[{"embeddable":true,"href":"https:\/\/www.merkley.senate.gov\/es\/wp-json\/wp\/v2\/comments?post=6497"}],"version-history":[{"count":1,"href":"https:\/\/www.merkley.senate.gov\/es\/wp-json\/wp\/v2\/posts\/6497\/revisions"}],"predecessor-version":[{"id":15873,"href":"https:\/\/www.merkley.senate.gov\/es\/wp-json\/wp\/v2\/posts\/6497\/revisions\/15873"}],"wp:attachment":[{"href":"https:\/\/www.merkley.senate.gov\/es\/wp-json\/wp\/v2\/media?parent=6497"}],"wp:term":[{"taxonomy":"category","embeddable":true,"href":"https:\/\/www.merkley.senate.gov\/es\/wp-json\/wp\/v2\/categories?post=6497"},{"taxonomy":"post_tag","embeddable":true,"href":"https:\/\/www.merkley.senate.gov\/es\/wp-json\/wp\/v2\/tags?post=6497"}],"curies":[{"name":"wp","href":"https:\/\/api.w.org\/{rel}","templated":true}]}}