{"id":6508,"date":"2011-05-23T11:13:00","date_gmt":"2011-05-23T15:13:00","guid":{"rendered":"https:\/\/www.merkley.senate.gov\/merkley-to-hold-town-halls-in-deschutes-and-crook-counties\/"},"modified":"2023-07-24T11:10:57","modified_gmt":"2023-07-24T15:10:57","slug":"merkley-to-hold-town-halls-in-deschutes-and-crook-counties","status":"publish","type":"post","link":"https:\/\/www.merkley.senate.gov\/es\/merkley-to-hold-town-halls-in-deschutes-and-crook-counties\/","title":{"rendered":"MERKLEY CELEBRAR\u00c1 AYUNTAMIENTOS EN LOS CONDADOS DE DESCHUTES Y CROOK"},"content":{"rendered":"<p><strong>Portland, Oreg\u00f3n<\/strong> &ndash; Oregon&rsquo;s Senator Jeff Merkley will hold town halls in Deschutes and Crook Counties next week.<\/p>\n<p>Actualizar\u00e1 a los electores sobre su trabajo en Washington, DC y responder\u00e1 sus preguntas e invitar\u00e1 sus sugerencias sobre c\u00f3mo abordar los desaf\u00edos que enfrentan Oreg\u00f3n y Estados Unidos.<\/p>\n<blockquote>\n<p>&ldquo;Traveling across Oregon and meeting with residents in every county is crucial to helping me advocate for all Oregonians,&rdquo; Merkley said. &ldquo;I invite all residents of Deschutes and Crook Counties to come and discuss how we can create jobs, strengthen Oregon, and put America on the right track.&rdquo;<\/p>\n<\/blockquote>\n<p>In 2008, Merkley pledged to hold town halls in each of Oregon&rsquo;s 36 counties every year. He upheld his pledge in 2009 and 2010 and is continuing that commitment in 2011. Deschutes and Crook Counties will be his 94<sup>el<\/sup> and 95<sup>el<\/sup> ayuntamientos desde que se convirti\u00f3 en Senador de los EE.UU.<\/p>\n<p><strong>Qu\u00e9: <\/strong><\/p>\n<p>Oregon&rsquo;s Senator Jeff Merkley holds town hall in Deschutes County.<strong>&nbsp;<\/strong><\/p>\n<p><strong>Cuando:<\/strong><\/p>\n<p>Tuesday, May 31, 2011<\/p>\n<p>5:30 pm<\/p>\n<p><strong>D\u00f3nde:<\/strong><\/p>\n<p>Sisters City Hall<\/p>\n<p>Council Chambers<\/p>\n<p>520 E. Cascade Avenue<\/p>\n<p>Sisters, OR<\/p>\n<p><strong>Qu\u00e9:<\/strong><\/p>\n<p>Oregon&rsquo;s Senator Jeff Merkley holds town hall in Crook County.<\/p>\n<p><strong>Cuando: <\/strong><\/p>\n<p>Wednesday, June 1, 2011<\/p>\n<p>14:30<\/p>\n<p><strong>D\u00f3nde:<\/strong><\/p>\n<p>Soroptimist Senior Center<\/p>\n<p>180 NE Belknap Street<\/p>\n<p>Prineville, Oreg\u00f3n, EE.UU.<\/p>\n<p><strong><br \/><\/strong><\/p>","protected":false},"excerpt":{"rendered":"<p>Portland, OR &ndash; Oregon&rsquo;s Senator Jeff Merkley will hold town halls in Deschutes and Crook Counties next week. He will update constituents on his work in Washington, DC and answer their questions and invite their suggestions about how to tackle the challenges facing Oregon and America. &ldquo;Traveling across Oregon and meeting with residents in every [&hellip;]<\/p>\n","protected":false},"author":2,"featured_media":0,"comment_status":"closed","ping_status":"closed","sticky":false,"template":"","format":"standard","meta":{"_acf_changed":false,"inline_featured_image":false,"footnotes":""},"categories":[24],"tags":[],"class_list":["post-6508","post","type-post","status-publish","format-standard","hentry","category-press-releases"],"acf":[],"yoast_head":"<!-- This site is optimized with the Yoast SEO plugin v27.2 - https:\/\/yoast.com\/product\/yoast-seo-wordpress\/ -->\n<title>MERKLEY TO HOLD TOWN HALLS IN DESCHUTES AND CROOK COUNTIES - Merkley<\/title>\n<meta name=\"robots\" content=\"index, follow, max-snippet:-1, max-image-preview:large, max-video-preview:-1\" \/>\n<link rel=\"canonical\" href=\"https:\/\/www.merkley.senate.gov\/es\/merkley-to-hold-town-halls-in-deschutes-and-crook-counties\/\" \/>\n<meta property=\"og:locale\" content=\"es_MX\" \/>\n<meta property=\"og:type\" content=\"article\" \/>\n<meta property=\"og:title\" content=\"MERKLEY TO HOLD TOWN HALLS IN DESCHUTES AND CROOK COUNTIES - Merkley\" \/>\n<meta property=\"og:description\" content=\"Portland, OR &ndash; Oregon&rsquo;s Senator Jeff Merkley will hold town halls in Deschutes and Crook Counties next week. He will update constituents on his work in Washington, DC and answer their questions and invite their suggestions about how to tackle the challenges facing Oregon and America. &ldquo;Traveling across Oregon and meeting with residents in every [&hellip;]\" \/>\n<meta property=\"og:url\" content=\"https:\/\/www.merkley.senate.gov\/es\/merkley-to-hold-town-halls-in-deschutes-and-crook-counties\/\" \/>\n<meta property=\"og:site_name\" content=\"Merkley\" \/>\n<meta property=\"article:published_time\" content=\"2011-05-23T15:13:00+00:00\" \/>\n<meta property=\"article:modified_time\" content=\"2023-07-24T15:10:57+00:00\" \/>\n<meta name=\"twitter:card\" content=\"summary_large_image\" \/>\n<meta name=\"twitter:label1\" content=\"Written by\" \/>\n\t<meta name=\"twitter:data1\" content=\"\" \/>\n\t<meta name=\"twitter:label2\" content=\"Est. reading time\" \/>\n\t<meta name=\"twitter:data2\" content=\"1 minute\" \/>\n<script type=\"application\/ld+json\" class=\"yoast-schema-graph\">{\"@context\":\"https:\/\/schema.org\",\"@graph\":[{\"@type\":\"Article\",\"@id\":\"https:\/\/www.merkley.senate.gov\/merkley-to-hold-town-halls-in-deschutes-and-crook-counties\/#article\",\"isPartOf\":{\"@id\":\"https:\/\/www.merkley.senate.gov\/merkley-to-hold-town-halls-in-deschutes-and-crook-counties\/\"},\"author\":{\"name\":\"\",\"@id\":\"\"},\"headline\":\"MERKLEY TO HOLD TOWN HALLS IN DESCHUTES AND CROOK COUNTIES\",\"datePublished\":\"2011-05-23T15:13:00+00:00\",\"dateModified\":\"2023-07-24T15:10:57+00:00\",\"mainEntityOfPage\":{\"@id\":\"https:\/\/www.merkley.senate.gov\/merkley-to-hold-town-halls-in-deschutes-and-crook-counties\/\"},\"wordCount\":212,\"articleSection\":[\"Press Releases\"],\"inLanguage\":\"es-MX\"},{\"@type\":\"WebPage\",\"@id\":\"https:\/\/www.merkley.senate.gov\/merkley-to-hold-town-halls-in-deschutes-and-crook-counties\/\",\"url\":\"https:\/\/www.merkley.senate.gov\/merkley-to-hold-town-halls-in-deschutes-and-crook-counties\/\",\"name\":\"MERKLEY TO HOLD TOWN HALLS IN DESCHUTES AND CROOK COUNTIES - Merkley\",\"isPartOf\":{\"@id\":\"https:\/\/www.merkley.senate.gov\/#website\"},\"datePublished\":\"2011-05-23T15:13:00+00:00\",\"dateModified\":\"2023-07-24T15:10:57+00:00\",\"author\":{\"@id\":\"\"},\"breadcrumb\":{\"@id\":\"https:\/\/www.merkley.senate.gov\/merkley-to-hold-town-halls-in-deschutes-and-crook-counties\/#breadcrumb\"},\"inLanguage\":\"es-MX\",\"potentialAction\":[{\"@type\":\"ReadAction\",\"target\":[\"https:\/\/www.merkley.senate.gov\/merkley-to-hold-town-halls-in-deschutes-and-crook-counties\/\"]}]},{\"@type\":\"BreadcrumbList\",\"@id\":\"https:\/\/www.merkley.senate.gov\/merkley-to-hold-town-halls-in-deschutes-and-crook-counties\/#breadcrumb\",\"itemListElement\":[{\"@type\":\"ListItem\",\"position\":1,\"name\":\"Home\",\"item\":\"https:\/\/www.merkley.senate.gov\/\"},{\"@type\":\"ListItem\",\"position\":2,\"name\":\"MERKLEY TO HOLD TOWN HALLS IN DESCHUTES AND CROOK COUNTIES\"}]},{\"@type\":\"WebSite\",\"@id\":\"https:\/\/www.merkley.senate.gov\/#website\",\"url\":\"https:\/\/www.merkley.senate.gov\/\",\"name\":\"Merkley\",\"description\":\"Merkley\",\"potentialAction\":[{\"@type\":\"SearchAction\",\"target\":{\"@type\":\"EntryPoint\",\"urlTemplate\":\"https:\/\/www.merkley.senate.gov\/?s={search_term_string}\"},\"query-input\":{\"@type\":\"PropertyValueSpecification\",\"valueRequired\":true,\"valueName\":\"search_term_string\"}}],\"inLanguage\":\"es-MX\"},{\"@type\":\"Person\",\"@id\":\"\",\"url\":\"https:\/\/www.merkley.senate.gov\/es\/author\/\"}]}<\/script>\n<!-- \/ Yoast SEO plugin. -->","yoast_head_json":{"title":"MERKLEY TO HOLD TOWN HALLS IN DESCHUTES AND CROOK COUNTIES - Merkley","robots":{"index":"index","follow":"follow","max-snippet":"max-snippet:-1","max-image-preview":"max-image-preview:large","max-video-preview":"max-video-preview:-1"},"canonical":"https:\/\/www.merkley.senate.gov\/es\/merkley-to-hold-town-halls-in-deschutes-and-crook-counties\/","og_locale":"es_MX","og_type":"article","og_title":"MERKLEY TO HOLD TOWN HALLS IN DESCHUTES AND CROOK COUNTIES - Merkley","og_description":"Portland, OR &ndash; Oregon&rsquo;s Senator Jeff Merkley will hold town halls in Deschutes and Crook Counties next week. He will update constituents on his work in Washington, DC and answer their questions and invite their suggestions about how to tackle the challenges facing Oregon and America. &ldquo;Traveling across Oregon and meeting with residents in every [&hellip;]","og_url":"https:\/\/www.merkley.senate.gov\/es\/merkley-to-hold-town-halls-in-deschutes-and-crook-counties\/","og_site_name":"Merkley","article_published_time":"2011-05-23T15:13:00+00:00","article_modified_time":"2023-07-24T15:10:57+00:00","twitter_card":"summary_large_image","twitter_misc":{"Written by":"","Est. reading time":"1 minute"},"schema":{"@context":"https:\/\/schema.org","@graph":[{"@type":"Article","@id":"https:\/\/www.merkley.senate.gov\/merkley-to-hold-town-halls-in-deschutes-and-crook-counties\/#article","isPartOf":{"@id":"https:\/\/www.merkley.senate.gov\/merkley-to-hold-town-halls-in-deschutes-and-crook-counties\/"},"author":{"name":"","@id":""},"headline":"MERKLEY TO HOLD TOWN HALLS IN DESCHUTES AND CROOK COUNTIES","datePublished":"2011-05-23T15:13:00+00:00","dateModified":"2023-07-24T15:10:57+00:00","mainEntityOfPage":{"@id":"https:\/\/www.merkley.senate.gov\/merkley-to-hold-town-halls-in-deschutes-and-crook-counties\/"},"wordCount":212,"articleSection":["Press Releases"],"inLanguage":"es-MX"},{"@type":"WebPage","@id":"https:\/\/www.merkley.senate.gov\/merkley-to-hold-town-halls-in-deschutes-and-crook-counties\/","url":"https:\/\/www.merkley.senate.gov\/merkley-to-hold-town-halls-in-deschutes-and-crook-counties\/","name":"MERKLEY TO HOLD TOWN HALLS IN DESCHUTES AND CROOK COUNTIES - Merkley","isPartOf":{"@id":"https:\/\/www.merkley.senate.gov\/#website"},"datePublished":"2011-05-23T15:13:00+00:00","dateModified":"2023-07-24T15:10:57+00:00","author":{"@id":""},"breadcrumb":{"@id":"https:\/\/www.merkley.senate.gov\/merkley-to-hold-town-halls-in-deschutes-and-crook-counties\/#breadcrumb"},"inLanguage":"es-MX","potentialAction":[{"@type":"ReadAction","target":["https:\/\/www.merkley.senate.gov\/merkley-to-hold-town-halls-in-deschutes-and-crook-counties\/"]}]},{"@type":"BreadcrumbList","@id":"https:\/\/www.merkley.senate.gov\/merkley-to-hold-town-halls-in-deschutes-and-crook-counties\/#breadcrumb","itemListElement":[{"@type":"ListItem","position":1,"name":"Home","item":"https:\/\/www.merkley.senate.gov\/"},{"@type":"ListItem","position":2,"name":"MERKLEY TO HOLD TOWN HALLS IN DESCHUTES AND CROOK COUNTIES"}]},{"@type":"WebSite","@id":"https:\/\/www.merkley.senate.gov\/#website","url":"https:\/\/www.merkley.senate.gov\/","name":"merkley","description":"merkley","potentialAction":[{"@type":"SearchAction","target":{"@type":"EntryPoint","urlTemplate":"https:\/\/www.merkley.senate.gov\/?s={search_term_string}"},"query-input":{"@type":"PropertyValueSpecification","valueRequired":true,"valueName":"search_term_string"}}],"inLanguage":"es-MX"},{"@type":"Person","@id":"","url":"https:\/\/www.merkley.senate.gov\/es\/author\/"}]}},"_links":{"self":[{"href":"https:\/\/www.merkley.senate.gov\/es\/wp-json\/wp\/v2\/posts\/6508","targetHints":{"allow":["GET"]}}],"collection":[{"href":"https:\/\/www.merkley.senate.gov\/es\/wp-json\/wp\/v2\/posts"}],"about":[{"href":"https:\/\/www.merkley.senate.gov\/es\/wp-json\/wp\/v2\/types\/post"}],"author":[{"embeddable":true,"href":"https:\/\/www.merkley.senate.gov\/es\/wp-json\/wp\/v2\/users\/2"}],"replies":[{"embeddable":true,"href":"https:\/\/www.merkley.senate.gov\/es\/wp-json\/wp\/v2\/comments?post=6508"}],"version-history":[{"count":1,"href":"https:\/\/www.merkley.senate.gov\/es\/wp-json\/wp\/v2\/posts\/6508\/revisions"}],"predecessor-version":[{"id":15884,"href":"https:\/\/www.merkley.senate.gov\/es\/wp-json\/wp\/v2\/posts\/6508\/revisions\/15884"}],"wp:attachment":[{"href":"https:\/\/www.merkley.senate.gov\/es\/wp-json\/wp\/v2\/media?parent=6508"}],"wp:term":[{"taxonomy":"category","embeddable":true,"href":"https:\/\/www.merkley.senate.gov\/es\/wp-json\/wp\/v2\/categories?post=6508"},{"taxonomy":"post_tag","embeddable":true,"href":"https:\/\/www.merkley.senate.gov\/es\/wp-json\/wp\/v2\/tags?post=6508"}],"curies":[{"name":"wp","href":"https:\/\/api.w.org\/{rel}","templated":true}]}}