{"id":6531,"date":"2011-03-11T09:08:00","date_gmt":"2011-03-11T14:08:00","guid":{"rendered":"https:\/\/www.merkley.senate.gov\/merkley-statement-on-japan-tsunami-and-tsunami-surges-on-oregon-coast\/"},"modified":"2023-07-24T11:10:58","modified_gmt":"2023-07-24T15:10:58","slug":"merkley-statement-on-japan-tsunami-and-tsunami-surges-on-oregon-coast","status":"publish","type":"post","link":"https:\/\/www.merkley.senate.gov\/es\/merkley-statement-on-japan-tsunami-and-tsunami-surges-on-oregon-coast\/","title":{"rendered":"Declaraci\u00f3n de Merkley sobre el tsunami de Jap\u00f3n y las olas de tsunami en la costa de Oreg\u00f3n"},"content":{"rendered":"<p><strong>Portland, Oreg\u00f3n<\/strong> &ndash; Oregon&rsquo;s Senator Jeff Merkley issued the following statement regarding the disaster in Japan and tsunami surges reaching the Oregon coast:<\/p>\n<blockquote><p>&ldquo;As we learn more about the damage caused by the earthquake and tsunami in Japan, my thoughts and prayers are with the families of those who lost their lives or were injured early this morning.<\/p>\n<p><p>&ldquo;I urge Oregonians to continue to follow safety procedures and take care as they deal with any surges that reach the Oregon coast.&nbsp; I and my team stand ready to assist local officials in any way we can.&rdquo;<\/p>\n<\/blockquote>","protected":false},"excerpt":{"rendered":"<p>Portland, OR &ndash; Oregon&rsquo;s Senator Jeff Merkley issued the following statement regarding the disaster in Japan and tsunami surges reaching the Oregon coast: &ldquo;As we learn more about the damage caused by the earthquake and tsunami in Japan, my thoughts and prayers are with the families of those who lost their lives or were injured [&hellip;]<\/p>\n","protected":false},"author":2,"featured_media":0,"comment_status":"closed","ping_status":"closed","sticky":false,"template":"","format":"standard","meta":{"_acf_changed":false,"inline_featured_image":false,"footnotes":""},"categories":[24],"tags":[36],"class_list":["post-6531","post","type-post","status-publish","format-standard","hentry","category-press-releases","tag-natural-resources-and-rural-development"],"acf":[],"yoast_head":"<!-- This site is optimized with the Yoast SEO plugin v27.2 - https:\/\/yoast.com\/product\/yoast-seo-wordpress\/ -->\n<title>Merkley Statement on Japan Tsunami and Tsunami Surges on Oregon Coast - Merkley<\/title>\n<meta name=\"robots\" content=\"index, follow, max-snippet:-1, max-image-preview:large, max-video-preview:-1\" \/>\n<link rel=\"canonical\" href=\"https:\/\/www.merkley.senate.gov\/es\/merkley-statement-on-japan-tsunami-and-tsunami-surges-on-oregon-coast\/\" \/>\n<meta property=\"og:locale\" content=\"es_MX\" \/>\n<meta property=\"og:type\" content=\"article\" \/>\n<meta property=\"og:title\" content=\"Merkley Statement on Japan Tsunami and Tsunami Surges on Oregon Coast - Merkley\" \/>\n<meta property=\"og:description\" content=\"Portland, OR &ndash; Oregon&rsquo;s Senator Jeff Merkley issued the following statement regarding the disaster in Japan and tsunami surges reaching the Oregon coast: &ldquo;As we learn more about the damage caused by the earthquake and tsunami in Japan, my thoughts and prayers are with the families of those who lost their lives or were injured [&hellip;]\" \/>\n<meta property=\"og:url\" content=\"https:\/\/www.merkley.senate.gov\/es\/merkley-statement-on-japan-tsunami-and-tsunami-surges-on-oregon-coast\/\" \/>\n<meta property=\"og:site_name\" content=\"Merkley\" \/>\n<meta property=\"article:published_time\" content=\"2011-03-11T14:08:00+00:00\" \/>\n<meta property=\"article:modified_time\" content=\"2023-07-24T15:10:58+00:00\" \/>\n<meta name=\"twitter:card\" content=\"summary_large_image\" \/>\n<meta name=\"twitter:label1\" content=\"Written by\" \/>\n\t<meta name=\"twitter:data1\" content=\"\" \/>\n\t<meta name=\"twitter:label2\" content=\"Est. reading time\" \/>\n\t<meta name=\"twitter:data2\" content=\"1 minute\" \/>\n<script type=\"application\/ld+json\" class=\"yoast-schema-graph\">{\"@context\":\"https:\/\/schema.org\",\"@graph\":[{\"@type\":\"Article\",\"@id\":\"https:\/\/www.merkley.senate.gov\/merkley-statement-on-japan-tsunami-and-tsunami-surges-on-oregon-coast\/#article\",\"isPartOf\":{\"@id\":\"https:\/\/www.merkley.senate.gov\/merkley-statement-on-japan-tsunami-and-tsunami-surges-on-oregon-coast\/\"},\"author\":{\"name\":\"\",\"@id\":\"\"},\"headline\":\"Merkley Statement on Japan Tsunami and Tsunami Surges on Oregon Coast\",\"datePublished\":\"2011-03-11T14:08:00+00:00\",\"dateModified\":\"2023-07-24T15:10:58+00:00\",\"mainEntityOfPage\":{\"@id\":\"https:\/\/www.merkley.senate.gov\/merkley-statement-on-japan-tsunami-and-tsunami-surges-on-oregon-coast\/\"},\"wordCount\":113,\"keywords\":[\"Natural Resources and Rural Development\"],\"articleSection\":[\"Press Releases\"],\"inLanguage\":\"es-MX\"},{\"@type\":\"WebPage\",\"@id\":\"https:\/\/www.merkley.senate.gov\/merkley-statement-on-japan-tsunami-and-tsunami-surges-on-oregon-coast\/\",\"url\":\"https:\/\/www.merkley.senate.gov\/merkley-statement-on-japan-tsunami-and-tsunami-surges-on-oregon-coast\/\",\"name\":\"Merkley Statement on Japan Tsunami and Tsunami Surges on Oregon Coast - Merkley\",\"isPartOf\":{\"@id\":\"https:\/\/www.merkley.senate.gov\/#website\"},\"datePublished\":\"2011-03-11T14:08:00+00:00\",\"dateModified\":\"2023-07-24T15:10:58+00:00\",\"author\":{\"@id\":\"\"},\"breadcrumb\":{\"@id\":\"https:\/\/www.merkley.senate.gov\/merkley-statement-on-japan-tsunami-and-tsunami-surges-on-oregon-coast\/#breadcrumb\"},\"inLanguage\":\"es-MX\",\"potentialAction\":[{\"@type\":\"ReadAction\",\"target\":[\"https:\/\/www.merkley.senate.gov\/merkley-statement-on-japan-tsunami-and-tsunami-surges-on-oregon-coast\/\"]}]},{\"@type\":\"BreadcrumbList\",\"@id\":\"https:\/\/www.merkley.senate.gov\/merkley-statement-on-japan-tsunami-and-tsunami-surges-on-oregon-coast\/#breadcrumb\",\"itemListElement\":[{\"@type\":\"ListItem\",\"position\":1,\"name\":\"Home\",\"item\":\"https:\/\/www.merkley.senate.gov\/\"},{\"@type\":\"ListItem\",\"position\":2,\"name\":\"Merkley Statement on Japan Tsunami and Tsunami Surges on Oregon Coast\"}]},{\"@type\":\"WebSite\",\"@id\":\"https:\/\/www.merkley.senate.gov\/#website\",\"url\":\"https:\/\/www.merkley.senate.gov\/\",\"name\":\"Merkley\",\"description\":\"Merkley\",\"potentialAction\":[{\"@type\":\"SearchAction\",\"target\":{\"@type\":\"EntryPoint\",\"urlTemplate\":\"https:\/\/www.merkley.senate.gov\/?s={search_term_string}\"},\"query-input\":{\"@type\":\"PropertyValueSpecification\",\"valueRequired\":true,\"valueName\":\"search_term_string\"}}],\"inLanguage\":\"es-MX\"},{\"@type\":\"Person\",\"@id\":\"\",\"url\":\"https:\/\/www.merkley.senate.gov\/es\/author\/\"}]}<\/script>\n<!-- \/ Yoast SEO plugin. -->","yoast_head_json":{"title":"Merkley Statement on Japan Tsunami and Tsunami Surges on Oregon Coast - Merkley","robots":{"index":"index","follow":"follow","max-snippet":"max-snippet:-1","max-image-preview":"max-image-preview:large","max-video-preview":"max-video-preview:-1"},"canonical":"https:\/\/www.merkley.senate.gov\/es\/merkley-statement-on-japan-tsunami-and-tsunami-surges-on-oregon-coast\/","og_locale":"es_MX","og_type":"article","og_title":"Merkley Statement on Japan Tsunami and Tsunami Surges on Oregon Coast - Merkley","og_description":"Portland, OR &ndash; Oregon&rsquo;s Senator Jeff Merkley issued the following statement regarding the disaster in Japan and tsunami surges reaching the Oregon coast: &ldquo;As we learn more about the damage caused by the earthquake and tsunami in Japan, my thoughts and prayers are with the families of those who lost their lives or were injured [&hellip;]","og_url":"https:\/\/www.merkley.senate.gov\/es\/merkley-statement-on-japan-tsunami-and-tsunami-surges-on-oregon-coast\/","og_site_name":"Merkley","article_published_time":"2011-03-11T14:08:00+00:00","article_modified_time":"2023-07-24T15:10:58+00:00","twitter_card":"summary_large_image","twitter_misc":{"Written by":"","Est. reading time":"1 minute"},"schema":{"@context":"https:\/\/schema.org","@graph":[{"@type":"Article","@id":"https:\/\/www.merkley.senate.gov\/merkley-statement-on-japan-tsunami-and-tsunami-surges-on-oregon-coast\/#article","isPartOf":{"@id":"https:\/\/www.merkley.senate.gov\/merkley-statement-on-japan-tsunami-and-tsunami-surges-on-oregon-coast\/"},"author":{"name":"","@id":""},"headline":"Merkley Statement on Japan Tsunami and Tsunami Surges on Oregon Coast","datePublished":"2011-03-11T14:08:00+00:00","dateModified":"2023-07-24T15:10:58+00:00","mainEntityOfPage":{"@id":"https:\/\/www.merkley.senate.gov\/merkley-statement-on-japan-tsunami-and-tsunami-surges-on-oregon-coast\/"},"wordCount":113,"keywords":["Natural Resources and Rural Development"],"articleSection":["Press Releases"],"inLanguage":"es-MX"},{"@type":"WebPage","@id":"https:\/\/www.merkley.senate.gov\/merkley-statement-on-japan-tsunami-and-tsunami-surges-on-oregon-coast\/","url":"https:\/\/www.merkley.senate.gov\/merkley-statement-on-japan-tsunami-and-tsunami-surges-on-oregon-coast\/","name":"Merkley Statement on Japan Tsunami and Tsunami Surges on Oregon Coast - Merkley","isPartOf":{"@id":"https:\/\/www.merkley.senate.gov\/#website"},"datePublished":"2011-03-11T14:08:00+00:00","dateModified":"2023-07-24T15:10:58+00:00","author":{"@id":""},"breadcrumb":{"@id":"https:\/\/www.merkley.senate.gov\/merkley-statement-on-japan-tsunami-and-tsunami-surges-on-oregon-coast\/#breadcrumb"},"inLanguage":"es-MX","potentialAction":[{"@type":"ReadAction","target":["https:\/\/www.merkley.senate.gov\/merkley-statement-on-japan-tsunami-and-tsunami-surges-on-oregon-coast\/"]}]},{"@type":"BreadcrumbList","@id":"https:\/\/www.merkley.senate.gov\/merkley-statement-on-japan-tsunami-and-tsunami-surges-on-oregon-coast\/#breadcrumb","itemListElement":[{"@type":"ListItem","position":1,"name":"Home","item":"https:\/\/www.merkley.senate.gov\/"},{"@type":"ListItem","position":2,"name":"Merkley Statement on Japan Tsunami and Tsunami Surges on Oregon Coast"}]},{"@type":"WebSite","@id":"https:\/\/www.merkley.senate.gov\/#website","url":"https:\/\/www.merkley.senate.gov\/","name":"merkley","description":"merkley","potentialAction":[{"@type":"SearchAction","target":{"@type":"EntryPoint","urlTemplate":"https:\/\/www.merkley.senate.gov\/?s={search_term_string}"},"query-input":{"@type":"PropertyValueSpecification","valueRequired":true,"valueName":"search_term_string"}}],"inLanguage":"es-MX"},{"@type":"Person","@id":"","url":"https:\/\/www.merkley.senate.gov\/es\/author\/"}]}},"_links":{"self":[{"href":"https:\/\/www.merkley.senate.gov\/es\/wp-json\/wp\/v2\/posts\/6531","targetHints":{"allow":["GET"]}}],"collection":[{"href":"https:\/\/www.merkley.senate.gov\/es\/wp-json\/wp\/v2\/posts"}],"about":[{"href":"https:\/\/www.merkley.senate.gov\/es\/wp-json\/wp\/v2\/types\/post"}],"author":[{"embeddable":true,"href":"https:\/\/www.merkley.senate.gov\/es\/wp-json\/wp\/v2\/users\/2"}],"replies":[{"embeddable":true,"href":"https:\/\/www.merkley.senate.gov\/es\/wp-json\/wp\/v2\/comments?post=6531"}],"version-history":[{"count":1,"href":"https:\/\/www.merkley.senate.gov\/es\/wp-json\/wp\/v2\/posts\/6531\/revisions"}],"predecessor-version":[{"id":15907,"href":"https:\/\/www.merkley.senate.gov\/es\/wp-json\/wp\/v2\/posts\/6531\/revisions\/15907"}],"wp:attachment":[{"href":"https:\/\/www.merkley.senate.gov\/es\/wp-json\/wp\/v2\/media?parent=6531"}],"wp:term":[{"taxonomy":"category","embeddable":true,"href":"https:\/\/www.merkley.senate.gov\/es\/wp-json\/wp\/v2\/categories?post=6531"},{"taxonomy":"post_tag","embeddable":true,"href":"https:\/\/www.merkley.senate.gov\/es\/wp-json\/wp\/v2\/tags?post=6531"}],"curies":[{"name":"wp","href":"https:\/\/api.w.org\/{rel}","templated":true}]}}