{"id":6566,"date":"2011-01-27T19:13:00","date_gmt":"2011-01-28T00:13:00","guid":{"rendered":"https:\/\/www.merkley.senate.gov\/merkley-we-have-just-begun-the-fight-for-filibuster-reform\/"},"modified":"2023-07-24T11:11:01","modified_gmt":"2023-07-24T15:11:01","slug":"merkley-we-have-just-begun-the-fight-for-filibuster-reform","status":"publish","type":"post","link":"https:\/\/www.merkley.senate.gov\/es\/merkley-we-have-just-begun-the-fight-for-filibuster-reform\/","title":{"rendered":"Merkley: Reci\u00e9n comenzamos la lucha por la reforma obstruccionista"},"content":{"rendered":"<p><strong><br \/>Washington DC - <\/strong>La propuesta del Senador de Oreg\u00f3n Jeff Merkley conocida como el \u201cobstruccionismo parlante\u201d, que habr\u00eda requerido que los Senadores permanecieran en la sala para bloquear la legislaci\u00f3n obtuvo 46 votos en el Senado hoy, menos de los dos tercios requeridos, con cinco Senadores ausentes. Merkley emiti\u00f3 la siguiente declaraci\u00f3n despu\u00e9s de la votaci\u00f3n:<\/p>\n<blockquote>\n<p>\u201cEn los \u00faltimos dos a\u00f1os, hemos visto una obstrucci\u00f3n sin precedentes que repetidamente ha paralizado el Senado y ha impedido el funcionamiento de todas las ramas del gobierno. Cientos de nominaciones ejecutivas y judiciales nunca vieron la luz del d\u00eda. Ni siquiera aprobamos un solo proyecto de ley de asignaci\u00f3n el a\u00f1o pasado. Los senadores han bloqueado en silencio el debate de la legislaci\u00f3n y se han interpuesto en el camino de la agenda del pueblo estadounidense sin necesidad de dar explicaciones.<\/p>\n<p>\u201cSi bien estoy decepcionado de que hoy no se hayan aprobado reformas m\u00e1s estrictas a las reglas, hemos recorrido un largo camino en muy poco tiempo. Con el liderazgo de los senadores Tom Udall y Tom Harkin, trajimos este tema al frente. Y aunque dimos algunos pasos adelante en la reforma de las reglas del Senado hoy, hay mucho m\u00e1s trabajo por hacer.&nbsp;<\/p>\n<p>\u201cAhora tenemos cuarenta y seis senadores registrados que apoyan hacer realidad el obstruccionismo. Aprovecharemos ese apoyo en el futuro para restaurar la deliberaci\u00f3n en esta c\u00e1mara. Hasta que el Senado vuelva a ser un organismo deliberativo donde se fomenta el debate y la obstrucci\u00f3n es rara, continuar\u00e9 luchando para que la instituci\u00f3n sirva al pueblo estadounidense como debe hacerlo\u201d.<\/p>\n<\/blockquote>\n<p>Adem\u00e1s del &quot;obstruccionismo parlante&quot; de Merkley, tambi\u00e9n propuso una <a href=\"http:\/\/www.merkley.senate.gov\/es\/newsroom\/press\/release\/?id=9d8813df-95c1-4721-8a54-f44a6180a4a9\">paquete de reformas<\/a> con los senadores Tom Udall (D-NM) y Tom Harkin (D-IA), eso habr\u00eda aumentado la transparencia y fomentado el debate en una instituci\u00f3n donde la obstrucci\u00f3n y la disfunci\u00f3n han reinado supremamente. Ese paquete obtuvo 44 votos.<\/p>","protected":false},"excerpt":{"rendered":"<p>Washington, D.C. &ndash; Oregon&rsquo;s Senator Jeff Merkley&rsquo;s proposal known as the &ldquo;talking filibuster,&rdquo; that would have required Senators to remain on the floor in order to block legislation gained 46 votes in the Senate today, short of the two-thirds required, with five Senators absent. &nbsp;Merkley released the following statement after the vote: &ldquo;In the last [&hellip;]<\/p>\n","protected":false},"author":2,"featured_media":0,"comment_status":"closed","ping_status":"closed","sticky":false,"template":"","format":"standard","meta":{"_acf_changed":false,"inline_featured_image":false,"footnotes":""},"categories":[24],"tags":[],"class_list":["post-6566","post","type-post","status-publish","format-standard","hentry","category-press-releases"],"acf":[],"yoast_head":"<!-- This site is optimized with the Yoast SEO plugin v27.2 - https:\/\/yoast.com\/product\/yoast-seo-wordpress\/ -->\n<title>Merkley: We Have Just Begun the Fight for Filibuster Reform - Merkley<\/title>\n<meta name=\"robots\" content=\"index, follow, max-snippet:-1, max-image-preview:large, max-video-preview:-1\" \/>\n<link rel=\"canonical\" href=\"https:\/\/www.merkley.senate.gov\/es\/merkley-we-have-just-begun-the-fight-for-filibuster-reform\/\" \/>\n<meta property=\"og:locale\" content=\"es_MX\" \/>\n<meta property=\"og:type\" content=\"article\" \/>\n<meta property=\"og:title\" content=\"Merkley: We Have Just Begun the Fight for Filibuster Reform - Merkley\" \/>\n<meta property=\"og:description\" content=\"Washington, D.C. &ndash; Oregon&rsquo;s Senator Jeff Merkley&rsquo;s proposal known as the &ldquo;talking filibuster,&rdquo; that would have required Senators to remain on the floor in order to block legislation gained 46 votes in the Senate today, short of the two-thirds required, with five Senators absent. &nbsp;Merkley released the following statement after the vote: &ldquo;In the last [&hellip;]\" \/>\n<meta property=\"og:url\" content=\"https:\/\/www.merkley.senate.gov\/es\/merkley-we-have-just-begun-the-fight-for-filibuster-reform\/\" \/>\n<meta property=\"og:site_name\" content=\"Merkley\" \/>\n<meta property=\"article:published_time\" content=\"2011-01-28T00:13:00+00:00\" \/>\n<meta property=\"article:modified_time\" content=\"2023-07-24T15:11:01+00:00\" \/>\n<meta name=\"twitter:card\" content=\"summary_large_image\" \/>\n<meta name=\"twitter:label1\" content=\"Written by\" \/>\n\t<meta name=\"twitter:data1\" content=\"\" \/>\n\t<meta name=\"twitter:label2\" content=\"Est. reading time\" \/>\n\t<meta name=\"twitter:data2\" content=\"2 minutes\" \/>\n<script type=\"application\/ld+json\" class=\"yoast-schema-graph\">{\"@context\":\"https:\/\/schema.org\",\"@graph\":[{\"@type\":\"Article\",\"@id\":\"https:\/\/www.merkley.senate.gov\/merkley-we-have-just-begun-the-fight-for-filibuster-reform\/#article\",\"isPartOf\":{\"@id\":\"https:\/\/www.merkley.senate.gov\/merkley-we-have-just-begun-the-fight-for-filibuster-reform\/\"},\"author\":{\"name\":\"\",\"@id\":\"\"},\"headline\":\"Merkley: We Have Just Begun the Fight for Filibuster Reform\",\"datePublished\":\"2011-01-28T00:13:00+00:00\",\"dateModified\":\"2023-07-24T15:11:01+00:00\",\"mainEntityOfPage\":{\"@id\":\"https:\/\/www.merkley.senate.gov\/merkley-we-have-just-begun-the-fight-for-filibuster-reform\/\"},\"wordCount\":335,\"articleSection\":[\"Press Releases\"],\"inLanguage\":\"es-MX\"},{\"@type\":\"WebPage\",\"@id\":\"https:\/\/www.merkley.senate.gov\/merkley-we-have-just-begun-the-fight-for-filibuster-reform\/\",\"url\":\"https:\/\/www.merkley.senate.gov\/merkley-we-have-just-begun-the-fight-for-filibuster-reform\/\",\"name\":\"Merkley: We Have Just Begun the Fight for Filibuster Reform - Merkley\",\"isPartOf\":{\"@id\":\"https:\/\/www.merkley.senate.gov\/#website\"},\"datePublished\":\"2011-01-28T00:13:00+00:00\",\"dateModified\":\"2023-07-24T15:11:01+00:00\",\"author\":{\"@id\":\"\"},\"breadcrumb\":{\"@id\":\"https:\/\/www.merkley.senate.gov\/merkley-we-have-just-begun-the-fight-for-filibuster-reform\/#breadcrumb\"},\"inLanguage\":\"es-MX\",\"potentialAction\":[{\"@type\":\"ReadAction\",\"target\":[\"https:\/\/www.merkley.senate.gov\/merkley-we-have-just-begun-the-fight-for-filibuster-reform\/\"]}]},{\"@type\":\"BreadcrumbList\",\"@id\":\"https:\/\/www.merkley.senate.gov\/merkley-we-have-just-begun-the-fight-for-filibuster-reform\/#breadcrumb\",\"itemListElement\":[{\"@type\":\"ListItem\",\"position\":1,\"name\":\"Home\",\"item\":\"https:\/\/www.merkley.senate.gov\/\"},{\"@type\":\"ListItem\",\"position\":2,\"name\":\"Merkley: We Have Just Begun the Fight for Filibuster Reform\"}]},{\"@type\":\"WebSite\",\"@id\":\"https:\/\/www.merkley.senate.gov\/#website\",\"url\":\"https:\/\/www.merkley.senate.gov\/\",\"name\":\"Merkley\",\"description\":\"Merkley\",\"potentialAction\":[{\"@type\":\"SearchAction\",\"target\":{\"@type\":\"EntryPoint\",\"urlTemplate\":\"https:\/\/www.merkley.senate.gov\/?s={search_term_string}\"},\"query-input\":{\"@type\":\"PropertyValueSpecification\",\"valueRequired\":true,\"valueName\":\"search_term_string\"}}],\"inLanguage\":\"es-MX\"},{\"@type\":\"Person\",\"@id\":\"\",\"url\":\"https:\/\/www.merkley.senate.gov\/es\/author\/\"}]}<\/script>\n<!-- \/ Yoast SEO plugin. -->","yoast_head_json":{"title":"Merkley: We Have Just Begun the Fight for Filibuster Reform - Merkley","robots":{"index":"index","follow":"follow","max-snippet":"max-snippet:-1","max-image-preview":"max-image-preview:large","max-video-preview":"max-video-preview:-1"},"canonical":"https:\/\/www.merkley.senate.gov\/es\/merkley-we-have-just-begun-the-fight-for-filibuster-reform\/","og_locale":"es_MX","og_type":"article","og_title":"Merkley: We Have Just Begun the Fight for Filibuster Reform - Merkley","og_description":"Washington, D.C. &ndash; Oregon&rsquo;s Senator Jeff Merkley&rsquo;s proposal known as the &ldquo;talking filibuster,&rdquo; that would have required Senators to remain on the floor in order to block legislation gained 46 votes in the Senate today, short of the two-thirds required, with five Senators absent. &nbsp;Merkley released the following statement after the vote: &ldquo;In the last [&hellip;]","og_url":"https:\/\/www.merkley.senate.gov\/es\/merkley-we-have-just-begun-the-fight-for-filibuster-reform\/","og_site_name":"Merkley","article_published_time":"2011-01-28T00:13:00+00:00","article_modified_time":"2023-07-24T15:11:01+00:00","twitter_card":"summary_large_image","twitter_misc":{"Written by":"","Est. reading time":"2 minutes"},"schema":{"@context":"https:\/\/schema.org","@graph":[{"@type":"Article","@id":"https:\/\/www.merkley.senate.gov\/merkley-we-have-just-begun-the-fight-for-filibuster-reform\/#article","isPartOf":{"@id":"https:\/\/www.merkley.senate.gov\/merkley-we-have-just-begun-the-fight-for-filibuster-reform\/"},"author":{"name":"","@id":""},"headline":"Merkley: We Have Just Begun the Fight for Filibuster Reform","datePublished":"2011-01-28T00:13:00+00:00","dateModified":"2023-07-24T15:11:01+00:00","mainEntityOfPage":{"@id":"https:\/\/www.merkley.senate.gov\/merkley-we-have-just-begun-the-fight-for-filibuster-reform\/"},"wordCount":335,"articleSection":["Press Releases"],"inLanguage":"es-MX"},{"@type":"WebPage","@id":"https:\/\/www.merkley.senate.gov\/merkley-we-have-just-begun-the-fight-for-filibuster-reform\/","url":"https:\/\/www.merkley.senate.gov\/merkley-we-have-just-begun-the-fight-for-filibuster-reform\/","name":"Merkley: We Have Just Begun the Fight for Filibuster Reform - Merkley","isPartOf":{"@id":"https:\/\/www.merkley.senate.gov\/#website"},"datePublished":"2011-01-28T00:13:00+00:00","dateModified":"2023-07-24T15:11:01+00:00","author":{"@id":""},"breadcrumb":{"@id":"https:\/\/www.merkley.senate.gov\/merkley-we-have-just-begun-the-fight-for-filibuster-reform\/#breadcrumb"},"inLanguage":"es-MX","potentialAction":[{"@type":"ReadAction","target":["https:\/\/www.merkley.senate.gov\/merkley-we-have-just-begun-the-fight-for-filibuster-reform\/"]}]},{"@type":"BreadcrumbList","@id":"https:\/\/www.merkley.senate.gov\/merkley-we-have-just-begun-the-fight-for-filibuster-reform\/#breadcrumb","itemListElement":[{"@type":"ListItem","position":1,"name":"Home","item":"https:\/\/www.merkley.senate.gov\/"},{"@type":"ListItem","position":2,"name":"Merkley: We Have Just Begun the Fight for Filibuster Reform"}]},{"@type":"WebSite","@id":"https:\/\/www.merkley.senate.gov\/#website","url":"https:\/\/www.merkley.senate.gov\/","name":"merkley","description":"merkley","potentialAction":[{"@type":"SearchAction","target":{"@type":"EntryPoint","urlTemplate":"https:\/\/www.merkley.senate.gov\/?s={search_term_string}"},"query-input":{"@type":"PropertyValueSpecification","valueRequired":true,"valueName":"search_term_string"}}],"inLanguage":"es-MX"},{"@type":"Person","@id":"","url":"https:\/\/www.merkley.senate.gov\/es\/author\/"}]}},"_links":{"self":[{"href":"https:\/\/www.merkley.senate.gov\/es\/wp-json\/wp\/v2\/posts\/6566","targetHints":{"allow":["GET"]}}],"collection":[{"href":"https:\/\/www.merkley.senate.gov\/es\/wp-json\/wp\/v2\/posts"}],"about":[{"href":"https:\/\/www.merkley.senate.gov\/es\/wp-json\/wp\/v2\/types\/post"}],"author":[{"embeddable":true,"href":"https:\/\/www.merkley.senate.gov\/es\/wp-json\/wp\/v2\/users\/2"}],"replies":[{"embeddable":true,"href":"https:\/\/www.merkley.senate.gov\/es\/wp-json\/wp\/v2\/comments?post=6566"}],"version-history":[{"count":1,"href":"https:\/\/www.merkley.senate.gov\/es\/wp-json\/wp\/v2\/posts\/6566\/revisions"}],"predecessor-version":[{"id":15942,"href":"https:\/\/www.merkley.senate.gov\/es\/wp-json\/wp\/v2\/posts\/6566\/revisions\/15942"}],"wp:attachment":[{"href":"https:\/\/www.merkley.senate.gov\/es\/wp-json\/wp\/v2\/media?parent=6566"}],"wp:term":[{"taxonomy":"category","embeddable":true,"href":"https:\/\/www.merkley.senate.gov\/es\/wp-json\/wp\/v2\/categories?post=6566"},{"taxonomy":"post_tag","embeddable":true,"href":"https:\/\/www.merkley.senate.gov\/es\/wp-json\/wp\/v2\/tags?post=6566"}],"curies":[{"name":"wp","href":"https:\/\/api.w.org\/{rel}","templated":true}]}}