{"id":672,"date":"2023-03-16T14:16:00","date_gmt":"2023-03-16T18:16:00","guid":{"rendered":"https:\/\/www.merkley.senate.gov\/?p=672"},"modified":"2025-07-31T10:22:27","modified_gmt":"2025-07-31T14:22:27","slug":"merkley-rubio-cardin-hagerty-take-a-stand-against-foreign-governments-trampling-human-rights-within-the-united-states-and-beyond","status":"publish","type":"post","link":"https:\/\/www.merkley.senate.gov\/es\/merkley-rubio-cardin-hagerty-take-a-stand-against-foreign-governments-trampling-human-rights-within-the-united-states-and-beyond\/","title":{"rendered":"MERKLEY, RUBIO, CARDIN, HAGERTY SE OPONEN A LOS GOBIERNOS EXTRANJEROS QUE PILOTAN LOS DERECHOS HUMANOS DENTRO DE LOS ESTADOS UNIDOS Y M\u00c1S ALL\u00c1"},"content":{"rendered":"<h2 class=\"wp-block-heading\">Una legislaci\u00f3n integral y bipartidista representa una nueva y audaz frontera en la lucha contra la represi\u00f3n transnacional.<\/h2>\n\n\n\n<p>jueves, 16 de marzo de 2023<\/p>\n\n\n\n<p>Washington, DC \u2013 El senador estadounidense de Oreg\u00f3n, Jeff Merkley, uni\u00f3 fuerzas con los senadores estadounidenses Marco Rubio (R-FL), Ben Cardin (D-MD) y Bill Hagerty (R-TN), miembros del Comit\u00e9 de Relaciones Exteriores del Senado, para presentar la&nbsp;<em>Ley de Pol\u00edtica de Represi\u00f3n Transnacional.&nbsp;<\/em>Esta legislaci\u00f3n integral y bipartidista establecer\u00eda una nueva pol\u00edtica estadounidense para responsabilizar a los gobiernos e individuos extranjeros cuando acechan, intimidan o agreden a personas a trav\u00e9s de las fronteras, incluso en los Estados Unidos. El proyecto de ley tambi\u00e9n ayudar\u00eda a elevar la lucha contra la represi\u00f3n transnacional como una prioridad clave de la pol\u00edtica exterior de Estados Unidos y priorizar\u00eda la diplomacia que combate la represi\u00f3n transnacional como parte de una estrategia m\u00e1s amplia para promover los principios democr\u00e1ticos y el respeto de los derechos humanos, a nivel nacional e internacional.<\/p>\n\n\n\n<p>Ejemplos de represi\u00f3n transnacional de alto perfil incluyen el secuestro y desv\u00edo de un avi\u00f3n por parte del gobierno bielorruso para arrestar a un activista de la oposici\u00f3n y periodista, junto con su socio; el envenenamiento de varios ex oficiales de inteligencia rusos residentes en Inglaterra; y agentes de inteligencia iran\u00edes frustraron un complot para secuestrar a una periodista iran\u00ed y activista por los derechos de las mujeres radicada en Brooklyn.<\/p>\n\n\n\n<blockquote class=\"wp-block-quote is-layout-flow wp-block-quote-is-layout-flow\">\n<p>&quot;Es terrible cuando los reg\u00edmenes autoritarios oprimen a su pueblo en casa, pero es un acto de agresi\u00f3n inaceptable atacar a los disidentes en otros pa\u00edses&quot;,&nbsp;<strong>dijo el senador Merkley.<\/strong>&nbsp;\u201cLos periodistas, escritores, activistas y personas comunes y corrientes que han dicho la verdad al poder en su pa\u00eds son con demasiada frecuencia intimidados y chantajeados mientras viven en el extranjero. Estados Unidos debe adoptar una postura y aplicar un enfoque de todo el gobierno para abordar la creciente ola de represi\u00f3n transnacional cuando y donde quiera que ocurra. Este proyecto de ley es un paso fundamental para responsabilizar a los gobiernos autoritarios y brindar refugio seguro a quienes huyen de estados represivos\u201d.<\/p>\n\n\n\n<p>\u201cMientras los uigures en Xinjiang contin\u00faan enfrent\u00e1ndose a la campa\u00f1a genocida del Partido Comunista Chino, los exiliados de las comunidades uigures, tibetanas, Falun Gong, cristianas y de Hong Kong, que han venido a nuestra naci\u00f3n en busca de protecci\u00f3n, son ahora objetivos de represi\u00f3n transnacional\u201d.&nbsp;<strong>dijo el senador Rubio.&nbsp;<\/strong>\u201cEstados Unidos debe idear una estrategia para contrarrestar estas t\u00e1cticas criminales y garantizar que el PCC no pueda acosar ni atacar a personas en suelo estadounidense\u201d.<\/p>\n\n\n\n<p>\u201cYa es hora de que Estados Unidos desarrolle una estrategia integral para identificar a los perpetradores de la represi\u00f3n transnacional y disuadirlos\u201d.&nbsp;<strong>dijo el Senador Cardin.<\/strong>&nbsp;&quot;Nuestro proyecto de ley, cuando se convierta en ley, nos llevar\u00e1 decisivamente en la direcci\u00f3n correcta&quot;.<\/p>\n\n\n\n<p>\u201cMientras la China comunista, Rusia, Ir\u00e1n y otros adversarios se involucran en la represi\u00f3n transnacional, Estados Unidos debe dejar claro que nunca tolerar\u00e1 este comportamiento extraterritorial maligno, especialmente en suelo estadounidense\u201d.&nbsp;<strong>dijo el Senador Hagerty.&nbsp;&nbsp;<\/strong>&quot;Me complace apoyar esta legislaci\u00f3n bipartidista para imponer transparencia y rendici\u00f3n de cuentas cuando actores malignos violan nuestra soberan\u00eda y nuestras leyes para acosar y atacar a los disidentes en los Estados Unidos y en todo el mundo&quot;.<\/p>\n<\/blockquote>\n\n\n\n<p>La represi\u00f3n transnacional ocurre cuando un gobierno extranjero cruza fronteras nacionales para intimidar, acosar o da\u00f1ar a miembros de la di\u00e1spora y comunidades de exiliados con el fin de impedir su ejercicio de los derechos humanos internacionalmente reconocidos. Puede adoptar formas tanto f\u00edsicas como virtuales, desde agresiones f\u00edsicas y entregas y detenciones ilegales hasta vigilancia selectiva en l\u00ednea y calumnias y calumnias p\u00fablicas.<\/p>\n\n\n\n<p>Los gobiernos autoritarios dependen de la represi\u00f3n transnacional para fortalecer su control sobre las comunidades de emigrantes y de la di\u00e1spora, especialmente cuando las medidas en\u00e9rgicas internas contra la democracia y los derechos humanos empujan a los disidentes al extranjero. Estas acciones impiden que los pa\u00edses democr\u00e1ticos sirvan como refugio f\u00edsico para quienes huyen de la represi\u00f3n.<\/p>\n\n\n\n<p>en su\u00a0<a href=\"https:\/\/freedomhouse.org\/report\/freedom-world\/2023\/marking-50-years\" target=\"_blank\" rel=\"noreferrer noopener\">Informe Libertad en el Mundo 2023<\/a>, el grupo de derechos humanos Freedom House afirm\u00f3 claramente que \u201cla disminuci\u00f3n general de la libertad global durante las \u00faltimas dos d\u00e9cadas ha creado un entorno m\u00e1s hostil para los esfuerzos de democratizaci\u00f3n de los pa\u00edses individuales y ha brindado apoyo transnacional a los l\u00edderes iliberales\u201d. El informe se\u00f1ala que los gobiernos autoritarios est\u00e1n aumentando sus ataques a la democracia y se han vuelto m\u00e1s eficaces a la hora de cooptar o eludir las normas e instituciones destinadas a apoyar las libertades b\u00e1sicas. El informe advierte que: \u201cconsolidar y proteger las instituciones democr\u00e1ticas nacientes se ha vuelto m\u00e1s dif\u00edcil que en el apogeo de la democratizaci\u00f3n tras el fin de la Guerra Fr\u00eda\u201d.<\/p>\n\n\n\n<blockquote class=\"wp-block-quote is-layout-flow wp-block-quote-is-layout-flow\">\n<p>&quot;La Ley de Pol\u00edtica de Represi\u00f3n Transnacional propone una serie de reformas pol\u00edticas esenciales para abordar la represi\u00f3n transnacional&quot;.&nbsp;<strong>dijo Michael J. Abramowitz, presidente de Freedom House.&nbsp;<\/strong>\u201cCuando los l\u00edderes autoritarios cruzan fronteras para silenciar a sus cr\u00edticos, amenazan no s\u00f3lo la seguridad de las personas atacadas, sino tambi\u00e9n la soberan\u00eda y la seguridad de los gobiernos democr\u00e1ticos en todo el mundo y los derechos humanos en general. Agradecemos a los senadores por su liderazgo en este tema y esperamos que este importante proyecto de ley se convierta r\u00e1pidamente en ley\u201d.&nbsp;<\/p>\n<\/blockquote>\n\n\n\n<p>El perpetrador m\u00e1s frecuente de represi\u00f3n transnacional es la Rep\u00fablica Popular China, que ataca a uigures, hongkoneses, tibetanos, disidentes y otros. Freedom House caracteriza la campa\u00f1a de represi\u00f3n transnacional de China como \u201cla m\u00e1s sofisticada, global y completa...\u201d. . . en el mundo.&quot; El largo brazo del Estado chino tambi\u00e9n ha alcanzado a los disidentes chinos en Estados Unidos. Por ejemplo, en marzo de 2022, el\u00a0<a href=\"https:\/\/www.justice.gov\/opa\/pr\/five-individuals-charged-variously-stalking-harassing-and-spying-us-residents-behalf-prc-0\" target=\"_blank\" rel=\"noreferrer noopener\">Departamento de Justicia<\/a>\u00a0acus\u00f3 a un empleado del Ministerio de Seguridad del Estado de conspiraci\u00f3n por contratar a un investigador privado para acosar y agredir f\u00edsicamente a un activista chino a favor de la democracia que se postulaba para el Congreso de los Estados Unidos en Long Island. Se utilizaron t\u00e1cticas de intimidaci\u00f3n y acoso para impedirle llevar a cabo su campa\u00f1a. En otro reciente\u00a0<a href=\"https:\/\/www.justice.gov\/opa\/pr\/people-s-republic-china-citizen-indicted-allegedly-stalking-threatening-individual-promoting\" target=\"_blank\" rel=\"noreferrer noopener\">Caso del Departamento de Justicia<\/a>, estudiante de m\u00fasica de Massachusetts y ciudadano de la Rep\u00fablica Popular China, fue acusado de tener conexiones con el acoso y la amenaza a un individuo que publicaba folletos en apoyo de la democracia en China.<\/p>\n\n\n\n<p>Rusia es otro perpetrador flagrante de represi\u00f3n transnacional, y la utiliz\u00f3 como herramienta en el per\u00edodo previo a la guerra no provocada contra Ucrania. En abril de 2020,\u00a0<a href=\"https:\/\/www.justsecurity.org\/80423\/russias-invasion-of-ukraine-imperils-human-rights-defenders-and-political-exiles\/\" target=\"_blank\" rel=\"noreferrer noopener\">solo seguridad<\/a>\u00a0informaron las autoridades ucranianas\u00a0<a href=\"https:\/\/www.rferl.org\/a\/top-ukrainian-security-official-detained-for-alleged-collaboration-with-russia-s-fsb\/30554391.html\" target=\"_blank\" rel=\"noreferrer noopener\">detenido<\/a>\u00a0un general de divisi\u00f3n del Servicio de Seguridad de Ucrania bajo sospecha de que estaba trabajando con los servicios de inteligencia rusos en un complot de asesinato contra un combatiente checheno proucraniano. En 2018, las autoridades ucranianas\u00a0<a href=\"https:\/\/www.bbc.com\/news\/world-europe-44307611\" target=\"_blank\" rel=\"noreferrer noopener\">prevenido<\/a>\u00a0a un periodista ruso exiliado de un plan ruso para asesinarlo. Esos complots y acciones s\u00f3lo ser\u00e1n m\u00e1s f\u00e1ciles de ejecutar en medio del conflicto y la ocupaci\u00f3n.<\/p>\n\n\n\n<p>Para mantener a raya a los gobiernos autoritarios y evitar que su \u201cbrazo largo\u201d obstaculice los derechos humanos en el extranjero, este proyecto de ley:<\/p>\n\n\n\n<ul class=\"wp-block-list\">\n<li>Incluir una secci\u00f3n espec\u00edfica sobre la represi\u00f3n transnacional dentro del Informe Anual de Derechos Humanos del Departamento de Estado.<\/li>\n\n\n\n<li>Exigir al Secretario de Estado, junto con otros jefes relevantes de departamentos y agencias federales, que presenten un informe al Congreso sobre una estrategia estadounidense para abordar la represi\u00f3n transnacional y mejorar la conciencia internacional sobre la misma.<\/li>\n\n\n\n<li>Exigir a los Departamentos de Estado y de Justicia que trabajen con la sociedad civil y el sector privado en la capacitaci\u00f3n del personal diplom\u00e1tico estadounidense y de los empleados federales nacionales, respectivamente, para identificar y comprender la represi\u00f3n transnacional.<\/li>\n\n\n\n<li>Autorizar fondos para cada a\u00f1o fiscal de 2024 a 2027 para desarrollar un plan de estudios para el personal diplom\u00e1tico y los empleados federales nacionales, respectivamente.<\/li>\n\n\n\n<li>Instruir a la comunidad de inteligencia para que identifique a los perpetradores de la represi\u00f3n transnacional y sus herramientas, y comparta informaci\u00f3n relevante con socios de ideas afines.<\/li>\n\n\n\n<li>Dedicar recursos para garantizar que una l\u00ednea de informaci\u00f3n para v\u00edctimas y testigos de la represi\u00f3n transnacional est\u00e9 dise\u00f1ada para satisfacer las necesidades de las comunidades en riesgo e identificar t\u00e1cticas espec\u00edficas.<\/li>\n\n\n\n<li>Exigir que el Presidente presente una lista al Congreso de personas extranjeras a las que se les deber\u00edan imponer sanciones porque, a sabiendas o sin saberlo, participaron directamente en la represi\u00f3n transnacional.<\/li>\n<\/ul>\n\n\n\n<p>El texto de la factura se puede encontrar\u00a0<a href=\"https:\/\/www.merkley.senate.gov\/es\/imo\/media\/doc\/transnational_repression_bill_text.pdf\/\" target=\"_blank\" rel=\"noreferrer noopener\">aqu\u00ed<\/a>.<\/p>\n\n\n\n<p>El resumen de la factura se puede encontrar\u00a0<a href=\"https:\/\/www.merkley.senate.gov\/es\/imo\/media\/doc\/tnr_bill_summary.pdf\/\" target=\"_blank\" rel=\"noreferrer noopener\">aqu\u00ed<\/a>.<\/p>\n\n\n\n<p><em>Este comunicado de prensa y el resumen de una p\u00e1gina se han actualizado.<\/em><\/p>\n\n\n\n<p class=\"has-text-align-center\">###<\/p>","protected":false},"excerpt":{"rendered":"<p>Bipartisan, comprehensive legislation represents a bold new frontier in the fight against transnational repression Thursday, March 16, 2023 Washington, D.C. \u2013 Oregon\u2019s U.S. Senator Jeff Merkley joined forces with U.S. Senators Marco Rubio (R-FL), Ben Cardin (D-MD), and Bill Hagerty (R-TN)\u2014members of the Senate Foreign Relations Committee\u2014to introduce the&nbsp;Transnational Repression Policy Act.&nbsp;This bipartisan, comprehensive legislation [&hellip;]<\/p>\n","protected":false},"author":5,"featured_media":0,"comment_status":"open","ping_status":"open","sticky":false,"template":"","format":"standard","meta":{"_acf_changed":false,"inline_featured_image":false,"footnotes":""},"categories":[24],"tags":[38,121],"class_list":["post-672","post","type-post","status-publish","format-standard","hentry","category-press-releases","tag-foreign-policy-and-national-security","tag-standing-up-for-human-and-civil-rights"],"acf":[],"yoast_head":"<!-- This site is optimized with the Yoast SEO plugin v27.2 - https:\/\/yoast.com\/product\/yoast-seo-wordpress\/ -->\n<title>MERKLEY, RUBIO, CARDIN, HAGERTY TAKE A STAND AGAINST FOREIGN GOVERNMENTS TRAMPLING HUMAN RIGHTS WITHIN THE UNITED STATES AND BEYOND - Merkley<\/title>\n<meta name=\"robots\" content=\"index, follow, max-snippet:-1, max-image-preview:large, max-video-preview:-1\" \/>\n<link rel=\"canonical\" href=\"https:\/\/www.merkley.senate.gov\/es\/merkley-rubio-cardin-hagerty-take-a-stand-against-foreign-governments-trampling-human-rights-within-the-united-states-and-beyond\/\" \/>\n<meta property=\"og:locale\" content=\"es_MX\" \/>\n<meta property=\"og:type\" content=\"article\" \/>\n<meta property=\"og:title\" content=\"MERKLEY, RUBIO, CARDIN, HAGERTY TAKE A STAND AGAINST FOREIGN GOVERNMENTS TRAMPLING HUMAN RIGHTS WITHIN THE UNITED STATES AND BEYOND - Merkley\" \/>\n<meta property=\"og:description\" content=\"Bipartisan, comprehensive legislation represents a bold new frontier in the fight against transnational repression Thursday, March 16, 2023 Washington, D.C. \u2013 Oregon\u2019s U.S. Senator Jeff Merkley joined forces with U.S. Senators Marco Rubio (R-FL), Ben Cardin (D-MD), and Bill Hagerty (R-TN)\u2014members of the Senate Foreign Relations Committee\u2014to introduce the&nbsp;Transnational Repression Policy Act.&nbsp;This bipartisan, comprehensive legislation [&hellip;]\" \/>\n<meta property=\"og:url\" content=\"https:\/\/www.merkley.senate.gov\/es\/merkley-rubio-cardin-hagerty-take-a-stand-against-foreign-governments-trampling-human-rights-within-the-united-states-and-beyond\/\" \/>\n<meta property=\"og:site_name\" content=\"Merkley\" \/>\n<meta property=\"article:published_time\" content=\"2023-03-16T18:16:00+00:00\" \/>\n<meta property=\"article:modified_time\" content=\"2025-07-31T14:22:27+00:00\" \/>\n<meta name=\"author\" content=\"Staff\" \/>\n<meta name=\"twitter:card\" content=\"summary_large_image\" \/>\n<meta name=\"twitter:label1\" content=\"Written by\" \/>\n\t<meta name=\"twitter:data1\" content=\"Staff\" \/>\n\t<meta name=\"twitter:label2\" content=\"Est. reading time\" \/>\n\t<meta name=\"twitter:data2\" content=\"4 minutes\" \/>\n<script type=\"application\/ld+json\" class=\"yoast-schema-graph\">{\"@context\":\"https:\/\/schema.org\",\"@graph\":[{\"@type\":\"Article\",\"@id\":\"https:\/\/www.merkley.senate.gov\/merkley-rubio-cardin-hagerty-take-a-stand-against-foreign-governments-trampling-human-rights-within-the-united-states-and-beyond\/#article\",\"isPartOf\":{\"@id\":\"https:\/\/www.merkley.senate.gov\/merkley-rubio-cardin-hagerty-take-a-stand-against-foreign-governments-trampling-human-rights-within-the-united-states-and-beyond\/\"},\"author\":{\"name\":\"Staff\",\"@id\":\"https:\/\/www.merkley.senate.gov\/#\/schema\/person\/7d71a4cef85c1796b841160eb8f45d2c\"},\"headline\":\"MERKLEY, RUBIO, CARDIN, HAGERTY TAKE A STAND AGAINST FOREIGN GOVERNMENTS TRAMPLING HUMAN RIGHTS WITHIN THE UNITED STATES AND BEYOND\",\"datePublished\":\"2023-03-16T18:16:00+00:00\",\"dateModified\":\"2025-07-31T14:22:27+00:00\",\"mainEntityOfPage\":{\"@id\":\"https:\/\/www.merkley.senate.gov\/merkley-rubio-cardin-hagerty-take-a-stand-against-foreign-governments-trampling-human-rights-within-the-united-states-and-beyond\/\"},\"wordCount\":1249,\"commentCount\":0,\"keywords\":[\"Foreign Policy and National Security\",\"Standing Up for Human and Civil Rights\"],\"articleSection\":[\"Press Releases\"],\"inLanguage\":\"es-MX\",\"potentialAction\":[{\"@type\":\"CommentAction\",\"name\":\"Comment\",\"target\":[\"https:\/\/www.merkley.senate.gov\/merkley-rubio-cardin-hagerty-take-a-stand-against-foreign-governments-trampling-human-rights-within-the-united-states-and-beyond\/#respond\"]}]},{\"@type\":\"WebPage\",\"@id\":\"https:\/\/www.merkley.senate.gov\/merkley-rubio-cardin-hagerty-take-a-stand-against-foreign-governments-trampling-human-rights-within-the-united-states-and-beyond\/\",\"url\":\"https:\/\/www.merkley.senate.gov\/merkley-rubio-cardin-hagerty-take-a-stand-against-foreign-governments-trampling-human-rights-within-the-united-states-and-beyond\/\",\"name\":\"MERKLEY, RUBIO, CARDIN, HAGERTY TAKE A STAND AGAINST FOREIGN GOVERNMENTS TRAMPLING HUMAN RIGHTS WITHIN THE UNITED STATES AND BEYOND - Merkley\",\"isPartOf\":{\"@id\":\"https:\/\/www.merkley.senate.gov\/#website\"},\"datePublished\":\"2023-03-16T18:16:00+00:00\",\"dateModified\":\"2025-07-31T14:22:27+00:00\",\"author\":{\"@id\":\"https:\/\/www.merkley.senate.gov\/#\/schema\/person\/7d71a4cef85c1796b841160eb8f45d2c\"},\"breadcrumb\":{\"@id\":\"https:\/\/www.merkley.senate.gov\/merkley-rubio-cardin-hagerty-take-a-stand-against-foreign-governments-trampling-human-rights-within-the-united-states-and-beyond\/#breadcrumb\"},\"inLanguage\":\"es-MX\",\"potentialAction\":[{\"@type\":\"ReadAction\",\"target\":[\"https:\/\/www.merkley.senate.gov\/merkley-rubio-cardin-hagerty-take-a-stand-against-foreign-governments-trampling-human-rights-within-the-united-states-and-beyond\/\"]}]},{\"@type\":\"BreadcrumbList\",\"@id\":\"https:\/\/www.merkley.senate.gov\/merkley-rubio-cardin-hagerty-take-a-stand-against-foreign-governments-trampling-human-rights-within-the-united-states-and-beyond\/#breadcrumb\",\"itemListElement\":[{\"@type\":\"ListItem\",\"position\":1,\"name\":\"Home\",\"item\":\"https:\/\/www.merkley.senate.gov\/\"},{\"@type\":\"ListItem\",\"position\":2,\"name\":\"MERKLEY, RUBIO, CARDIN, HAGERTY TAKE A STAND AGAINST FOREIGN GOVERNMENTS TRAMPLING HUMAN RIGHTS WITHIN THE UNITED STATES AND BEYOND\"}]},{\"@type\":\"WebSite\",\"@id\":\"https:\/\/www.merkley.senate.gov\/#website\",\"url\":\"https:\/\/www.merkley.senate.gov\/\",\"name\":\"Merkley\",\"description\":\"Merkley\",\"potentialAction\":[{\"@type\":\"SearchAction\",\"target\":{\"@type\":\"EntryPoint\",\"urlTemplate\":\"https:\/\/www.merkley.senate.gov\/?s={search_term_string}\"},\"query-input\":{\"@type\":\"PropertyValueSpecification\",\"valueRequired\":true,\"valueName\":\"search_term_string\"}}],\"inLanguage\":\"es-MX\"},{\"@type\":\"Person\",\"@id\":\"https:\/\/www.merkley.senate.gov\/#\/schema\/person\/7d71a4cef85c1796b841160eb8f45d2c\",\"name\":\"Staff\",\"image\":{\"@type\":\"ImageObject\",\"inLanguage\":\"es-MX\",\"@id\":\"https:\/\/secure.gravatar.com\/avatar\/828c4fc0bdc8502df99268fcc4f10eb6e4f6496a605ad716782dc822f0a30a8c?s=96&d=mm&r=g\",\"url\":\"https:\/\/secure.gravatar.com\/avatar\/828c4fc0bdc8502df99268fcc4f10eb6e4f6496a605ad716782dc822f0a30a8c?s=96&d=mm&r=g\",\"contentUrl\":\"https:\/\/secure.gravatar.com\/avatar\/828c4fc0bdc8502df99268fcc4f10eb6e4f6496a605ad716782dc822f0a30a8c?s=96&d=mm&r=g\",\"caption\":\"Staff\"},\"url\":\"https:\/\/www.merkley.senate.gov\/es\/author\/staff\/\"}]}<\/script>\n<!-- \/ Yoast SEO plugin. -->","yoast_head_json":{"title":"MERKLEY, RUBIO, CARDIN, HAGERTY TAKE A STAND AGAINST FOREIGN GOVERNMENTS TRAMPLING HUMAN RIGHTS WITHIN THE UNITED STATES AND BEYOND - Merkley","robots":{"index":"index","follow":"follow","max-snippet":"max-snippet:-1","max-image-preview":"max-image-preview:large","max-video-preview":"max-video-preview:-1"},"canonical":"https:\/\/www.merkley.senate.gov\/es\/merkley-rubio-cardin-hagerty-take-a-stand-against-foreign-governments-trampling-human-rights-within-the-united-states-and-beyond\/","og_locale":"es_MX","og_type":"article","og_title":"MERKLEY, RUBIO, CARDIN, HAGERTY TAKE A STAND AGAINST FOREIGN GOVERNMENTS TRAMPLING HUMAN RIGHTS WITHIN THE UNITED STATES AND BEYOND - Merkley","og_description":"Bipartisan, comprehensive legislation represents a bold new frontier in the fight against transnational repression Thursday, March 16, 2023 Washington, D.C. \u2013 Oregon\u2019s U.S. Senator Jeff Merkley joined forces with U.S. Senators Marco Rubio (R-FL), Ben Cardin (D-MD), and Bill Hagerty (R-TN)\u2014members of the Senate Foreign Relations Committee\u2014to introduce the&nbsp;Transnational Repression Policy Act.&nbsp;This bipartisan, comprehensive legislation [&hellip;]","og_url":"https:\/\/www.merkley.senate.gov\/es\/merkley-rubio-cardin-hagerty-take-a-stand-against-foreign-governments-trampling-human-rights-within-the-united-states-and-beyond\/","og_site_name":"Merkley","article_published_time":"2023-03-16T18:16:00+00:00","article_modified_time":"2025-07-31T14:22:27+00:00","author":"Staff","twitter_card":"summary_large_image","twitter_misc":{"Written by":"Staff","Est. reading time":"4 minutes"},"schema":{"@context":"https:\/\/schema.org","@graph":[{"@type":"Article","@id":"https:\/\/www.merkley.senate.gov\/merkley-rubio-cardin-hagerty-take-a-stand-against-foreign-governments-trampling-human-rights-within-the-united-states-and-beyond\/#article","isPartOf":{"@id":"https:\/\/www.merkley.senate.gov\/merkley-rubio-cardin-hagerty-take-a-stand-against-foreign-governments-trampling-human-rights-within-the-united-states-and-beyond\/"},"author":{"name":"Staff","@id":"https:\/\/www.merkley.senate.gov\/#\/schema\/person\/7d71a4cef85c1796b841160eb8f45d2c"},"headline":"MERKLEY, RUBIO, CARDIN, HAGERTY TAKE A STAND AGAINST FOREIGN GOVERNMENTS TRAMPLING HUMAN RIGHTS WITHIN THE UNITED STATES AND BEYOND","datePublished":"2023-03-16T18:16:00+00:00","dateModified":"2025-07-31T14:22:27+00:00","mainEntityOfPage":{"@id":"https:\/\/www.merkley.senate.gov\/merkley-rubio-cardin-hagerty-take-a-stand-against-foreign-governments-trampling-human-rights-within-the-united-states-and-beyond\/"},"wordCount":1249,"commentCount":0,"keywords":["Foreign Policy and National Security","Standing Up for Human and Civil Rights"],"articleSection":["Press Releases"],"inLanguage":"es-MX","potentialAction":[{"@type":"CommentAction","name":"Comment","target":["https:\/\/www.merkley.senate.gov\/merkley-rubio-cardin-hagerty-take-a-stand-against-foreign-governments-trampling-human-rights-within-the-united-states-and-beyond\/#respond"]}]},{"@type":"WebPage","@id":"https:\/\/www.merkley.senate.gov\/merkley-rubio-cardin-hagerty-take-a-stand-against-foreign-governments-trampling-human-rights-within-the-united-states-and-beyond\/","url":"https:\/\/www.merkley.senate.gov\/merkley-rubio-cardin-hagerty-take-a-stand-against-foreign-governments-trampling-human-rights-within-the-united-states-and-beyond\/","name":"MERKLEY, RUBIO, CARDIN, HAGERTY TAKE A STAND AGAINST FOREIGN GOVERNMENTS TRAMPLING HUMAN RIGHTS WITHIN THE UNITED STATES AND BEYOND - Merkley","isPartOf":{"@id":"https:\/\/www.merkley.senate.gov\/#website"},"datePublished":"2023-03-16T18:16:00+00:00","dateModified":"2025-07-31T14:22:27+00:00","author":{"@id":"https:\/\/www.merkley.senate.gov\/#\/schema\/person\/7d71a4cef85c1796b841160eb8f45d2c"},"breadcrumb":{"@id":"https:\/\/www.merkley.senate.gov\/merkley-rubio-cardin-hagerty-take-a-stand-against-foreign-governments-trampling-human-rights-within-the-united-states-and-beyond\/#breadcrumb"},"inLanguage":"es-MX","potentialAction":[{"@type":"ReadAction","target":["https:\/\/www.merkley.senate.gov\/merkley-rubio-cardin-hagerty-take-a-stand-against-foreign-governments-trampling-human-rights-within-the-united-states-and-beyond\/"]}]},{"@type":"BreadcrumbList","@id":"https:\/\/www.merkley.senate.gov\/merkley-rubio-cardin-hagerty-take-a-stand-against-foreign-governments-trampling-human-rights-within-the-united-states-and-beyond\/#breadcrumb","itemListElement":[{"@type":"ListItem","position":1,"name":"Home","item":"https:\/\/www.merkley.senate.gov\/"},{"@type":"ListItem","position":2,"name":"MERKLEY, RUBIO, CARDIN, HAGERTY TAKE A STAND AGAINST FOREIGN GOVERNMENTS TRAMPLING HUMAN RIGHTS WITHIN THE UNITED STATES AND BEYOND"}]},{"@type":"WebSite","@id":"https:\/\/www.merkley.senate.gov\/#website","url":"https:\/\/www.merkley.senate.gov\/","name":"merkley","description":"merkley","potentialAction":[{"@type":"SearchAction","target":{"@type":"EntryPoint","urlTemplate":"https:\/\/www.merkley.senate.gov\/?s={search_term_string}"},"query-input":{"@type":"PropertyValueSpecification","valueRequired":true,"valueName":"search_term_string"}}],"inLanguage":"es-MX"},{"@type":"Person","@id":"https:\/\/www.merkley.senate.gov\/#\/schema\/person\/7d71a4cef85c1796b841160eb8f45d2c","name":"Staff","image":{"@type":"ImageObject","inLanguage":"es-MX","@id":"https:\/\/secure.gravatar.com\/avatar\/828c4fc0bdc8502df99268fcc4f10eb6e4f6496a605ad716782dc822f0a30a8c?s=96&d=mm&r=g","url":"https:\/\/secure.gravatar.com\/avatar\/828c4fc0bdc8502df99268fcc4f10eb6e4f6496a605ad716782dc822f0a30a8c?s=96&d=mm&r=g","contentUrl":"https:\/\/secure.gravatar.com\/avatar\/828c4fc0bdc8502df99268fcc4f10eb6e4f6496a605ad716782dc822f0a30a8c?s=96&d=mm&r=g","caption":"Staff"},"url":"https:\/\/www.merkley.senate.gov\/es\/author\/staff\/"}]}},"_links":{"self":[{"href":"https:\/\/www.merkley.senate.gov\/es\/wp-json\/wp\/v2\/posts\/672","targetHints":{"allow":["GET"]}}],"collection":[{"href":"https:\/\/www.merkley.senate.gov\/es\/wp-json\/wp\/v2\/posts"}],"about":[{"href":"https:\/\/www.merkley.senate.gov\/es\/wp-json\/wp\/v2\/types\/post"}],"author":[{"embeddable":true,"href":"https:\/\/www.merkley.senate.gov\/es\/wp-json\/wp\/v2\/users\/5"}],"replies":[{"embeddable":true,"href":"https:\/\/www.merkley.senate.gov\/es\/wp-json\/wp\/v2\/comments?post=672"}],"version-history":[{"count":4,"href":"https:\/\/www.merkley.senate.gov\/es\/wp-json\/wp\/v2\/posts\/672\/revisions"}],"predecessor-version":[{"id":788,"href":"https:\/\/www.merkley.senate.gov\/es\/wp-json\/wp\/v2\/posts\/672\/revisions\/788"}],"wp:attachment":[{"href":"https:\/\/www.merkley.senate.gov\/es\/wp-json\/wp\/v2\/media?parent=672"}],"wp:term":[{"taxonomy":"category","embeddable":true,"href":"https:\/\/www.merkley.senate.gov\/es\/wp-json\/wp\/v2\/categories?post=672"},{"taxonomy":"post_tag","embeddable":true,"href":"https:\/\/www.merkley.senate.gov\/es\/wp-json\/wp\/v2\/tags?post=672"}],"curies":[{"name":"wp","href":"https:\/\/api.w.org\/{rel}","templated":true}]}}