{"id":6791,"date":"2010-04-23T14:25:00","date_gmt":"2010-04-23T18:25:00","guid":{"rendered":"https:\/\/www.merkley.senate.gov\/merkley-to-hold-morrow-umatilla-and-baker-county-town-halls\/"},"modified":"2023-07-24T11:11:21","modified_gmt":"2023-07-24T15:11:21","slug":"merkley-to-hold-morrow-umatilla-and-baker-county-town-halls","status":"publish","type":"post","link":"https:\/\/www.merkley.senate.gov\/es\/merkley-to-hold-morrow-umatilla-and-baker-county-town-halls\/","title":{"rendered":"Merkley celebrar\u00e1 ayuntamientos en los condados de Morrow, Umatilla y Baker"},"content":{"rendered":"<p><strong><br \/>Portland, Oreg\u00f3n<\/strong> &ndash; Oregon&rsquo;s Senator Jeff Merkley will hold town halls in Morrow, Umatilla, and Baker Counties next week.<\/p>\n<p>Actualizar\u00e1 a los electores sobre su trabajo en Washington, DC y responder\u00e1 sus preguntas e invitar\u00e1 sus sugerencias sobre c\u00f3mo abordar los desaf\u00edos que enfrentan Oreg\u00f3n y Estados Unidos.<\/p>\n<blockquote><p>&ldquo;Advocating for Oregonians is my number one responsibility,&rdquo; Merkley said. &ldquo;I invite all residents of Morrow, Umatilla and Baker Counties to meet me and discuss what we need to do to get Oregon working again and strengthen America.&rdquo;<\/p><\/blockquote>\n<p>In 2008, Merkley pledged to hold town halls in each of Oregon&rsquo;s 36 counties every year. He upheld his pledge in 2009 and is quickly advancing it in 2010. Morrow, Umatilla, and Baker Counties will be his twentieth, twenty-first and twenty-second town halls of the year.<\/p>\n<p><strong>Qu\u00e9: <\/strong><br \/>Oregon&rsquo;s Senator Jeff Merkley holds town hall in Morrow County.<\/p>\n<p><strong>Cuando:<\/strong> <br \/>Saturday, May 1, 2010<br \/>1:30 de la tarde<\/p>\n<p><strong>D\u00f3nde:<\/strong><br \/>Puerto de ma\u00f1ana<br \/>Riverfront Room<br \/>2 Marine Drive<br \/>Boardman, Oreg\u00f3n, EE.UU. <\/p>\n<p><strong>Qu\u00e9:<\/strong><br \/>Oregon&rsquo;s Senator Jeff Merkley holds town hall in Umatilla County.<\/p>\n<p><strong>Cuando: <\/strong><br \/>Saturday, May 1, 2010<br \/>4:30 pm<br \/><strong><br \/>D\u00f3nde:<\/strong><br \/>Pendleton High School<br \/>Warberg Court- Gymnasium<br \/>1800 Northwest Carden Avenue<br \/>Pendleton, OR<\/p>\n<p><strong>Qu\u00e9:<\/strong><br \/>El Senador de Oreg\u00f3n Jeff Merkley celebra un ayuntamiento en el condado de Baker.<\/p>\n<p><strong>Cuando: <\/strong><br \/>Sunday, May 2, 2010<br \/>1:30 de la tarde<\/p>\n<p><strong>D\u00f3nde:<\/strong><br \/>Community Connection<br \/>2810 calle cedro<br \/>Baker City, Oreg\u00f3n, EE.UU.<\/p>","protected":false},"excerpt":{"rendered":"<p>Portland, OR &ndash; Oregon&rsquo;s Senator Jeff Merkley will hold town halls in Morrow, Umatilla, and Baker Counties next week. He will update constituents on his work in Washington, DC and answer their questions and invite their suggestions about how to tackle the challenges facing Oregon and America. &ldquo;Advocating for Oregonians is my number one responsibility,&rdquo; [&hellip;]<\/p>\n","protected":false},"author":2,"featured_media":0,"comment_status":"closed","ping_status":"closed","sticky":false,"template":"","format":"standard","meta":{"_acf_changed":false,"inline_featured_image":false,"footnotes":""},"categories":[24],"tags":[],"class_list":["post-6791","post","type-post","status-publish","format-standard","hentry","category-press-releases"],"acf":[],"yoast_head":"<!-- This site is optimized with the Yoast SEO plugin v27.2 - https:\/\/yoast.com\/product\/yoast-seo-wordpress\/ -->\n<title>Merkley to Hold Morrow, Umatilla and Baker County Town Halls - Merkley<\/title>\n<meta name=\"robots\" content=\"index, follow, max-snippet:-1, max-image-preview:large, max-video-preview:-1\" \/>\n<link rel=\"canonical\" href=\"https:\/\/www.merkley.senate.gov\/es\/merkley-to-hold-morrow-umatilla-and-baker-county-town-halls\/\" \/>\n<meta property=\"og:locale\" content=\"es_MX\" \/>\n<meta property=\"og:type\" content=\"article\" \/>\n<meta property=\"og:title\" content=\"Merkley to Hold Morrow, Umatilla and Baker County Town Halls - Merkley\" \/>\n<meta property=\"og:description\" content=\"Portland, OR &ndash; Oregon&rsquo;s Senator Jeff Merkley will hold town halls in Morrow, Umatilla, and Baker Counties next week. He will update constituents on his work in Washington, DC and answer their questions and invite their suggestions about how to tackle the challenges facing Oregon and America. &ldquo;Advocating for Oregonians is my number one responsibility,&rdquo; [&hellip;]\" \/>\n<meta property=\"og:url\" content=\"https:\/\/www.merkley.senate.gov\/es\/merkley-to-hold-morrow-umatilla-and-baker-county-town-halls\/\" \/>\n<meta property=\"og:site_name\" content=\"Merkley\" \/>\n<meta property=\"article:published_time\" content=\"2010-04-23T18:25:00+00:00\" \/>\n<meta property=\"article:modified_time\" content=\"2023-07-24T15:11:21+00:00\" \/>\n<meta name=\"twitter:card\" content=\"summary_large_image\" \/>\n<meta name=\"twitter:label1\" content=\"Written by\" \/>\n\t<meta name=\"twitter:data1\" content=\"\" \/>\n\t<meta name=\"twitter:label2\" content=\"Est. reading time\" \/>\n\t<meta name=\"twitter:data2\" content=\"1 minute\" \/>\n<script type=\"application\/ld+json\" class=\"yoast-schema-graph\">{\"@context\":\"https:\/\/schema.org\",\"@graph\":[{\"@type\":\"Article\",\"@id\":\"https:\/\/www.merkley.senate.gov\/merkley-to-hold-morrow-umatilla-and-baker-county-town-halls\/#article\",\"isPartOf\":{\"@id\":\"https:\/\/www.merkley.senate.gov\/merkley-to-hold-morrow-umatilla-and-baker-county-town-halls\/\"},\"author\":{\"name\":\"\",\"@id\":\"\"},\"headline\":\"Merkley to Hold Morrow, Umatilla and Baker County Town Halls\",\"datePublished\":\"2010-04-23T18:25:00+00:00\",\"dateModified\":\"2023-07-24T15:11:21+00:00\",\"mainEntityOfPage\":{\"@id\":\"https:\/\/www.merkley.senate.gov\/merkley-to-hold-morrow-umatilla-and-baker-county-town-halls\/\"},\"wordCount\":224,\"articleSection\":[\"Press Releases\"],\"inLanguage\":\"es-MX\"},{\"@type\":\"WebPage\",\"@id\":\"https:\/\/www.merkley.senate.gov\/merkley-to-hold-morrow-umatilla-and-baker-county-town-halls\/\",\"url\":\"https:\/\/www.merkley.senate.gov\/merkley-to-hold-morrow-umatilla-and-baker-county-town-halls\/\",\"name\":\"Merkley to Hold Morrow, Umatilla and Baker County Town Halls - Merkley\",\"isPartOf\":{\"@id\":\"https:\/\/www.merkley.senate.gov\/#website\"},\"datePublished\":\"2010-04-23T18:25:00+00:00\",\"dateModified\":\"2023-07-24T15:11:21+00:00\",\"author\":{\"@id\":\"\"},\"breadcrumb\":{\"@id\":\"https:\/\/www.merkley.senate.gov\/merkley-to-hold-morrow-umatilla-and-baker-county-town-halls\/#breadcrumb\"},\"inLanguage\":\"es-MX\",\"potentialAction\":[{\"@type\":\"ReadAction\",\"target\":[\"https:\/\/www.merkley.senate.gov\/merkley-to-hold-morrow-umatilla-and-baker-county-town-halls\/\"]}]},{\"@type\":\"BreadcrumbList\",\"@id\":\"https:\/\/www.merkley.senate.gov\/merkley-to-hold-morrow-umatilla-and-baker-county-town-halls\/#breadcrumb\",\"itemListElement\":[{\"@type\":\"ListItem\",\"position\":1,\"name\":\"Home\",\"item\":\"https:\/\/www.merkley.senate.gov\/\"},{\"@type\":\"ListItem\",\"position\":2,\"name\":\"Merkley to Hold Morrow, Umatilla and Baker County Town Halls\"}]},{\"@type\":\"WebSite\",\"@id\":\"https:\/\/www.merkley.senate.gov\/#website\",\"url\":\"https:\/\/www.merkley.senate.gov\/\",\"name\":\"Merkley\",\"description\":\"Merkley\",\"potentialAction\":[{\"@type\":\"SearchAction\",\"target\":{\"@type\":\"EntryPoint\",\"urlTemplate\":\"https:\/\/www.merkley.senate.gov\/?s={search_term_string}\"},\"query-input\":{\"@type\":\"PropertyValueSpecification\",\"valueRequired\":true,\"valueName\":\"search_term_string\"}}],\"inLanguage\":\"es-MX\"},{\"@type\":\"Person\",\"@id\":\"\",\"url\":\"https:\/\/www.merkley.senate.gov\/es\/author\/\"}]}<\/script>\n<!-- \/ Yoast SEO plugin. -->","yoast_head_json":{"title":"Merkley to Hold Morrow, Umatilla and Baker County Town Halls - Merkley","robots":{"index":"index","follow":"follow","max-snippet":"max-snippet:-1","max-image-preview":"max-image-preview:large","max-video-preview":"max-video-preview:-1"},"canonical":"https:\/\/www.merkley.senate.gov\/es\/merkley-to-hold-morrow-umatilla-and-baker-county-town-halls\/","og_locale":"es_MX","og_type":"article","og_title":"Merkley to Hold Morrow, Umatilla and Baker County Town Halls - Merkley","og_description":"Portland, OR &ndash; Oregon&rsquo;s Senator Jeff Merkley will hold town halls in Morrow, Umatilla, and Baker Counties next week. He will update constituents on his work in Washington, DC and answer their questions and invite their suggestions about how to tackle the challenges facing Oregon and America. &ldquo;Advocating for Oregonians is my number one responsibility,&rdquo; [&hellip;]","og_url":"https:\/\/www.merkley.senate.gov\/es\/merkley-to-hold-morrow-umatilla-and-baker-county-town-halls\/","og_site_name":"Merkley","article_published_time":"2010-04-23T18:25:00+00:00","article_modified_time":"2023-07-24T15:11:21+00:00","twitter_card":"summary_large_image","twitter_misc":{"Written by":"","Est. reading time":"1 minute"},"schema":{"@context":"https:\/\/schema.org","@graph":[{"@type":"Article","@id":"https:\/\/www.merkley.senate.gov\/merkley-to-hold-morrow-umatilla-and-baker-county-town-halls\/#article","isPartOf":{"@id":"https:\/\/www.merkley.senate.gov\/merkley-to-hold-morrow-umatilla-and-baker-county-town-halls\/"},"author":{"name":"","@id":""},"headline":"Merkley to Hold Morrow, Umatilla and Baker County Town Halls","datePublished":"2010-04-23T18:25:00+00:00","dateModified":"2023-07-24T15:11:21+00:00","mainEntityOfPage":{"@id":"https:\/\/www.merkley.senate.gov\/merkley-to-hold-morrow-umatilla-and-baker-county-town-halls\/"},"wordCount":224,"articleSection":["Press Releases"],"inLanguage":"es-MX"},{"@type":"WebPage","@id":"https:\/\/www.merkley.senate.gov\/merkley-to-hold-morrow-umatilla-and-baker-county-town-halls\/","url":"https:\/\/www.merkley.senate.gov\/merkley-to-hold-morrow-umatilla-and-baker-county-town-halls\/","name":"Merkley to Hold Morrow, Umatilla and Baker County Town Halls - Merkley","isPartOf":{"@id":"https:\/\/www.merkley.senate.gov\/#website"},"datePublished":"2010-04-23T18:25:00+00:00","dateModified":"2023-07-24T15:11:21+00:00","author":{"@id":""},"breadcrumb":{"@id":"https:\/\/www.merkley.senate.gov\/merkley-to-hold-morrow-umatilla-and-baker-county-town-halls\/#breadcrumb"},"inLanguage":"es-MX","potentialAction":[{"@type":"ReadAction","target":["https:\/\/www.merkley.senate.gov\/merkley-to-hold-morrow-umatilla-and-baker-county-town-halls\/"]}]},{"@type":"BreadcrumbList","@id":"https:\/\/www.merkley.senate.gov\/merkley-to-hold-morrow-umatilla-and-baker-county-town-halls\/#breadcrumb","itemListElement":[{"@type":"ListItem","position":1,"name":"Home","item":"https:\/\/www.merkley.senate.gov\/"},{"@type":"ListItem","position":2,"name":"Merkley to Hold Morrow, Umatilla and Baker County Town Halls"}]},{"@type":"WebSite","@id":"https:\/\/www.merkley.senate.gov\/#website","url":"https:\/\/www.merkley.senate.gov\/","name":"merkley","description":"merkley","potentialAction":[{"@type":"SearchAction","target":{"@type":"EntryPoint","urlTemplate":"https:\/\/www.merkley.senate.gov\/?s={search_term_string}"},"query-input":{"@type":"PropertyValueSpecification","valueRequired":true,"valueName":"search_term_string"}}],"inLanguage":"es-MX"},{"@type":"Person","@id":"","url":"https:\/\/www.merkley.senate.gov\/es\/author\/"}]}},"_links":{"self":[{"href":"https:\/\/www.merkley.senate.gov\/es\/wp-json\/wp\/v2\/posts\/6791","targetHints":{"allow":["GET"]}}],"collection":[{"href":"https:\/\/www.merkley.senate.gov\/es\/wp-json\/wp\/v2\/posts"}],"about":[{"href":"https:\/\/www.merkley.senate.gov\/es\/wp-json\/wp\/v2\/types\/post"}],"author":[{"embeddable":true,"href":"https:\/\/www.merkley.senate.gov\/es\/wp-json\/wp\/v2\/users\/2"}],"replies":[{"embeddable":true,"href":"https:\/\/www.merkley.senate.gov\/es\/wp-json\/wp\/v2\/comments?post=6791"}],"version-history":[{"count":1,"href":"https:\/\/www.merkley.senate.gov\/es\/wp-json\/wp\/v2\/posts\/6791\/revisions"}],"predecessor-version":[{"id":16167,"href":"https:\/\/www.merkley.senate.gov\/es\/wp-json\/wp\/v2\/posts\/6791\/revisions\/16167"}],"wp:attachment":[{"href":"https:\/\/www.merkley.senate.gov\/es\/wp-json\/wp\/v2\/media?parent=6791"}],"wp:term":[{"taxonomy":"category","embeddable":true,"href":"https:\/\/www.merkley.senate.gov\/es\/wp-json\/wp\/v2\/categories?post=6791"},{"taxonomy":"post_tag","embeddable":true,"href":"https:\/\/www.merkley.senate.gov\/es\/wp-json\/wp\/v2\/tags?post=6791"}],"curies":[{"name":"wp","href":"https:\/\/api.w.org\/{rel}","templated":true}]}}