{"id":6800,"date":"2010-04-09T10:24:00","date_gmt":"2010-04-09T14:24:00","guid":{"rendered":"https:\/\/www.merkley.senate.gov\/merkley-highlights-immediate-benefits-of-health-care-reform-in-southern-oregon\/"},"modified":"2023-07-24T11:11:21","modified_gmt":"2023-07-24T15:11:21","slug":"merkley-highlights-immediate-benefits-of-health-care-reform-in-southern-oregon","status":"publish","type":"post","link":"https:\/\/www.merkley.senate.gov\/es\/merkley-highlights-immediate-benefits-of-health-care-reform-in-southern-oregon\/","title":{"rendered":"Merkley destaca los beneficios inmediatos de la reforma de la atenci\u00f3n m\u00e9dica en el sur de Oreg\u00f3n"},"content":{"rendered":"<p><strong>Medford, Oreg\u00f3n<\/strong> \u2013 El senador de Oreg\u00f3n, Jeff Merkley, visit\u00f3 Grilla Bites en Medford el viernes para celebrar la aprobaci\u00f3n de la ley de reforma de atenci\u00f3n m\u00e9dica y discutir c\u00f3mo beneficiar\u00e1 a las familias y propietarios de peque\u00f1as empresas de Oreg\u00f3n. A Merkley se unieron varios habitantes de Oreg\u00f3n que compartieron historias sobre c\u00f3mo les afectar\u00e1 la nueva ley de atenci\u00f3n m\u00e9dica.<\/p>\n<blockquote><p>&quot;La nueva ley de reforma de la atenci\u00f3n m\u00e9dica es una gran victoria para las familias y las empresas que han visto aumentar los costos de la atenci\u00f3n m\u00e9dica a\u00f1o tras a\u00f1o tras a\u00f1o&quot;, dijo Merkley. \u201cLos habitantes de Oreg\u00f3n que est\u00e1n hoy aqu\u00ed conmigo representan a los millones de personas que se beneficiar\u00e1n de un sistema de atenci\u00f3n m\u00e9dica mejorado con reformas de seguros muy necesarias y apoyo para las familias y las peque\u00f1as empresas. Estas mejoras crear\u00e1n un Estados Unidos m\u00e1s saludable\u201d.<\/p><\/blockquote>\n<p>Aunque algunas partes de la ley de reforma de la atenci\u00f3n m\u00e9dica no entran en vigor hasta dentro de varios a\u00f1os, los habitantes de Oreg\u00f3n ver\u00e1n numerosos beneficios de inmediato.<\/p>\n<p>Las mejoras a corto plazo del sistema de atenci\u00f3n de salud incluyen varios elementos:<\/p>\n<p>\u2022 Las peque\u00f1as empresas recibir\u00e1n cr\u00e9ditos fiscales para ayudar a pagar el seguro m\u00e9dico de sus empleados;<br \/>\u2022 Las compa\u00f1\u00edas de seguros ya no pueden imponer l\u00edmites de por vida a los beneficios del seguro m\u00e9dico;<br \/>\u2022 A partir de mediados de 2010, los j\u00f3venes pueden permanecer en los planes de seguro de sus padres hasta los 26 a\u00f1os;<br \/>\u2022 Las compa\u00f1\u00edas de seguros est\u00e1n obligadas a cubrir los servicios preventivos y las vacunas;<br \/>\u2022 Las compa\u00f1\u00edas de seguros no pueden dar de baja a los residentes de Oreg\u00f3n si se enferman; y<br \/>\u2022 A partir de mediados de 2010, las compa\u00f1\u00edas de seguros no pueden negar cobertura a ni\u00f1os porque tienen una condici\u00f3n preexistente.<\/p>\n<p>La ley de reforma de la atenci\u00f3n m\u00e9dica tambi\u00e9n cierra el \u201cper\u00edodo sin cobertura\u201d de Medicare que obliga a las personas mayores a pagar el precio completo de sus medicamentos recetados en la brecha entre el l\u00edmite de cobertura inicial y el umbral de cobertura catastr\u00f3fica. El proyecto de ley proporciona un reembolso de $250 a las personas mayores en el per\u00edodo sin cobertura en 2010, instituye un descuento del 50 por ciento en medicamentos de marca en el per\u00edodo sin cobertura en 2011 y luego cierra gradualmente el per\u00edodo sin cobertura por completo.\u00ac<\/p>\n<p>El senador Merkley incluy\u00f3 una disposici\u00f3n en la ley de atenci\u00f3n m\u00e9dica que garantiza que las nuevas madres tengan el tiempo y el espacio para amamantar en el trabajo. Esta secci\u00f3n de la ley de reforma de la atenci\u00f3n m\u00e9dica se basa en una ley similar en Oreg\u00f3n y entrar\u00e1 en vigor tan pronto como el Departamento de Trabajo redacte e implemente la norma.<\/p>\n<p>Junto al senador Merkley en Medford estuvieron varios residentes de Oregon que compartieron c\u00f3mo sus peque\u00f1as empresas y familias se beneficiar\u00e1n de la nueva ley de reforma de atenci\u00f3n m\u00e9dica.<\/p>\n<p>Chris Abbey y Michael Duffy tienen seguro m\u00e9dico y dos hijos menores de 26 a\u00f1os. Chris est\u00e1 discapacitado por esclerosis m\u00faltiple despu\u00e9s de una carrera como reportero, m\u00e1s recientemente en el Medford Mail Tribune. Michael es un trabajador postal. Sus hijas son Randa, de 24 a\u00f1os, y Shannon, de 21. Antes de que se aprobara el proyecto de ley de reforma de la atenci\u00f3n m\u00e9dica, Chris y Michael estaban en p\u00e1nico, particularmente por la futura atenci\u00f3n m\u00e9dica de Shannon. Shannon est\u00e1 terminando la universidad con un t\u00edtulo en arte, pero tiene graves enfermedades preexistentes. No tendr\u00eda seguro y no podr\u00eda afrontar el fondo com\u00fan de alto riesgo. Ahora podr\u00e1n asegurarla en su plan. Su otra hija, Randa, est\u00e1 desempleada y actualmente no puede pagar las visitas al m\u00e9dico. entonces ella se est\u00e1 tratando con hierbas. Ahora, Chris y Michael podr\u00e1n brindarle cobertura a Randa durante casi un a\u00f1o. <br \/>&nbsp;<br \/>Brigette y Daniel Cooke son due\u00f1os de la cafeter\u00eda Evo&#039;s en Ashland. Tienen cuatro empleados pero no pueden proporcionarles un seguro. El \u00fanico seguro que tienen para ellos es un seguro catastr\u00f3fico que tiene un deducible de $10,000 y un copago de hasta $10,000 por el cual pagan $289\/mes. No van al m\u00e9dico. Tambi\u00e9n tienen una hija de 21 a\u00f1os, Rachel, con condiciones preexistentes que ya no es estudiante y no tiene seguro. Brigette y Dan podr\u00e1n utilizar el cr\u00e9dito fiscal para peque\u00f1as empresas este a\u00f1o y est\u00e1n encantados de que los cr\u00e9ditos fiscales les permitan empezar a contribuir al seguro m\u00e9dico de sus empleados. Ahora tambi\u00e9n pueden considerar agregar a Rachel a su plan. <br \/>&nbsp;<br \/>Harlan Ward emplea a 12 personas en el restaurante Grilla Bites de Medford. Sol\u00eda asegurarse a s\u00ed mismo y a su gerente, pero las tarifas del seguro de $1000 por mes se volvieron inasequibles. Los cr\u00e9ditos fiscales brindan a Harlan la posibilidad de asegurarse nuevamente a s\u00ed mismo y a su gerente y aumentan la probabilidad de brindar seguro a empleados adicionales. <\/p>\n<p>Judy Richards es una maestra jubilada de 66 a\u00f1os y l\u00edder de la Asociaci\u00f3n de Educaci\u00f3n de Oreg\u00f3n. Judy tiene varias enfermedades m\u00e9dicas, incluidas alergias y enfermedad de reflujo. Ha llegado al per\u00edodo sin cobertura en cada uno de los \u00faltimos dos a\u00f1os y ahora ha decidido saltarse sus medicamentos recetados para las alergias y el reflujo porque simplemente no puede pagarlos y, a diferencia de sus otras enfermedades, no ponen en peligro su vida. Judy intenta arregl\u00e1rselas con los medicamentos de venta libre lo mejor que puede. El reembolso $250 proporcionado por la nueva ley de reforma de la atenci\u00f3n m\u00e9dica ayudar\u00e1 este a\u00f1o y cerrar el per\u00edodo sin cobertura ser\u00e1 un gran alivio para Judy en el futuro.<\/p>","protected":false},"excerpt":{"rendered":"<p>Medford, OR &ndash; Oregon&rsquo;s Senator Jeff Merkley visited Grilla Bites in Medford Friday to celebrate the passage of the health care reform law and discuss how it will benefit Oregon families and small business owners.&nbsp; Merkley was joined by several Oregonians who shared stories about how the new health care law will affect them. &ldquo;The [&hellip;]<\/p>\n","protected":false},"author":2,"featured_media":0,"comment_status":"closed","ping_status":"closed","sticky":false,"template":"","format":"standard","meta":{"_acf_changed":false,"inline_featured_image":false,"footnotes":""},"categories":[24],"tags":[37,49],"class_list":["post-6800","post","type-post","status-publish","format-standard","hentry","category-press-releases","tag-health-care","tag-womens-rights-and-health"],"acf":[],"yoast_head":"<!-- This site is optimized with the Yoast SEO plugin v27.2 - https:\/\/yoast.com\/product\/yoast-seo-wordpress\/ -->\n<title>Merkley Highlights Immediate Benefits of Health Care Reform in Southern Oregon - Merkley<\/title>\n<meta name=\"robots\" content=\"index, follow, max-snippet:-1, max-image-preview:large, max-video-preview:-1\" \/>\n<link rel=\"canonical\" href=\"https:\/\/www.merkley.senate.gov\/es\/merkley-highlights-immediate-benefits-of-health-care-reform-in-southern-oregon\/\" \/>\n<meta property=\"og:locale\" content=\"es_MX\" \/>\n<meta property=\"og:type\" content=\"article\" \/>\n<meta property=\"og:title\" content=\"Merkley Highlights Immediate Benefits of Health Care Reform in Southern Oregon - Merkley\" \/>\n<meta property=\"og:description\" content=\"Medford, OR &ndash; Oregon&rsquo;s Senator Jeff Merkley visited Grilla Bites in Medford Friday to celebrate the passage of the health care reform law and discuss how it will benefit Oregon families and small business owners.&nbsp; Merkley was joined by several Oregonians who shared stories about how the new health care law will affect them. &ldquo;The [&hellip;]\" \/>\n<meta property=\"og:url\" content=\"https:\/\/www.merkley.senate.gov\/es\/merkley-highlights-immediate-benefits-of-health-care-reform-in-southern-oregon\/\" \/>\n<meta property=\"og:site_name\" content=\"Merkley\" \/>\n<meta property=\"article:published_time\" content=\"2010-04-09T14:24:00+00:00\" \/>\n<meta property=\"article:modified_time\" content=\"2023-07-24T15:11:21+00:00\" \/>\n<meta name=\"twitter:card\" content=\"summary_large_image\" \/>\n<meta name=\"twitter:label1\" content=\"Written by\" \/>\n\t<meta name=\"twitter:data1\" content=\"\" \/>\n\t<meta name=\"twitter:label2\" content=\"Est. reading time\" \/>\n\t<meta name=\"twitter:data2\" content=\"4 minutes\" \/>\n<script type=\"application\/ld+json\" class=\"yoast-schema-graph\">{\"@context\":\"https:\/\/schema.org\",\"@graph\":[{\"@type\":\"Article\",\"@id\":\"https:\/\/www.merkley.senate.gov\/merkley-highlights-immediate-benefits-of-health-care-reform-in-southern-oregon\/#article\",\"isPartOf\":{\"@id\":\"https:\/\/www.merkley.senate.gov\/merkley-highlights-immediate-benefits-of-health-care-reform-in-southern-oregon\/\"},\"author\":{\"name\":\"\",\"@id\":\"\"},\"headline\":\"Merkley Highlights Immediate Benefits of Health Care Reform in Southern Oregon\",\"datePublished\":\"2010-04-09T14:24:00+00:00\",\"dateModified\":\"2023-07-24T15:11:21+00:00\",\"mainEntityOfPage\":{\"@id\":\"https:\/\/www.merkley.senate.gov\/merkley-highlights-immediate-benefits-of-health-care-reform-in-southern-oregon\/\"},\"wordCount\":862,\"keywords\":[\"Health Care\",\"Women's Rights and Health\"],\"articleSection\":[\"Press Releases\"],\"inLanguage\":\"es-MX\"},{\"@type\":\"WebPage\",\"@id\":\"https:\/\/www.merkley.senate.gov\/merkley-highlights-immediate-benefits-of-health-care-reform-in-southern-oregon\/\",\"url\":\"https:\/\/www.merkley.senate.gov\/merkley-highlights-immediate-benefits-of-health-care-reform-in-southern-oregon\/\",\"name\":\"Merkley Highlights Immediate Benefits of Health Care Reform in Southern Oregon - Merkley\",\"isPartOf\":{\"@id\":\"https:\/\/www.merkley.senate.gov\/#website\"},\"datePublished\":\"2010-04-09T14:24:00+00:00\",\"dateModified\":\"2023-07-24T15:11:21+00:00\",\"author\":{\"@id\":\"\"},\"breadcrumb\":{\"@id\":\"https:\/\/www.merkley.senate.gov\/merkley-highlights-immediate-benefits-of-health-care-reform-in-southern-oregon\/#breadcrumb\"},\"inLanguage\":\"es-MX\",\"potentialAction\":[{\"@type\":\"ReadAction\",\"target\":[\"https:\/\/www.merkley.senate.gov\/merkley-highlights-immediate-benefits-of-health-care-reform-in-southern-oregon\/\"]}]},{\"@type\":\"BreadcrumbList\",\"@id\":\"https:\/\/www.merkley.senate.gov\/merkley-highlights-immediate-benefits-of-health-care-reform-in-southern-oregon\/#breadcrumb\",\"itemListElement\":[{\"@type\":\"ListItem\",\"position\":1,\"name\":\"Home\",\"item\":\"https:\/\/www.merkley.senate.gov\/\"},{\"@type\":\"ListItem\",\"position\":2,\"name\":\"Merkley Highlights Immediate Benefits of Health Care Reform in Southern Oregon\"}]},{\"@type\":\"WebSite\",\"@id\":\"https:\/\/www.merkley.senate.gov\/#website\",\"url\":\"https:\/\/www.merkley.senate.gov\/\",\"name\":\"Merkley\",\"description\":\"Merkley\",\"potentialAction\":[{\"@type\":\"SearchAction\",\"target\":{\"@type\":\"EntryPoint\",\"urlTemplate\":\"https:\/\/www.merkley.senate.gov\/?s={search_term_string}\"},\"query-input\":{\"@type\":\"PropertyValueSpecification\",\"valueRequired\":true,\"valueName\":\"search_term_string\"}}],\"inLanguage\":\"es-MX\"},{\"@type\":\"Person\",\"@id\":\"\",\"url\":\"https:\/\/www.merkley.senate.gov\/es\/author\/\"}]}<\/script>\n<!-- \/ Yoast SEO plugin. -->","yoast_head_json":{"title":"Merkley Highlights Immediate Benefits of Health Care Reform in Southern Oregon - Merkley","robots":{"index":"index","follow":"follow","max-snippet":"max-snippet:-1","max-image-preview":"max-image-preview:large","max-video-preview":"max-video-preview:-1"},"canonical":"https:\/\/www.merkley.senate.gov\/es\/merkley-highlights-immediate-benefits-of-health-care-reform-in-southern-oregon\/","og_locale":"es_MX","og_type":"article","og_title":"Merkley Highlights Immediate Benefits of Health Care Reform in Southern Oregon - Merkley","og_description":"Medford, OR &ndash; Oregon&rsquo;s Senator Jeff Merkley visited Grilla Bites in Medford Friday to celebrate the passage of the health care reform law and discuss how it will benefit Oregon families and small business owners.&nbsp; Merkley was joined by several Oregonians who shared stories about how the new health care law will affect them. &ldquo;The [&hellip;]","og_url":"https:\/\/www.merkley.senate.gov\/es\/merkley-highlights-immediate-benefits-of-health-care-reform-in-southern-oregon\/","og_site_name":"Merkley","article_published_time":"2010-04-09T14:24:00+00:00","article_modified_time":"2023-07-24T15:11:21+00:00","twitter_card":"summary_large_image","twitter_misc":{"Written by":"","Est. reading time":"4 minutes"},"schema":{"@context":"https:\/\/schema.org","@graph":[{"@type":"Article","@id":"https:\/\/www.merkley.senate.gov\/merkley-highlights-immediate-benefits-of-health-care-reform-in-southern-oregon\/#article","isPartOf":{"@id":"https:\/\/www.merkley.senate.gov\/merkley-highlights-immediate-benefits-of-health-care-reform-in-southern-oregon\/"},"author":{"name":"","@id":""},"headline":"Merkley Highlights Immediate Benefits of Health Care Reform in Southern Oregon","datePublished":"2010-04-09T14:24:00+00:00","dateModified":"2023-07-24T15:11:21+00:00","mainEntityOfPage":{"@id":"https:\/\/www.merkley.senate.gov\/merkley-highlights-immediate-benefits-of-health-care-reform-in-southern-oregon\/"},"wordCount":862,"keywords":["Health Care","Women's Rights and Health"],"articleSection":["Press Releases"],"inLanguage":"es-MX"},{"@type":"WebPage","@id":"https:\/\/www.merkley.senate.gov\/merkley-highlights-immediate-benefits-of-health-care-reform-in-southern-oregon\/","url":"https:\/\/www.merkley.senate.gov\/merkley-highlights-immediate-benefits-of-health-care-reform-in-southern-oregon\/","name":"Merkley Highlights Immediate Benefits of Health Care Reform in Southern Oregon - Merkley","isPartOf":{"@id":"https:\/\/www.merkley.senate.gov\/#website"},"datePublished":"2010-04-09T14:24:00+00:00","dateModified":"2023-07-24T15:11:21+00:00","author":{"@id":""},"breadcrumb":{"@id":"https:\/\/www.merkley.senate.gov\/merkley-highlights-immediate-benefits-of-health-care-reform-in-southern-oregon\/#breadcrumb"},"inLanguage":"es-MX","potentialAction":[{"@type":"ReadAction","target":["https:\/\/www.merkley.senate.gov\/merkley-highlights-immediate-benefits-of-health-care-reform-in-southern-oregon\/"]}]},{"@type":"BreadcrumbList","@id":"https:\/\/www.merkley.senate.gov\/merkley-highlights-immediate-benefits-of-health-care-reform-in-southern-oregon\/#breadcrumb","itemListElement":[{"@type":"ListItem","position":1,"name":"Home","item":"https:\/\/www.merkley.senate.gov\/"},{"@type":"ListItem","position":2,"name":"Merkley Highlights Immediate Benefits of Health Care Reform in Southern Oregon"}]},{"@type":"WebSite","@id":"https:\/\/www.merkley.senate.gov\/#website","url":"https:\/\/www.merkley.senate.gov\/","name":"merkley","description":"merkley","potentialAction":[{"@type":"SearchAction","target":{"@type":"EntryPoint","urlTemplate":"https:\/\/www.merkley.senate.gov\/?s={search_term_string}"},"query-input":{"@type":"PropertyValueSpecification","valueRequired":true,"valueName":"search_term_string"}}],"inLanguage":"es-MX"},{"@type":"Person","@id":"","url":"https:\/\/www.merkley.senate.gov\/es\/author\/"}]}},"_links":{"self":[{"href":"https:\/\/www.merkley.senate.gov\/es\/wp-json\/wp\/v2\/posts\/6800","targetHints":{"allow":["GET"]}}],"collection":[{"href":"https:\/\/www.merkley.senate.gov\/es\/wp-json\/wp\/v2\/posts"}],"about":[{"href":"https:\/\/www.merkley.senate.gov\/es\/wp-json\/wp\/v2\/types\/post"}],"author":[{"embeddable":true,"href":"https:\/\/www.merkley.senate.gov\/es\/wp-json\/wp\/v2\/users\/2"}],"replies":[{"embeddable":true,"href":"https:\/\/www.merkley.senate.gov\/es\/wp-json\/wp\/v2\/comments?post=6800"}],"version-history":[{"count":1,"href":"https:\/\/www.merkley.senate.gov\/es\/wp-json\/wp\/v2\/posts\/6800\/revisions"}],"predecessor-version":[{"id":16176,"href":"https:\/\/www.merkley.senate.gov\/es\/wp-json\/wp\/v2\/posts\/6800\/revisions\/16176"}],"wp:attachment":[{"href":"https:\/\/www.merkley.senate.gov\/es\/wp-json\/wp\/v2\/media?parent=6800"}],"wp:term":[{"taxonomy":"category","embeddable":true,"href":"https:\/\/www.merkley.senate.gov\/es\/wp-json\/wp\/v2\/categories?post=6800"},{"taxonomy":"post_tag","embeddable":true,"href":"https:\/\/www.merkley.senate.gov\/es\/wp-json\/wp\/v2\/tags?post=6800"}],"curies":[{"name":"wp","href":"https:\/\/api.w.org\/{rel}","templated":true}]}}