{"id":6832,"date":"2010-03-11T15:10:00","date_gmt":"2010-03-11T20:10:00","guid":{"rendered":"https:\/\/www.merkley.senate.gov\/merkley-to-hold-clatsop-lincoln-and-tillamook-county-town-halls\/"},"modified":"2023-07-24T11:11:23","modified_gmt":"2023-07-24T15:11:23","slug":"merkley-to-hold-clatsop-lincoln-and-tillamook-county-town-halls","status":"publish","type":"post","link":"https:\/\/www.merkley.senate.gov\/es\/merkley-to-hold-clatsop-lincoln-and-tillamook-county-town-halls\/","title":{"rendered":"Merkley celebrar\u00e1 los ayuntamientos de los condados de Clatsop, Lincoln y Tillamook"},"content":{"rendered":"<p><strong><br \/>Portland, Oreg\u00f3n<\/strong> \u2013 El Senador de Oreg\u00f3n, Jeff Merkley, llevar\u00e1 a cabo asambleas p\u00fablicas en los condados de Clatsop, Lincoln y Tillamook la pr\u00f3xima semana.<\/p>\n<p>Actualizar\u00e1 a los electores sobre su trabajo en Washington, DC y responder\u00e1 sus preguntas e invitar\u00e1 sus sugerencias sobre c\u00f3mo abordar los desaf\u00edos que enfrentan Oreg\u00f3n y Estados Unidos.<\/p>\n<blockquote><p>\u201cAbogar por los habitantes de Oreg\u00f3n es mi responsabilidad n\u00famero uno\u201d, dijo Merkley. \u201cInvito a todos los residentes de los condados de Clatsop, Lincoln y Tillamook a reunirse conmigo y discutir lo que debemos hacer para que Oreg\u00f3n vuelva a funcionar y fortalecer a Estados Unidos\u201d.<\/p><\/blockquote>\n<p>En 2008, Merkley se comprometi\u00f3 a realizar asambleas p\u00fablicas en cada uno de los 36 condados de Oreg\u00f3n cada a\u00f1o. \u00c9l mantuvo su compromiso en 2009 y lo est\u00e1 avanzando r\u00e1pidamente en 2010. Los condados de Clatsop, Lincoln y Tillamook ser\u00e1n sus und\u00e9cimo, duod\u00e9cimo y decimotercer ayuntamientos del a\u00f1o.<\/p>\n<p><strong>Qu\u00e9: <\/strong><\/p>\n<p>El senador de Oreg\u00f3n, Jeff Merkley, celebra un ayuntamiento en el condado de Clatsop.<\/p>\n<p><strong>Cuando: <\/strong><\/p>\n<p>s\u00e1bado, 20 de marzo de 2010<br \/>2:00 pm<\/p>\n<p><strong>D\u00f3nde:<\/strong><\/p>\n<p>escuela secundaria junto al mar <br \/>Cafeter\u00eda<br \/>1901 North Holladay Drive<br \/>Playa, Oreg\u00f3n<\/p>\n<p><strong>Qu\u00e9:<\/strong><\/p>\n<p>El Senador de Oreg\u00f3n Jeff Merkley celebra un ayuntamiento en el condado de Lincoln.<\/p>\n<p><strong>Cuando: <\/strong><\/p>\n<p>domingo, 21 de marzo de 2010<br \/>1:30 de la tarde<\/p>\n<p><strong>D\u00f3nde:<\/strong><\/p>\n<p>Centro Comunitario de la Ciudad de Lincoln<br \/>2150 NE Oar Place<br \/>Ciudad de Lincoln, Oreg\u00f3n<\/p>\n<p><strong>Qu\u00e9:<\/strong><\/p>\n<p>El senador de Oreg\u00f3n, Jeff Merkley, celebra un ayuntamiento en el condado de Tillamook.<\/p>\n<p><strong>Cuando: <\/strong><\/p>\n<p>domingo, 21 de marzo de 2010<br \/>5:00 pm<\/p>\n<p><strong>D\u00f3nde:<\/strong><\/p>\n<p>Ayuntamiento de la playa de Rockaway<br \/>216 Estados Unidos 101 <br \/>Playa Rockaway, Oreg\u00f3n<\/p>\n<p><strong><br \/><\/strong><\/p>","protected":false},"excerpt":{"rendered":"<p>Portland, OR &ndash; Oregon&rsquo;s Senator Jeff Merkley will hold town halls in Clatsop, Lincoln and Tillamook Counties next week. He will update constituents on his work in Washington, DC and answer their questions and invite their suggestions about how to tackle the challenges facing Oregon and America. &ldquo;Advocating for Oregonians is my number one responsibility,&rdquo; [&hellip;]<\/p>\n","protected":false},"author":2,"featured_media":0,"comment_status":"closed","ping_status":"closed","sticky":false,"template":"","format":"standard","meta":{"_acf_changed":false,"inline_featured_image":false,"footnotes":""},"categories":[24],"tags":[],"class_list":["post-6832","post","type-post","status-publish","format-standard","hentry","category-press-releases"],"acf":[],"yoast_head":"<!-- This site is optimized with the Yoast SEO plugin v27.2 - https:\/\/yoast.com\/product\/yoast-seo-wordpress\/ -->\n<title>Merkley to Hold Clatsop, Lincoln and Tillamook County Town Halls - Merkley<\/title>\n<meta name=\"robots\" content=\"index, follow, max-snippet:-1, max-image-preview:large, max-video-preview:-1\" \/>\n<link rel=\"canonical\" href=\"https:\/\/www.merkley.senate.gov\/es\/merkley-to-hold-clatsop-lincoln-and-tillamook-county-town-halls\/\" \/>\n<meta property=\"og:locale\" content=\"es_MX\" \/>\n<meta property=\"og:type\" content=\"article\" \/>\n<meta property=\"og:title\" content=\"Merkley to Hold Clatsop, Lincoln and Tillamook County Town Halls - Merkley\" \/>\n<meta property=\"og:description\" content=\"Portland, OR &ndash; Oregon&rsquo;s Senator Jeff Merkley will hold town halls in Clatsop, Lincoln and Tillamook Counties next week. He will update constituents on his work in Washington, DC and answer their questions and invite their suggestions about how to tackle the challenges facing Oregon and America. &ldquo;Advocating for Oregonians is my number one responsibility,&rdquo; [&hellip;]\" \/>\n<meta property=\"og:url\" content=\"https:\/\/www.merkley.senate.gov\/es\/merkley-to-hold-clatsop-lincoln-and-tillamook-county-town-halls\/\" \/>\n<meta property=\"og:site_name\" content=\"Merkley\" \/>\n<meta property=\"article:published_time\" content=\"2010-03-11T20:10:00+00:00\" \/>\n<meta property=\"article:modified_time\" content=\"2023-07-24T15:11:23+00:00\" \/>\n<meta name=\"twitter:card\" content=\"summary_large_image\" \/>\n<meta name=\"twitter:label1\" content=\"Written by\" \/>\n\t<meta name=\"twitter:data1\" content=\"\" \/>\n\t<meta name=\"twitter:label2\" content=\"Est. reading time\" \/>\n\t<meta name=\"twitter:data2\" content=\"1 minute\" \/>\n<script type=\"application\/ld+json\" class=\"yoast-schema-graph\">{\"@context\":\"https:\/\/schema.org\",\"@graph\":[{\"@type\":\"Article\",\"@id\":\"https:\/\/www.merkley.senate.gov\/merkley-to-hold-clatsop-lincoln-and-tillamook-county-town-halls\/#article\",\"isPartOf\":{\"@id\":\"https:\/\/www.merkley.senate.gov\/merkley-to-hold-clatsop-lincoln-and-tillamook-county-town-halls\/\"},\"author\":{\"name\":\"\",\"@id\":\"\"},\"headline\":\"Merkley to Hold Clatsop, Lincoln and Tillamook County Town Halls\",\"datePublished\":\"2010-03-11T20:10:00+00:00\",\"dateModified\":\"2023-07-24T15:11:23+00:00\",\"mainEntityOfPage\":{\"@id\":\"https:\/\/www.merkley.senate.gov\/merkley-to-hold-clatsop-lincoln-and-tillamook-county-town-halls\/\"},\"wordCount\":228,\"articleSection\":[\"Press Releases\"],\"inLanguage\":\"es-MX\"},{\"@type\":\"WebPage\",\"@id\":\"https:\/\/www.merkley.senate.gov\/merkley-to-hold-clatsop-lincoln-and-tillamook-county-town-halls\/\",\"url\":\"https:\/\/www.merkley.senate.gov\/merkley-to-hold-clatsop-lincoln-and-tillamook-county-town-halls\/\",\"name\":\"Merkley to Hold Clatsop, Lincoln and Tillamook County Town Halls - Merkley\",\"isPartOf\":{\"@id\":\"https:\/\/www.merkley.senate.gov\/#website\"},\"datePublished\":\"2010-03-11T20:10:00+00:00\",\"dateModified\":\"2023-07-24T15:11:23+00:00\",\"author\":{\"@id\":\"\"},\"breadcrumb\":{\"@id\":\"https:\/\/www.merkley.senate.gov\/merkley-to-hold-clatsop-lincoln-and-tillamook-county-town-halls\/#breadcrumb\"},\"inLanguage\":\"es-MX\",\"potentialAction\":[{\"@type\":\"ReadAction\",\"target\":[\"https:\/\/www.merkley.senate.gov\/merkley-to-hold-clatsop-lincoln-and-tillamook-county-town-halls\/\"]}]},{\"@type\":\"BreadcrumbList\",\"@id\":\"https:\/\/www.merkley.senate.gov\/merkley-to-hold-clatsop-lincoln-and-tillamook-county-town-halls\/#breadcrumb\",\"itemListElement\":[{\"@type\":\"ListItem\",\"position\":1,\"name\":\"Home\",\"item\":\"https:\/\/www.merkley.senate.gov\/\"},{\"@type\":\"ListItem\",\"position\":2,\"name\":\"Merkley to Hold Clatsop, Lincoln and Tillamook County Town Halls\"}]},{\"@type\":\"WebSite\",\"@id\":\"https:\/\/www.merkley.senate.gov\/#website\",\"url\":\"https:\/\/www.merkley.senate.gov\/\",\"name\":\"Merkley\",\"description\":\"Merkley\",\"potentialAction\":[{\"@type\":\"SearchAction\",\"target\":{\"@type\":\"EntryPoint\",\"urlTemplate\":\"https:\/\/www.merkley.senate.gov\/?s={search_term_string}\"},\"query-input\":{\"@type\":\"PropertyValueSpecification\",\"valueRequired\":true,\"valueName\":\"search_term_string\"}}],\"inLanguage\":\"es-MX\"},{\"@type\":\"Person\",\"@id\":\"\",\"url\":\"https:\/\/www.merkley.senate.gov\/es\/author\/\"}]}<\/script>\n<!-- \/ Yoast SEO plugin. -->","yoast_head_json":{"title":"Merkley to Hold Clatsop, Lincoln and Tillamook County Town Halls - Merkley","robots":{"index":"index","follow":"follow","max-snippet":"max-snippet:-1","max-image-preview":"max-image-preview:large","max-video-preview":"max-video-preview:-1"},"canonical":"https:\/\/www.merkley.senate.gov\/es\/merkley-to-hold-clatsop-lincoln-and-tillamook-county-town-halls\/","og_locale":"es_MX","og_type":"article","og_title":"Merkley to Hold Clatsop, Lincoln and Tillamook County Town Halls - Merkley","og_description":"Portland, OR &ndash; Oregon&rsquo;s Senator Jeff Merkley will hold town halls in Clatsop, Lincoln and Tillamook Counties next week. He will update constituents on his work in Washington, DC and answer their questions and invite their suggestions about how to tackle the challenges facing Oregon and America. &ldquo;Advocating for Oregonians is my number one responsibility,&rdquo; [&hellip;]","og_url":"https:\/\/www.merkley.senate.gov\/es\/merkley-to-hold-clatsop-lincoln-and-tillamook-county-town-halls\/","og_site_name":"Merkley","article_published_time":"2010-03-11T20:10:00+00:00","article_modified_time":"2023-07-24T15:11:23+00:00","twitter_card":"summary_large_image","twitter_misc":{"Written by":"","Est. reading time":"1 minute"},"schema":{"@context":"https:\/\/schema.org","@graph":[{"@type":"Article","@id":"https:\/\/www.merkley.senate.gov\/merkley-to-hold-clatsop-lincoln-and-tillamook-county-town-halls\/#article","isPartOf":{"@id":"https:\/\/www.merkley.senate.gov\/merkley-to-hold-clatsop-lincoln-and-tillamook-county-town-halls\/"},"author":{"name":"","@id":""},"headline":"Merkley to Hold Clatsop, Lincoln and Tillamook County Town Halls","datePublished":"2010-03-11T20:10:00+00:00","dateModified":"2023-07-24T15:11:23+00:00","mainEntityOfPage":{"@id":"https:\/\/www.merkley.senate.gov\/merkley-to-hold-clatsop-lincoln-and-tillamook-county-town-halls\/"},"wordCount":228,"articleSection":["Press Releases"],"inLanguage":"es-MX"},{"@type":"WebPage","@id":"https:\/\/www.merkley.senate.gov\/merkley-to-hold-clatsop-lincoln-and-tillamook-county-town-halls\/","url":"https:\/\/www.merkley.senate.gov\/merkley-to-hold-clatsop-lincoln-and-tillamook-county-town-halls\/","name":"Merkley to Hold Clatsop, Lincoln and Tillamook County Town Halls - Merkley","isPartOf":{"@id":"https:\/\/www.merkley.senate.gov\/#website"},"datePublished":"2010-03-11T20:10:00+00:00","dateModified":"2023-07-24T15:11:23+00:00","author":{"@id":""},"breadcrumb":{"@id":"https:\/\/www.merkley.senate.gov\/merkley-to-hold-clatsop-lincoln-and-tillamook-county-town-halls\/#breadcrumb"},"inLanguage":"es-MX","potentialAction":[{"@type":"ReadAction","target":["https:\/\/www.merkley.senate.gov\/merkley-to-hold-clatsop-lincoln-and-tillamook-county-town-halls\/"]}]},{"@type":"BreadcrumbList","@id":"https:\/\/www.merkley.senate.gov\/merkley-to-hold-clatsop-lincoln-and-tillamook-county-town-halls\/#breadcrumb","itemListElement":[{"@type":"ListItem","position":1,"name":"Home","item":"https:\/\/www.merkley.senate.gov\/"},{"@type":"ListItem","position":2,"name":"Merkley to Hold Clatsop, Lincoln and Tillamook County Town Halls"}]},{"@type":"WebSite","@id":"https:\/\/www.merkley.senate.gov\/#website","url":"https:\/\/www.merkley.senate.gov\/","name":"merkley","description":"merkley","potentialAction":[{"@type":"SearchAction","target":{"@type":"EntryPoint","urlTemplate":"https:\/\/www.merkley.senate.gov\/?s={search_term_string}"},"query-input":{"@type":"PropertyValueSpecification","valueRequired":true,"valueName":"search_term_string"}}],"inLanguage":"es-MX"},{"@type":"Person","@id":"","url":"https:\/\/www.merkley.senate.gov\/es\/author\/"}]}},"_links":{"self":[{"href":"https:\/\/www.merkley.senate.gov\/es\/wp-json\/wp\/v2\/posts\/6832","targetHints":{"allow":["GET"]}}],"collection":[{"href":"https:\/\/www.merkley.senate.gov\/es\/wp-json\/wp\/v2\/posts"}],"about":[{"href":"https:\/\/www.merkley.senate.gov\/es\/wp-json\/wp\/v2\/types\/post"}],"author":[{"embeddable":true,"href":"https:\/\/www.merkley.senate.gov\/es\/wp-json\/wp\/v2\/users\/2"}],"replies":[{"embeddable":true,"href":"https:\/\/www.merkley.senate.gov\/es\/wp-json\/wp\/v2\/comments?post=6832"}],"version-history":[{"count":1,"href":"https:\/\/www.merkley.senate.gov\/es\/wp-json\/wp\/v2\/posts\/6832\/revisions"}],"predecessor-version":[{"id":16208,"href":"https:\/\/www.merkley.senate.gov\/es\/wp-json\/wp\/v2\/posts\/6832\/revisions\/16208"}],"wp:attachment":[{"href":"https:\/\/www.merkley.senate.gov\/es\/wp-json\/wp\/v2\/media?parent=6832"}],"wp:term":[{"taxonomy":"category","embeddable":true,"href":"https:\/\/www.merkley.senate.gov\/es\/wp-json\/wp\/v2\/categories?post=6832"},{"taxonomy":"post_tag","embeddable":true,"href":"https:\/\/www.merkley.senate.gov\/es\/wp-json\/wp\/v2\/tags?post=6832"}],"curies":[{"name":"wp","href":"https:\/\/api.w.org\/{rel}","templated":true}]}}