{"id":6837,"date":"2010-03-09T15:55:00","date_gmt":"2010-03-09T20:55:00","guid":{"rendered":"https:\/\/www.merkley.senate.gov\/merkley-wyden-ask-feds-for-rapid-coordinated-effort-in-drought-stricken-klamath\/"},"modified":"2023-07-24T11:11:24","modified_gmt":"2023-07-24T15:11:24","slug":"merkley-wyden-ask-feds-for-rapid-coordinated-effort-in-drought-stricken-klamath","status":"publish","type":"post","link":"https:\/\/www.merkley.senate.gov\/es\/merkley-wyden-ask-feds-for-rapid-coordinated-effort-in-drought-stricken-klamath\/","title":{"rendered":"Merkley, Wyden piden a los federales un esfuerzo r\u00e1pido y coordinado en Klamath, afectado por la sequ\u00eda"},"content":{"rendered":"<p><strong>WASHINGTON<\/strong> \u2013 El senador de Oreg\u00f3n Jeff Merkley y Ron Wyden pidieron al gobierno federal el martes asistencia \u201cinmediata y coordinada\u201d para ayudar a los agricultores de la cuenca de Klamath y al medio ambiente a hacer frente a una sequ\u00eda de \u201cmagnitud hist\u00f3rica\u201d.<\/p>\n<p>La s\u00faplica lleg\u00f3 en una carta conjunta a tres secretarios del gabinete cuyas agencias tienen una participaci\u00f3n directa en la regi\u00f3n devastada: Gary Locke en el Departamento de Comercio, Tom Vilsack en el Departamento de Agricultura y Ken Salazar del Departamento del Interior.<\/p>\n<p>\u201cEn pocas palabras, el lago Klamath que suministra agua a los agricultores y el r\u00edo est\u00e1 en su nivel m\u00e1s bajo desde que comenzaron las mediciones en la d\u00e9cada de 1970\u201d, dec\u00eda la carta. \u201cSu nivel actual est\u00e1 significativamente por debajo de donde estaba en 1992, el peor a\u00f1o de sequ\u00eda en la cuenca de Klamath.<\/p>\n<p>\u201cLa sequ\u00eda que actualmente enfrenta la cuenca de Klamath asestar\u00eda un golpe devastador a los agricultores, las tribus de la cuenca de Klamath y los pescadores, as\u00ed como al salm\u00f3n y otras especies en el r\u00edo Klamath. Se requiere nada menos que un conjunto de respuestas sin precedentes, integrado y expansivo\u201d.<\/p>\n<p>La carta se\u00f1ala que el nivel actual del agua en el lago Klamath est\u00e1 un pie por debajo del registro m\u00e1s bajo de la sequ\u00eda de 1992, que fue la peor registrada en la historia.<\/p>\n<p>Si bien el esfuerzo ayudar\u00e1 a la vida silvestre y al salm\u00f3n, la carta de Merkley y Wyden tiene como objetivo principal obtener ayuda para los agricultores a medida que se acerca la temporada de siembra.<\/p>\n<p>\u201cCreemos que ninguna acci\u00f3n por s\u00ed sola abordar\u00e1 adecuadamente el d\u00e9ficit de agua proyectado causado por la sequ\u00eda de este a\u00f1o. Por ejemplo, tenemos entendido que los pozos de sequ\u00eda no cubren m\u00e1s del 20 por ciento de las tierras agr\u00edcolas irrigadas en la Cuenca. Se necesita una acci\u00f3n r\u00e1pida, decisiva y coordinada para proporcionar un conjunto integrado de soluciones antes de que comience la temporada de siembra en las pr\u00f3ximas semanas. Ciertamente, no queremos poner a los agricultores en una situaci\u00f3n en la que necesiten plantar sus cultivos y luego dejar que fracasen para que los agricultores sean elegibles para la asistencia por sequ\u00eda\u201d, dijeron en la carta.<\/p>\n<p><strong><a href=\"Javascript:openWin('http:\/\/www.oregonlive.com\/politics\/index.ssf\/2010\/03\/merkley_wyden_ask_feds_for_rap.html');\">Leer m\u00e1s -&gt;<\/a><\/strong><\/p>","protected":false},"excerpt":{"rendered":"<p>WASHINGTON &#8211; Oregon Sen. Jeff Merkley and Ron Wyden begged the federal government Tuesday for &#8220;immediate and coordinated&#8221; assistance to help Klamath Basin farmers and the environment cope with a drought of &#8220;historic magnitude.&#8221; The plea came in a joint letter to three cabinet secretaries whose agencies have direct involvement in the devastated region &#8211; [&hellip;]<\/p>\n","protected":false},"author":2,"featured_media":0,"comment_status":"closed","ping_status":"closed","sticky":false,"template":"","format":"standard","meta":{"_acf_changed":false,"inline_featured_image":false,"footnotes":""},"categories":[26],"tags":[42],"class_list":["post-6837","post","type-post","status-publish","format-standard","hentry","category-in-the-news","tag-agriculture"],"acf":[],"yoast_head":"<!-- This site is optimized with the Yoast SEO plugin v27.2 - https:\/\/yoast.com\/product\/yoast-seo-wordpress\/ -->\n<title>Merkley, Wyden ask feds for rapid, coordinated effort in drought-stricken Klamath - Merkley<\/title>\n<meta name=\"robots\" content=\"index, follow, max-snippet:-1, max-image-preview:large, max-video-preview:-1\" \/>\n<link rel=\"canonical\" href=\"https:\/\/www.merkley.senate.gov\/es\/merkley-wyden-ask-feds-for-rapid-coordinated-effort-in-drought-stricken-klamath\/\" \/>\n<meta property=\"og:locale\" content=\"es_MX\" \/>\n<meta property=\"og:type\" content=\"article\" \/>\n<meta property=\"og:title\" content=\"Merkley, Wyden ask feds for rapid, coordinated effort in drought-stricken Klamath - Merkley\" \/>\n<meta property=\"og:description\" content=\"WASHINGTON &#8211; Oregon Sen. Jeff Merkley and Ron Wyden begged the federal government Tuesday for &#8220;immediate and coordinated&#8221; assistance to help Klamath Basin farmers and the environment cope with a drought of &#8220;historic magnitude.&#8221; The plea came in a joint letter to three cabinet secretaries whose agencies have direct involvement in the devastated region &#8211; [&hellip;]\" \/>\n<meta property=\"og:url\" content=\"https:\/\/www.merkley.senate.gov\/es\/merkley-wyden-ask-feds-for-rapid-coordinated-effort-in-drought-stricken-klamath\/\" \/>\n<meta property=\"og:site_name\" content=\"Merkley\" \/>\n<meta property=\"article:published_time\" content=\"2010-03-09T20:55:00+00:00\" \/>\n<meta property=\"article:modified_time\" content=\"2023-07-24T15:11:24+00:00\" \/>\n<meta name=\"twitter:card\" content=\"summary_large_image\" \/>\n<meta name=\"twitter:label1\" content=\"Written by\" \/>\n\t<meta name=\"twitter:data1\" content=\"\" \/>\n\t<meta name=\"twitter:label2\" content=\"Est. reading time\" \/>\n\t<meta name=\"twitter:data2\" content=\"2 minutes\" \/>\n<script type=\"application\/ld+json\" class=\"yoast-schema-graph\">{\"@context\":\"https:\/\/schema.org\",\"@graph\":[{\"@type\":\"Article\",\"@id\":\"https:\/\/www.merkley.senate.gov\/merkley-wyden-ask-feds-for-rapid-coordinated-effort-in-drought-stricken-klamath\/#article\",\"isPartOf\":{\"@id\":\"https:\/\/www.merkley.senate.gov\/merkley-wyden-ask-feds-for-rapid-coordinated-effort-in-drought-stricken-klamath\/\"},\"author\":{\"name\":\"\",\"@id\":\"\"},\"headline\":\"Merkley, Wyden ask feds for rapid, coordinated effort in drought-stricken Klamath\",\"datePublished\":\"2010-03-09T20:55:00+00:00\",\"dateModified\":\"2023-07-24T15:11:24+00:00\",\"mainEntityOfPage\":{\"@id\":\"https:\/\/www.merkley.senate.gov\/merkley-wyden-ask-feds-for-rapid-coordinated-effort-in-drought-stricken-klamath\/\"},\"wordCount\":347,\"keywords\":[\"Agriculture\"],\"articleSection\":[\"In the News\"],\"inLanguage\":\"es-MX\"},{\"@type\":\"WebPage\",\"@id\":\"https:\/\/www.merkley.senate.gov\/merkley-wyden-ask-feds-for-rapid-coordinated-effort-in-drought-stricken-klamath\/\",\"url\":\"https:\/\/www.merkley.senate.gov\/merkley-wyden-ask-feds-for-rapid-coordinated-effort-in-drought-stricken-klamath\/\",\"name\":\"Merkley, Wyden ask feds for rapid, coordinated effort in drought-stricken Klamath - Merkley\",\"isPartOf\":{\"@id\":\"https:\/\/www.merkley.senate.gov\/#website\"},\"datePublished\":\"2010-03-09T20:55:00+00:00\",\"dateModified\":\"2023-07-24T15:11:24+00:00\",\"author\":{\"@id\":\"\"},\"breadcrumb\":{\"@id\":\"https:\/\/www.merkley.senate.gov\/merkley-wyden-ask-feds-for-rapid-coordinated-effort-in-drought-stricken-klamath\/#breadcrumb\"},\"inLanguage\":\"es-MX\",\"potentialAction\":[{\"@type\":\"ReadAction\",\"target\":[\"https:\/\/www.merkley.senate.gov\/merkley-wyden-ask-feds-for-rapid-coordinated-effort-in-drought-stricken-klamath\/\"]}]},{\"@type\":\"BreadcrumbList\",\"@id\":\"https:\/\/www.merkley.senate.gov\/merkley-wyden-ask-feds-for-rapid-coordinated-effort-in-drought-stricken-klamath\/#breadcrumb\",\"itemListElement\":[{\"@type\":\"ListItem\",\"position\":1,\"name\":\"Home\",\"item\":\"https:\/\/www.merkley.senate.gov\/\"},{\"@type\":\"ListItem\",\"position\":2,\"name\":\"Merkley, Wyden ask feds for rapid, coordinated effort in drought-stricken Klamath\"}]},{\"@type\":\"WebSite\",\"@id\":\"https:\/\/www.merkley.senate.gov\/#website\",\"url\":\"https:\/\/www.merkley.senate.gov\/\",\"name\":\"Merkley\",\"description\":\"Merkley\",\"potentialAction\":[{\"@type\":\"SearchAction\",\"target\":{\"@type\":\"EntryPoint\",\"urlTemplate\":\"https:\/\/www.merkley.senate.gov\/?s={search_term_string}\"},\"query-input\":{\"@type\":\"PropertyValueSpecification\",\"valueRequired\":true,\"valueName\":\"search_term_string\"}}],\"inLanguage\":\"es-MX\"},{\"@type\":\"Person\",\"@id\":\"\",\"url\":\"https:\/\/www.merkley.senate.gov\/es\/author\/\"}]}<\/script>\n<!-- \/ Yoast SEO plugin. -->","yoast_head_json":{"title":"Merkley, Wyden ask feds for rapid, coordinated effort in drought-stricken Klamath - Merkley","robots":{"index":"index","follow":"follow","max-snippet":"max-snippet:-1","max-image-preview":"max-image-preview:large","max-video-preview":"max-video-preview:-1"},"canonical":"https:\/\/www.merkley.senate.gov\/es\/merkley-wyden-ask-feds-for-rapid-coordinated-effort-in-drought-stricken-klamath\/","og_locale":"es_MX","og_type":"article","og_title":"Merkley, Wyden ask feds for rapid, coordinated effort in drought-stricken Klamath - Merkley","og_description":"WASHINGTON &#8211; Oregon Sen. Jeff Merkley and Ron Wyden begged the federal government Tuesday for &#8220;immediate and coordinated&#8221; assistance to help Klamath Basin farmers and the environment cope with a drought of &#8220;historic magnitude.&#8221; The plea came in a joint letter to three cabinet secretaries whose agencies have direct involvement in the devastated region &#8211; [&hellip;]","og_url":"https:\/\/www.merkley.senate.gov\/es\/merkley-wyden-ask-feds-for-rapid-coordinated-effort-in-drought-stricken-klamath\/","og_site_name":"Merkley","article_published_time":"2010-03-09T20:55:00+00:00","article_modified_time":"2023-07-24T15:11:24+00:00","twitter_card":"summary_large_image","twitter_misc":{"Written by":"","Est. reading time":"2 minutes"},"schema":{"@context":"https:\/\/schema.org","@graph":[{"@type":"Article","@id":"https:\/\/www.merkley.senate.gov\/merkley-wyden-ask-feds-for-rapid-coordinated-effort-in-drought-stricken-klamath\/#article","isPartOf":{"@id":"https:\/\/www.merkley.senate.gov\/merkley-wyden-ask-feds-for-rapid-coordinated-effort-in-drought-stricken-klamath\/"},"author":{"name":"","@id":""},"headline":"Merkley, Wyden ask feds for rapid, coordinated effort in drought-stricken Klamath","datePublished":"2010-03-09T20:55:00+00:00","dateModified":"2023-07-24T15:11:24+00:00","mainEntityOfPage":{"@id":"https:\/\/www.merkley.senate.gov\/merkley-wyden-ask-feds-for-rapid-coordinated-effort-in-drought-stricken-klamath\/"},"wordCount":347,"keywords":["Agriculture"],"articleSection":["In the News"],"inLanguage":"es-MX"},{"@type":"WebPage","@id":"https:\/\/www.merkley.senate.gov\/merkley-wyden-ask-feds-for-rapid-coordinated-effort-in-drought-stricken-klamath\/","url":"https:\/\/www.merkley.senate.gov\/merkley-wyden-ask-feds-for-rapid-coordinated-effort-in-drought-stricken-klamath\/","name":"Merkley, Wyden ask feds for rapid, coordinated effort in drought-stricken Klamath - Merkley","isPartOf":{"@id":"https:\/\/www.merkley.senate.gov\/#website"},"datePublished":"2010-03-09T20:55:00+00:00","dateModified":"2023-07-24T15:11:24+00:00","author":{"@id":""},"breadcrumb":{"@id":"https:\/\/www.merkley.senate.gov\/merkley-wyden-ask-feds-for-rapid-coordinated-effort-in-drought-stricken-klamath\/#breadcrumb"},"inLanguage":"es-MX","potentialAction":[{"@type":"ReadAction","target":["https:\/\/www.merkley.senate.gov\/merkley-wyden-ask-feds-for-rapid-coordinated-effort-in-drought-stricken-klamath\/"]}]},{"@type":"BreadcrumbList","@id":"https:\/\/www.merkley.senate.gov\/merkley-wyden-ask-feds-for-rapid-coordinated-effort-in-drought-stricken-klamath\/#breadcrumb","itemListElement":[{"@type":"ListItem","position":1,"name":"Home","item":"https:\/\/www.merkley.senate.gov\/"},{"@type":"ListItem","position":2,"name":"Merkley, Wyden ask feds for rapid, coordinated effort in drought-stricken Klamath"}]},{"@type":"WebSite","@id":"https:\/\/www.merkley.senate.gov\/#website","url":"https:\/\/www.merkley.senate.gov\/","name":"merkley","description":"merkley","potentialAction":[{"@type":"SearchAction","target":{"@type":"EntryPoint","urlTemplate":"https:\/\/www.merkley.senate.gov\/?s={search_term_string}"},"query-input":{"@type":"PropertyValueSpecification","valueRequired":true,"valueName":"search_term_string"}}],"inLanguage":"es-MX"},{"@type":"Person","@id":"","url":"https:\/\/www.merkley.senate.gov\/es\/author\/"}]}},"_links":{"self":[{"href":"https:\/\/www.merkley.senate.gov\/es\/wp-json\/wp\/v2\/posts\/6837","targetHints":{"allow":["GET"]}}],"collection":[{"href":"https:\/\/www.merkley.senate.gov\/es\/wp-json\/wp\/v2\/posts"}],"about":[{"href":"https:\/\/www.merkley.senate.gov\/es\/wp-json\/wp\/v2\/types\/post"}],"author":[{"embeddable":true,"href":"https:\/\/www.merkley.senate.gov\/es\/wp-json\/wp\/v2\/users\/2"}],"replies":[{"embeddable":true,"href":"https:\/\/www.merkley.senate.gov\/es\/wp-json\/wp\/v2\/comments?post=6837"}],"version-history":[{"count":1,"href":"https:\/\/www.merkley.senate.gov\/es\/wp-json\/wp\/v2\/posts\/6837\/revisions"}],"predecessor-version":[{"id":16213,"href":"https:\/\/www.merkley.senate.gov\/es\/wp-json\/wp\/v2\/posts\/6837\/revisions\/16213"}],"wp:attachment":[{"href":"https:\/\/www.merkley.senate.gov\/es\/wp-json\/wp\/v2\/media?parent=6837"}],"wp:term":[{"taxonomy":"category","embeddable":true,"href":"https:\/\/www.merkley.senate.gov\/es\/wp-json\/wp\/v2\/categories?post=6837"},{"taxonomy":"post_tag","embeddable":true,"href":"https:\/\/www.merkley.senate.gov\/es\/wp-json\/wp\/v2\/tags?post=6837"}],"curies":[{"name":"wp","href":"https:\/\/api.w.org\/{rel}","templated":true}]}}