{"id":6848,"date":"2010-03-02T15:05:00","date_gmt":"2010-03-02T20:05:00","guid":{"rendered":"https:\/\/www.merkley.senate.gov\/merkley-calls-consumer-protection-plan-inadequate\/"},"modified":"2023-07-24T11:11:25","modified_gmt":"2023-07-24T15:11:25","slug":"merkley-calls-consumer-protection-plan-inadequate","status":"publish","type":"post","link":"https:\/\/www.merkley.senate.gov\/es\/merkley-calls-consumer-protection-plan-inadequate\/","title":{"rendered":"Merkley califica de inadecuado el plan de protecci\u00f3n al consumidor"},"content":{"rendered":"<p><strong>WASHINGTON\u2014<\/strong> El Senador de Oreg\u00f3n, Jeff Merkley, agreg\u00f3 su nombre hoy a un coro bipartidista que critica una propuesta del Senado que otorga a la Reserva Federal el poder de vigilar a los bancos y otras instituciones financieras para que no abusen de los consumidores.<\/p>\n<p>En un comunicado y en comentarios sobre la \u00faltima propuesta del senador Chris Dodd, D-Conn., Merkley dijo que la Reserva Federal ha \u201checho un trabajo p\u00e9simo\u201d con los poderes limitados que tiene actualmente.<\/p>\n<p>Ampliar esa autoridad para hacer del panel el principal ejecutor de las reglas que protegen a los consumidores no funcionar\u00e1, dijo.<\/p>\n<p>\u201cEl liderazgo de la Fed se preocupa ante todo por la pol\u00edtica monetaria, eso est\u00e1 en el \u00e1tico\u201d, dijo Merkley, miembro del Comit\u00e9 Bancario que ha sido un miembro activo del grupo que presiona por una regulaci\u00f3n gubernamental m\u00e1s estricta de las tarjetas de cr\u00e9dito, los bancos y las instituciones financieras.<\/p>\n<p>\u201cLas consideraciones de seguridad y solidez vienen a continuaci\u00f3n. Luego, muy abajo en el s\u00f3tano est\u00e1 la protecci\u00f3n al consumidor. Si bien una nueva divisi\u00f3n de consumidores presumiblemente tendr\u00eda m\u00e1s poder e independencia, no hay raz\u00f3n para creer que la cultura de la Fed cambiar\u00e1\u201d, dijo.<\/p>\n<p><a href=\"Javascript:openWin('http:\/\/www.oregonlive.com\/politics\/index.ssf\/2010\/03\/merkley_calls_consumer_protect.html');\"><strong>Leer m\u00e1s -&gt;<\/strong><\/a><\/p>","protected":false},"excerpt":{"rendered":"<p>WASHINGTON &#8212; Oregon Sen. Jeff Merkley added his name today to a bipartisan chorus criticizing a Senate proposal giving the Federal Reserve power to police banks and other financial institutions from abusing consumers. In a statement and in comments on the latest proposal from Sen. Chris Dodd, D-Conn., Merkley said the Federal Reserve has &#8220;done [&hellip;]<\/p>\n","protected":false},"author":2,"featured_media":0,"comment_status":"closed","ping_status":"closed","sticky":false,"template":"","format":"standard","meta":{"_acf_changed":false,"inline_featured_image":false,"footnotes":""},"categories":[26],"tags":[47],"class_list":["post-6848","post","type-post","status-publish","format-standard","hentry","category-in-the-news","tag-protecting-consumers-taxpayers-and-the-economy"],"acf":[],"yoast_head":"<!-- This site is optimized with the Yoast SEO plugin v27.2 - https:\/\/yoast.com\/product\/yoast-seo-wordpress\/ -->\n<title>Merkley calls consumer protection plan inadequate - Merkley<\/title>\n<meta name=\"robots\" content=\"index, follow, max-snippet:-1, max-image-preview:large, max-video-preview:-1\" \/>\n<link rel=\"canonical\" href=\"https:\/\/www.merkley.senate.gov\/es\/merkley-calls-consumer-protection-plan-inadequate\/\" \/>\n<meta property=\"og:locale\" content=\"es_MX\" \/>\n<meta property=\"og:type\" content=\"article\" \/>\n<meta property=\"og:title\" content=\"Merkley calls consumer protection plan inadequate - Merkley\" \/>\n<meta property=\"og:description\" content=\"WASHINGTON &#8212; Oregon Sen. Jeff Merkley added his name today to a bipartisan chorus criticizing a Senate proposal giving the Federal Reserve power to police banks and other financial institutions from abusing consumers. In a statement and in comments on the latest proposal from Sen. Chris Dodd, D-Conn., Merkley said the Federal Reserve has &#8220;done [&hellip;]\" \/>\n<meta property=\"og:url\" content=\"https:\/\/www.merkley.senate.gov\/es\/merkley-calls-consumer-protection-plan-inadequate\/\" \/>\n<meta property=\"og:site_name\" content=\"Merkley\" \/>\n<meta property=\"article:published_time\" content=\"2010-03-02T20:05:00+00:00\" \/>\n<meta property=\"article:modified_time\" content=\"2023-07-24T15:11:25+00:00\" \/>\n<meta name=\"twitter:card\" content=\"summary_large_image\" \/>\n<meta name=\"twitter:label1\" content=\"Written by\" \/>\n\t<meta name=\"twitter:data1\" content=\"\" \/>\n\t<meta name=\"twitter:label2\" content=\"Est. reading time\" \/>\n\t<meta name=\"twitter:data2\" content=\"1 minute\" \/>\n<script type=\"application\/ld+json\" class=\"yoast-schema-graph\">{\"@context\":\"https:\/\/schema.org\",\"@graph\":[{\"@type\":\"Article\",\"@id\":\"https:\/\/www.merkley.senate.gov\/merkley-calls-consumer-protection-plan-inadequate\/#article\",\"isPartOf\":{\"@id\":\"https:\/\/www.merkley.senate.gov\/merkley-calls-consumer-protection-plan-inadequate\/\"},\"author\":{\"name\":\"\",\"@id\":\"\"},\"headline\":\"Merkley calls consumer protection plan inadequate\",\"datePublished\":\"2010-03-02T20:05:00+00:00\",\"dateModified\":\"2023-07-24T15:11:25+00:00\",\"mainEntityOfPage\":{\"@id\":\"https:\/\/www.merkley.senate.gov\/merkley-calls-consumer-protection-plan-inadequate\/\"},\"wordCount\":186,\"keywords\":[\"Protecting Consumers, Taxpayers, and the Economy\"],\"articleSection\":[\"In the News\"],\"inLanguage\":\"es-MX\"},{\"@type\":\"WebPage\",\"@id\":\"https:\/\/www.merkley.senate.gov\/merkley-calls-consumer-protection-plan-inadequate\/\",\"url\":\"https:\/\/www.merkley.senate.gov\/merkley-calls-consumer-protection-plan-inadequate\/\",\"name\":\"Merkley calls consumer protection plan inadequate - Merkley\",\"isPartOf\":{\"@id\":\"https:\/\/www.merkley.senate.gov\/#website\"},\"datePublished\":\"2010-03-02T20:05:00+00:00\",\"dateModified\":\"2023-07-24T15:11:25+00:00\",\"author\":{\"@id\":\"\"},\"breadcrumb\":{\"@id\":\"https:\/\/www.merkley.senate.gov\/merkley-calls-consumer-protection-plan-inadequate\/#breadcrumb\"},\"inLanguage\":\"es-MX\",\"potentialAction\":[{\"@type\":\"ReadAction\",\"target\":[\"https:\/\/www.merkley.senate.gov\/merkley-calls-consumer-protection-plan-inadequate\/\"]}]},{\"@type\":\"BreadcrumbList\",\"@id\":\"https:\/\/www.merkley.senate.gov\/merkley-calls-consumer-protection-plan-inadequate\/#breadcrumb\",\"itemListElement\":[{\"@type\":\"ListItem\",\"position\":1,\"name\":\"Home\",\"item\":\"https:\/\/www.merkley.senate.gov\/\"},{\"@type\":\"ListItem\",\"position\":2,\"name\":\"Merkley calls consumer protection plan inadequate\"}]},{\"@type\":\"WebSite\",\"@id\":\"https:\/\/www.merkley.senate.gov\/#website\",\"url\":\"https:\/\/www.merkley.senate.gov\/\",\"name\":\"Merkley\",\"description\":\"Merkley\",\"potentialAction\":[{\"@type\":\"SearchAction\",\"target\":{\"@type\":\"EntryPoint\",\"urlTemplate\":\"https:\/\/www.merkley.senate.gov\/?s={search_term_string}\"},\"query-input\":{\"@type\":\"PropertyValueSpecification\",\"valueRequired\":true,\"valueName\":\"search_term_string\"}}],\"inLanguage\":\"es-MX\"},{\"@type\":\"Person\",\"@id\":\"\",\"url\":\"https:\/\/www.merkley.senate.gov\/es\/author\/\"}]}<\/script>\n<!-- \/ Yoast SEO plugin. -->","yoast_head_json":{"title":"Merkley calls consumer protection plan inadequate - Merkley","robots":{"index":"index","follow":"follow","max-snippet":"max-snippet:-1","max-image-preview":"max-image-preview:large","max-video-preview":"max-video-preview:-1"},"canonical":"https:\/\/www.merkley.senate.gov\/es\/merkley-calls-consumer-protection-plan-inadequate\/","og_locale":"es_MX","og_type":"article","og_title":"Merkley calls consumer protection plan inadequate - Merkley","og_description":"WASHINGTON &#8212; Oregon Sen. Jeff Merkley added his name today to a bipartisan chorus criticizing a Senate proposal giving the Federal Reserve power to police banks and other financial institutions from abusing consumers. In a statement and in comments on the latest proposal from Sen. Chris Dodd, D-Conn., Merkley said the Federal Reserve has &#8220;done [&hellip;]","og_url":"https:\/\/www.merkley.senate.gov\/es\/merkley-calls-consumer-protection-plan-inadequate\/","og_site_name":"Merkley","article_published_time":"2010-03-02T20:05:00+00:00","article_modified_time":"2023-07-24T15:11:25+00:00","twitter_card":"summary_large_image","twitter_misc":{"Written by":"","Est. reading time":"1 minute"},"schema":{"@context":"https:\/\/schema.org","@graph":[{"@type":"Article","@id":"https:\/\/www.merkley.senate.gov\/merkley-calls-consumer-protection-plan-inadequate\/#article","isPartOf":{"@id":"https:\/\/www.merkley.senate.gov\/merkley-calls-consumer-protection-plan-inadequate\/"},"author":{"name":"","@id":""},"headline":"Merkley calls consumer protection plan inadequate","datePublished":"2010-03-02T20:05:00+00:00","dateModified":"2023-07-24T15:11:25+00:00","mainEntityOfPage":{"@id":"https:\/\/www.merkley.senate.gov\/merkley-calls-consumer-protection-plan-inadequate\/"},"wordCount":186,"keywords":["Protecting Consumers, Taxpayers, and the Economy"],"articleSection":["In the News"],"inLanguage":"es-MX"},{"@type":"WebPage","@id":"https:\/\/www.merkley.senate.gov\/merkley-calls-consumer-protection-plan-inadequate\/","url":"https:\/\/www.merkley.senate.gov\/merkley-calls-consumer-protection-plan-inadequate\/","name":"Merkley calls consumer protection plan inadequate - Merkley","isPartOf":{"@id":"https:\/\/www.merkley.senate.gov\/#website"},"datePublished":"2010-03-02T20:05:00+00:00","dateModified":"2023-07-24T15:11:25+00:00","author":{"@id":""},"breadcrumb":{"@id":"https:\/\/www.merkley.senate.gov\/merkley-calls-consumer-protection-plan-inadequate\/#breadcrumb"},"inLanguage":"es-MX","potentialAction":[{"@type":"ReadAction","target":["https:\/\/www.merkley.senate.gov\/merkley-calls-consumer-protection-plan-inadequate\/"]}]},{"@type":"BreadcrumbList","@id":"https:\/\/www.merkley.senate.gov\/merkley-calls-consumer-protection-plan-inadequate\/#breadcrumb","itemListElement":[{"@type":"ListItem","position":1,"name":"Home","item":"https:\/\/www.merkley.senate.gov\/"},{"@type":"ListItem","position":2,"name":"Merkley calls consumer protection plan inadequate"}]},{"@type":"WebSite","@id":"https:\/\/www.merkley.senate.gov\/#website","url":"https:\/\/www.merkley.senate.gov\/","name":"merkley","description":"merkley","potentialAction":[{"@type":"SearchAction","target":{"@type":"EntryPoint","urlTemplate":"https:\/\/www.merkley.senate.gov\/?s={search_term_string}"},"query-input":{"@type":"PropertyValueSpecification","valueRequired":true,"valueName":"search_term_string"}}],"inLanguage":"es-MX"},{"@type":"Person","@id":"","url":"https:\/\/www.merkley.senate.gov\/es\/author\/"}]}},"_links":{"self":[{"href":"https:\/\/www.merkley.senate.gov\/es\/wp-json\/wp\/v2\/posts\/6848","targetHints":{"allow":["GET"]}}],"collection":[{"href":"https:\/\/www.merkley.senate.gov\/es\/wp-json\/wp\/v2\/posts"}],"about":[{"href":"https:\/\/www.merkley.senate.gov\/es\/wp-json\/wp\/v2\/types\/post"}],"author":[{"embeddable":true,"href":"https:\/\/www.merkley.senate.gov\/es\/wp-json\/wp\/v2\/users\/2"}],"replies":[{"embeddable":true,"href":"https:\/\/www.merkley.senate.gov\/es\/wp-json\/wp\/v2\/comments?post=6848"}],"version-history":[{"count":1,"href":"https:\/\/www.merkley.senate.gov\/es\/wp-json\/wp\/v2\/posts\/6848\/revisions"}],"predecessor-version":[{"id":16224,"href":"https:\/\/www.merkley.senate.gov\/es\/wp-json\/wp\/v2\/posts\/6848\/revisions\/16224"}],"wp:attachment":[{"href":"https:\/\/www.merkley.senate.gov\/es\/wp-json\/wp\/v2\/media?parent=6848"}],"wp:term":[{"taxonomy":"category","embeddable":true,"href":"https:\/\/www.merkley.senate.gov\/es\/wp-json\/wp\/v2\/categories?post=6848"},{"taxonomy":"post_tag","embeddable":true,"href":"https:\/\/www.merkley.senate.gov\/es\/wp-json\/wp\/v2\/tags?post=6848"}],"curies":[{"name":"wp","href":"https:\/\/api.w.org\/{rel}","templated":true}]}}