{"id":6855,"date":"2010-02-25T14:58:00","date_gmt":"2010-02-25T19:58:00","guid":{"rendered":"https:\/\/www.merkley.senate.gov\/more-ground-for-bernanke-to-cover\/"},"modified":"2023-07-24T11:11:25","modified_gmt":"2023-07-24T15:11:25","slug":"more-ground-for-bernanke-to-cover","status":"publish","type":"post","link":"https:\/\/www.merkley.senate.gov\/es\/more-ground-for-bernanke-to-cover\/","title":{"rendered":"M\u00e1s terreno para que Bernanke cubra"},"content":{"rendered":"<p>El presidente de la Fed, Ben Bernanke, continu\u00f3 hoy su testimonio en el Capitolio frente al Comit\u00e9 Bancario del Senado. El senador dem\u00f3crata Jeff Merkley de Oreg\u00f3n, miembro del comit\u00e9, le cuenta a Bill Radke las preocupaciones que ha tenido con el liderazgo de Bernanke.<\/p>\n<p><strong>TEXTO DE LA ENTREVISTA<\/strong><\/p>\n<p><strong>BILL RADKE:<\/strong> El presidente de la Reserva Federal, Ben Bernanke, contin\u00faa hoy su testimonio en el Capitolio. Ayer, le dijo a un comit\u00e9 de la C\u00e1mara de Representantes que la econom\u00eda seguir\u00e1 recuper\u00e1ndose, pero las cosas a\u00fan est\u00e1n lo suficientemente feas como para que las tasas de inter\u00e9s se mantengan en niveles m\u00ednimos durante un per\u00edodo prolongado. Hoy, Bernanke pasa al Comit\u00e9 Bancario del Senado. Ahora se une a nosotros un miembro del comit\u00e9 que vot\u00f3 en contra de la confirmaci\u00f3n de Bernanke el mes pasado, el dem\u00f3crata de Oreg\u00f3n Jeff Merkley. Buen d\u00eda.<\/p>\n<p><strong>JEFF MERKLEY:<\/strong> Buenos d\u00edas, es genial estar con ustedes.<\/p>\n<p><strong>RADKE:<\/strong> Bernanke hizo su gran declaraci\u00f3n de tipos de inter\u00e9s bajos ante la C\u00e1mara. Entonces, \u00bfde qu\u00e9 queda hablar hoy en el Senado?<br \/><strong><br \/>MERKLEY:<\/strong> Bueno, realmente espero que se apresure a abordar este problema de los pr\u00e9stamos para peque\u00f1as empresas, y espero que sea justo con los consumidores. La Fed ten\u00eda la responsabilidad de ser justos con los consumidores cuando se hac\u00edan muchas, muchas cosas que eran absolutamente injustas. Y ahora est\u00e1 en condiciones de decir, si tuviera que hacerlo de nuevo, esto es lo que habr\u00eda hecho.<\/p>\n<p><strong>RADKE:<\/strong> \u00bfPor qu\u00e9 quer\u00edas que Bernanke se fuera del trabajo?<\/p>\n<p><strong>MERKLEY:<\/strong> Todo se redujo a que cada decisi\u00f3n que tom\u00f3 aument\u00f3 el riesgo en el sistema. Ahora, la gente le dio mucho cr\u00e9dito por decir que una vez que explot\u00f3, hizo un trabajo h\u00e1bil al mantener la manguera contra incendios enfocada en el fuego y apagarlo. Pero mi punto era que necesitamos reconstruir una econom\u00eda, y \u00bfes una persona que prepar\u00f3 la situaci\u00f3n para que la econom\u00eda se quemara realmente la persona que usted quiere que nos lleve hacia adelante? Y mi respuesta a eso fue un rotundo &quot;No&quot;.<\/p>\n<p><strong><a href=\"Javascript:openWin('http:\/\/marketplace.publicradio.org\/display\/web\/2010\/02\/25\/am-merkley-q\/');\">Leer m\u00e1s -&gt;<\/a><\/strong><\/p>","protected":false},"excerpt":{"rendered":"<p>Fed Chairman Ben Bernanke continued his testimony on Capitol Hill today in front of the Senate Banking Committee. Democratic Sen. Jeff Merkley of Oregon, a committee member, tells Bill Radke about concerns he&#8217;s had with Bernanke&#8217;s leadership. TEXT OF INTERVIEW BILL RADKE: Federal Reserve Chair Ben Bernanke continues his testimony on Capitol Hill today. Yesterday, [&hellip;]<\/p>\n","protected":false},"author":2,"featured_media":0,"comment_status":"closed","ping_status":"closed","sticky":false,"template":"","format":"standard","meta":{"_acf_changed":false,"inline_featured_image":false,"footnotes":""},"categories":[26],"tags":[],"class_list":["post-6855","post","type-post","status-publish","format-standard","hentry","category-in-the-news"],"acf":[],"yoast_head":"<!-- This site is optimized with the Yoast SEO plugin v27.2 - https:\/\/yoast.com\/product\/yoast-seo-wordpress\/ -->\n<title>More ground for Bernanke to cover - Merkley<\/title>\n<meta name=\"robots\" content=\"index, follow, max-snippet:-1, max-image-preview:large, max-video-preview:-1\" \/>\n<link rel=\"canonical\" href=\"https:\/\/www.merkley.senate.gov\/es\/more-ground-for-bernanke-to-cover\/\" \/>\n<meta property=\"og:locale\" content=\"es_MX\" \/>\n<meta property=\"og:type\" content=\"article\" \/>\n<meta property=\"og:title\" content=\"More ground for Bernanke to cover - Merkley\" \/>\n<meta property=\"og:description\" content=\"Fed Chairman Ben Bernanke continued his testimony on Capitol Hill today in front of the Senate Banking Committee. Democratic Sen. Jeff Merkley of Oregon, a committee member, tells Bill Radke about concerns he&#8217;s had with Bernanke&#8217;s leadership. TEXT OF INTERVIEW BILL RADKE: Federal Reserve Chair Ben Bernanke continues his testimony on Capitol Hill today. Yesterday, [&hellip;]\" \/>\n<meta property=\"og:url\" content=\"https:\/\/www.merkley.senate.gov\/es\/more-ground-for-bernanke-to-cover\/\" \/>\n<meta property=\"og:site_name\" content=\"Merkley\" \/>\n<meta property=\"article:published_time\" content=\"2010-02-25T19:58:00+00:00\" \/>\n<meta property=\"article:modified_time\" content=\"2023-07-24T15:11:25+00:00\" \/>\n<meta name=\"twitter:card\" content=\"summary_large_image\" \/>\n<meta name=\"twitter:label1\" content=\"Written by\" \/>\n\t<meta name=\"twitter:data1\" content=\"\" \/>\n\t<meta name=\"twitter:label2\" content=\"Est. reading time\" \/>\n\t<meta name=\"twitter:data2\" content=\"2 minutes\" \/>\n<script type=\"application\/ld+json\" class=\"yoast-schema-graph\">{\"@context\":\"https:\/\/schema.org\",\"@graph\":[{\"@type\":\"Article\",\"@id\":\"https:\/\/www.merkley.senate.gov\/more-ground-for-bernanke-to-cover\/#article\",\"isPartOf\":{\"@id\":\"https:\/\/www.merkley.senate.gov\/more-ground-for-bernanke-to-cover\/\"},\"author\":{\"name\":\"\",\"@id\":\"\"},\"headline\":\"More ground for Bernanke to cover\",\"datePublished\":\"2010-02-25T19:58:00+00:00\",\"dateModified\":\"2023-07-24T15:11:25+00:00\",\"mainEntityOfPage\":{\"@id\":\"https:\/\/www.merkley.senate.gov\/more-ground-for-bernanke-to-cover\/\"},\"wordCount\":326,\"articleSection\":[\"In the News\"],\"inLanguage\":\"es-MX\"},{\"@type\":\"WebPage\",\"@id\":\"https:\/\/www.merkley.senate.gov\/more-ground-for-bernanke-to-cover\/\",\"url\":\"https:\/\/www.merkley.senate.gov\/more-ground-for-bernanke-to-cover\/\",\"name\":\"More ground for Bernanke to cover - Merkley\",\"isPartOf\":{\"@id\":\"https:\/\/www.merkley.senate.gov\/#website\"},\"datePublished\":\"2010-02-25T19:58:00+00:00\",\"dateModified\":\"2023-07-24T15:11:25+00:00\",\"author\":{\"@id\":\"\"},\"breadcrumb\":{\"@id\":\"https:\/\/www.merkley.senate.gov\/more-ground-for-bernanke-to-cover\/#breadcrumb\"},\"inLanguage\":\"es-MX\",\"potentialAction\":[{\"@type\":\"ReadAction\",\"target\":[\"https:\/\/www.merkley.senate.gov\/more-ground-for-bernanke-to-cover\/\"]}]},{\"@type\":\"BreadcrumbList\",\"@id\":\"https:\/\/www.merkley.senate.gov\/more-ground-for-bernanke-to-cover\/#breadcrumb\",\"itemListElement\":[{\"@type\":\"ListItem\",\"position\":1,\"name\":\"Home\",\"item\":\"https:\/\/www.merkley.senate.gov\/\"},{\"@type\":\"ListItem\",\"position\":2,\"name\":\"More ground for Bernanke to cover\"}]},{\"@type\":\"WebSite\",\"@id\":\"https:\/\/www.merkley.senate.gov\/#website\",\"url\":\"https:\/\/www.merkley.senate.gov\/\",\"name\":\"Merkley\",\"description\":\"Merkley\",\"potentialAction\":[{\"@type\":\"SearchAction\",\"target\":{\"@type\":\"EntryPoint\",\"urlTemplate\":\"https:\/\/www.merkley.senate.gov\/?s={search_term_string}\"},\"query-input\":{\"@type\":\"PropertyValueSpecification\",\"valueRequired\":true,\"valueName\":\"search_term_string\"}}],\"inLanguage\":\"es-MX\"},{\"@type\":\"Person\",\"@id\":\"\",\"url\":\"https:\/\/www.merkley.senate.gov\/es\/author\/\"}]}<\/script>\n<!-- \/ Yoast SEO plugin. -->","yoast_head_json":{"title":"More ground for Bernanke to cover - Merkley","robots":{"index":"index","follow":"follow","max-snippet":"max-snippet:-1","max-image-preview":"max-image-preview:large","max-video-preview":"max-video-preview:-1"},"canonical":"https:\/\/www.merkley.senate.gov\/es\/more-ground-for-bernanke-to-cover\/","og_locale":"es_MX","og_type":"article","og_title":"More ground for Bernanke to cover - Merkley","og_description":"Fed Chairman Ben Bernanke continued his testimony on Capitol Hill today in front of the Senate Banking Committee. Democratic Sen. Jeff Merkley of Oregon, a committee member, tells Bill Radke about concerns he&#8217;s had with Bernanke&#8217;s leadership. TEXT OF INTERVIEW BILL RADKE: Federal Reserve Chair Ben Bernanke continues his testimony on Capitol Hill today. Yesterday, [&hellip;]","og_url":"https:\/\/www.merkley.senate.gov\/es\/more-ground-for-bernanke-to-cover\/","og_site_name":"Merkley","article_published_time":"2010-02-25T19:58:00+00:00","article_modified_time":"2023-07-24T15:11:25+00:00","twitter_card":"summary_large_image","twitter_misc":{"Written by":"","Est. reading time":"2 minutes"},"schema":{"@context":"https:\/\/schema.org","@graph":[{"@type":"Article","@id":"https:\/\/www.merkley.senate.gov\/more-ground-for-bernanke-to-cover\/#article","isPartOf":{"@id":"https:\/\/www.merkley.senate.gov\/more-ground-for-bernanke-to-cover\/"},"author":{"name":"","@id":""},"headline":"More ground for Bernanke to cover","datePublished":"2010-02-25T19:58:00+00:00","dateModified":"2023-07-24T15:11:25+00:00","mainEntityOfPage":{"@id":"https:\/\/www.merkley.senate.gov\/more-ground-for-bernanke-to-cover\/"},"wordCount":326,"articleSection":["In the News"],"inLanguage":"es-MX"},{"@type":"WebPage","@id":"https:\/\/www.merkley.senate.gov\/more-ground-for-bernanke-to-cover\/","url":"https:\/\/www.merkley.senate.gov\/more-ground-for-bernanke-to-cover\/","name":"More ground for Bernanke to cover - Merkley","isPartOf":{"@id":"https:\/\/www.merkley.senate.gov\/#website"},"datePublished":"2010-02-25T19:58:00+00:00","dateModified":"2023-07-24T15:11:25+00:00","author":{"@id":""},"breadcrumb":{"@id":"https:\/\/www.merkley.senate.gov\/more-ground-for-bernanke-to-cover\/#breadcrumb"},"inLanguage":"es-MX","potentialAction":[{"@type":"ReadAction","target":["https:\/\/www.merkley.senate.gov\/more-ground-for-bernanke-to-cover\/"]}]},{"@type":"BreadcrumbList","@id":"https:\/\/www.merkley.senate.gov\/more-ground-for-bernanke-to-cover\/#breadcrumb","itemListElement":[{"@type":"ListItem","position":1,"name":"Home","item":"https:\/\/www.merkley.senate.gov\/"},{"@type":"ListItem","position":2,"name":"More ground for Bernanke to cover"}]},{"@type":"WebSite","@id":"https:\/\/www.merkley.senate.gov\/#website","url":"https:\/\/www.merkley.senate.gov\/","name":"merkley","description":"merkley","potentialAction":[{"@type":"SearchAction","target":{"@type":"EntryPoint","urlTemplate":"https:\/\/www.merkley.senate.gov\/?s={search_term_string}"},"query-input":{"@type":"PropertyValueSpecification","valueRequired":true,"valueName":"search_term_string"}}],"inLanguage":"es-MX"},{"@type":"Person","@id":"","url":"https:\/\/www.merkley.senate.gov\/es\/author\/"}]}},"_links":{"self":[{"href":"https:\/\/www.merkley.senate.gov\/es\/wp-json\/wp\/v2\/posts\/6855","targetHints":{"allow":["GET"]}}],"collection":[{"href":"https:\/\/www.merkley.senate.gov\/es\/wp-json\/wp\/v2\/posts"}],"about":[{"href":"https:\/\/www.merkley.senate.gov\/es\/wp-json\/wp\/v2\/types\/post"}],"author":[{"embeddable":true,"href":"https:\/\/www.merkley.senate.gov\/es\/wp-json\/wp\/v2\/users\/2"}],"replies":[{"embeddable":true,"href":"https:\/\/www.merkley.senate.gov\/es\/wp-json\/wp\/v2\/comments?post=6855"}],"version-history":[{"count":1,"href":"https:\/\/www.merkley.senate.gov\/es\/wp-json\/wp\/v2\/posts\/6855\/revisions"}],"predecessor-version":[{"id":16231,"href":"https:\/\/www.merkley.senate.gov\/es\/wp-json\/wp\/v2\/posts\/6855\/revisions\/16231"}],"wp:attachment":[{"href":"https:\/\/www.merkley.senate.gov\/es\/wp-json\/wp\/v2\/media?parent=6855"}],"wp:term":[{"taxonomy":"category","embeddable":true,"href":"https:\/\/www.merkley.senate.gov\/es\/wp-json\/wp\/v2\/categories?post=6855"},{"taxonomy":"post_tag","embeddable":true,"href":"https:\/\/www.merkley.senate.gov\/es\/wp-json\/wp\/v2\/tags?post=6855"}],"curies":[{"name":"wp","href":"https:\/\/api.w.org\/{rel}","templated":true}]}}