{"id":6929,"date":"2009-12-01T12:04:00","date_gmt":"2009-12-01T17:04:00","guid":{"rendered":"https:\/\/www.merkley.senate.gov\/merkley-statement-on-president-obamas-address-on-afghanistan\/"},"modified":"2023-07-24T11:11:31","modified_gmt":"2023-07-24T15:11:31","slug":"merkley-statement-on-president-obamas-address-on-afghanistan","status":"publish","type":"post","link":"https:\/\/www.merkley.senate.gov\/es\/merkley-statement-on-president-obamas-address-on-afghanistan\/","title":{"rendered":"Declaraci\u00f3n de Merkley sobre el discurso del presidente Obama sobre Afganist\u00e1n"},"content":{"rendered":"<p class=\"MsoNoSpacing\"><strong><br \/>Washington DC<\/strong> \u2013 Senador de Oreg\u00f3n Jeff Merkley<br \/>\nemiti\u00f3 la siguiente declaraci\u00f3n en respuesta al anuncio del Presidente Obama de<br \/>\nm\u00e1s tropas para Afganist\u00e1n:<\/p>\n<blockquote>\n<p class=\"MsoNoSpacing\"><span style=\"color: black; font-size: small;\">\u201cAprecio que el presidente<br \/>\nObama se ha tomado el tiempo para examinar a fondo esta cuesti\u00f3n y considerar las posibilidades disponibles.<br \/>\nopciones. Sin embargo, no estoy convencido de que se haya justificado agregar m\u00e1s<br \/>\nm\u00e1s de 30.000 nuevos soldados. Quedan preguntas importantes sobre nuestros objetivos estrat\u00e9gicos<br \/>\nen Afganist\u00e1n y los costos humanos y financieros que implica lograrlos. <\/span><\/p>\n<p class=\"MsoNoSpacing\">&nbsp;<\/p>\n<p class=\"MsoNoSpacing\"><span style=\"color: black; font-size: small;\">&quot;Tengo un n\u00famero de preguntas<br \/>\nsobre si el objetivo de la Administraci\u00f3n en Afganist\u00e1n es realista y c\u00f3mo<br \/>\nese objetivo promueve nuestra seguridad nacional. \u00bfC\u00f3mo superar\u00e1 nuestra estrategia?<br \/>\nLa historia de Afganist\u00e1n de poder descentralizado ejercido por se\u00f1ores de la guerra regionales,<br \/>\nsu corrupci\u00f3n sist\u00e9mica, la capacidad de los insurgentes para utilizar la presencia de un<br \/>\nfuerza extranjera como punto de reuni\u00f3n, la geograf\u00eda y topograf\u00eda del pa\u00eds,<br \/>\n\u00bfY el f\u00e1cil acceso de los talibanes a explosivos y financiaci\u00f3n? Haz esto<br \/>\nEsta estrategia reduce o aumenta el n\u00famero de extremistas motivados para atacar nuestros<br \/>\n\u00bfnaci\u00f3n? \u00bfQu\u00e9 impedir\u00e1 que Al Qaeda encuentre otros refugios seguros en<br \/>\n\u00bfOtros lugares desde donde planear ataques contra Estados Unidos? \u00bfHay otros<br \/>\n\u00bfEnfoques que puedan cumplir nuestros objetivos de seguridad nacional?&nbsp; <\/span><\/p>\n<p class=\"MsoNoSpacing\">&nbsp;<\/p>\n<p class=\"MsoNoSpacing\"><span style=\"color: black; font-size: small;\">\u201cEspero poder discutir<br \/>\nestas preguntas con la Administraci\u00f3n y conociendo no solo todos los detalles<br \/>\nde su plan, sino tambi\u00e9n revisando c\u00f3mo el sacrificio en vidas y recursos<br \/>\nsirve a nuestro inter\u00e9s nacional\u201d.<\/span><\/p>\n<\/blockquote>","protected":false},"excerpt":{"rendered":"<p>Washington, DC &ndash; Oregon&rsquo;s Senator Jeff Merkley issued the following statement in response to President Obama&rsquo;s announcement of more troops for Afghanistan: &ldquo;I appreciate that President Obama has taken the time to fully examine this issue and consider the available options.&nbsp; However, I&rsquo;m not convinced the case has been made to add more than 30,000 [&hellip;]<\/p>\n","protected":false},"author":2,"featured_media":0,"comment_status":"closed","ping_status":"closed","sticky":false,"template":"","format":"standard","meta":{"_acf_changed":false,"inline_featured_image":false,"footnotes":""},"categories":[24],"tags":[38],"class_list":["post-6929","post","type-post","status-publish","format-standard","hentry","category-press-releases","tag-foreign-policy-and-national-security"],"acf":[],"yoast_head":"<!-- This site is optimized with the Yoast SEO plugin v27.2 - https:\/\/yoast.com\/product\/yoast-seo-wordpress\/ -->\n<title>Merkley Statement on President Obama&#039;s Address on Afghanistan - Merkley<\/title>\n<meta name=\"robots\" content=\"index, follow, max-snippet:-1, max-image-preview:large, max-video-preview:-1\" \/>\n<link rel=\"canonical\" href=\"https:\/\/www.merkley.senate.gov\/es\/merkley-statement-on-president-obamas-address-on-afghanistan\/\" \/>\n<meta property=\"og:locale\" content=\"es_MX\" \/>\n<meta property=\"og:type\" content=\"article\" \/>\n<meta property=\"og:title\" content=\"Merkley Statement on President Obama&#039;s Address on Afghanistan - Merkley\" \/>\n<meta property=\"og:description\" content=\"Washington, DC &ndash; Oregon&rsquo;s Senator Jeff Merkley issued the following statement in response to President Obama&rsquo;s announcement of more troops for Afghanistan: &ldquo;I appreciate that President Obama has taken the time to fully examine this issue and consider the available options.&nbsp; However, I&rsquo;m not convinced the case has been made to add more than 30,000 [&hellip;]\" \/>\n<meta property=\"og:url\" content=\"https:\/\/www.merkley.senate.gov\/es\/merkley-statement-on-president-obamas-address-on-afghanistan\/\" \/>\n<meta property=\"og:site_name\" content=\"Merkley\" \/>\n<meta property=\"article:published_time\" content=\"2009-12-01T17:04:00+00:00\" \/>\n<meta property=\"article:modified_time\" content=\"2023-07-24T15:11:31+00:00\" \/>\n<meta name=\"twitter:card\" content=\"summary_large_image\" \/>\n<meta name=\"twitter:label1\" content=\"Written by\" \/>\n\t<meta name=\"twitter:data1\" content=\"\" \/>\n\t<meta name=\"twitter:label2\" content=\"Est. reading time\" \/>\n\t<meta name=\"twitter:data2\" content=\"1 minute\" \/>\n<script type=\"application\/ld+json\" class=\"yoast-schema-graph\">{\"@context\":\"https:\/\/schema.org\",\"@graph\":[{\"@type\":\"Article\",\"@id\":\"https:\/\/www.merkley.senate.gov\/merkley-statement-on-president-obamas-address-on-afghanistan\/#article\",\"isPartOf\":{\"@id\":\"https:\/\/www.merkley.senate.gov\/merkley-statement-on-president-obamas-address-on-afghanistan\/\"},\"author\":{\"name\":\"\",\"@id\":\"\"},\"headline\":\"Merkley Statement on President Obama&#8217;s Address on Afghanistan\",\"datePublished\":\"2009-12-01T17:04:00+00:00\",\"dateModified\":\"2023-07-24T15:11:31+00:00\",\"mainEntityOfPage\":{\"@id\":\"https:\/\/www.merkley.senate.gov\/merkley-statement-on-president-obamas-address-on-afghanistan\/\"},\"wordCount\":263,\"keywords\":[\"Foreign Policy and National Security\"],\"articleSection\":[\"Press Releases\"],\"inLanguage\":\"es-MX\"},{\"@type\":\"WebPage\",\"@id\":\"https:\/\/www.merkley.senate.gov\/merkley-statement-on-president-obamas-address-on-afghanistan\/\",\"url\":\"https:\/\/www.merkley.senate.gov\/merkley-statement-on-president-obamas-address-on-afghanistan\/\",\"name\":\"Merkley Statement on President Obama's Address on Afghanistan - Merkley\",\"isPartOf\":{\"@id\":\"https:\/\/www.merkley.senate.gov\/#website\"},\"datePublished\":\"2009-12-01T17:04:00+00:00\",\"dateModified\":\"2023-07-24T15:11:31+00:00\",\"author\":{\"@id\":\"\"},\"breadcrumb\":{\"@id\":\"https:\/\/www.merkley.senate.gov\/merkley-statement-on-president-obamas-address-on-afghanistan\/#breadcrumb\"},\"inLanguage\":\"es-MX\",\"potentialAction\":[{\"@type\":\"ReadAction\",\"target\":[\"https:\/\/www.merkley.senate.gov\/merkley-statement-on-president-obamas-address-on-afghanistan\/\"]}]},{\"@type\":\"BreadcrumbList\",\"@id\":\"https:\/\/www.merkley.senate.gov\/merkley-statement-on-president-obamas-address-on-afghanistan\/#breadcrumb\",\"itemListElement\":[{\"@type\":\"ListItem\",\"position\":1,\"name\":\"Home\",\"item\":\"https:\/\/www.merkley.senate.gov\/\"},{\"@type\":\"ListItem\",\"position\":2,\"name\":\"Merkley Statement on President Obama&#8217;s Address on Afghanistan\"}]},{\"@type\":\"WebSite\",\"@id\":\"https:\/\/www.merkley.senate.gov\/#website\",\"url\":\"https:\/\/www.merkley.senate.gov\/\",\"name\":\"Merkley\",\"description\":\"Merkley\",\"potentialAction\":[{\"@type\":\"SearchAction\",\"target\":{\"@type\":\"EntryPoint\",\"urlTemplate\":\"https:\/\/www.merkley.senate.gov\/?s={search_term_string}\"},\"query-input\":{\"@type\":\"PropertyValueSpecification\",\"valueRequired\":true,\"valueName\":\"search_term_string\"}}],\"inLanguage\":\"es-MX\"},{\"@type\":\"Person\",\"@id\":\"\",\"url\":\"https:\/\/www.merkley.senate.gov\/es\/author\/\"}]}<\/script>\n<!-- \/ Yoast SEO plugin. -->","yoast_head_json":{"title":"Merkley Statement on President Obama's Address on Afghanistan - Merkley","robots":{"index":"index","follow":"follow","max-snippet":"max-snippet:-1","max-image-preview":"max-image-preview:large","max-video-preview":"max-video-preview:-1"},"canonical":"https:\/\/www.merkley.senate.gov\/es\/merkley-statement-on-president-obamas-address-on-afghanistan\/","og_locale":"es_MX","og_type":"article","og_title":"Merkley Statement on President Obama's Address on Afghanistan - Merkley","og_description":"Washington, DC &ndash; Oregon&rsquo;s Senator Jeff Merkley issued the following statement in response to President Obama&rsquo;s announcement of more troops for Afghanistan: &ldquo;I appreciate that President Obama has taken the time to fully examine this issue and consider the available options.&nbsp; However, I&rsquo;m not convinced the case has been made to add more than 30,000 [&hellip;]","og_url":"https:\/\/www.merkley.senate.gov\/es\/merkley-statement-on-president-obamas-address-on-afghanistan\/","og_site_name":"Merkley","article_published_time":"2009-12-01T17:04:00+00:00","article_modified_time":"2023-07-24T15:11:31+00:00","twitter_card":"summary_large_image","twitter_misc":{"Written by":"","Est. reading time":"1 minute"},"schema":{"@context":"https:\/\/schema.org","@graph":[{"@type":"Article","@id":"https:\/\/www.merkley.senate.gov\/merkley-statement-on-president-obamas-address-on-afghanistan\/#article","isPartOf":{"@id":"https:\/\/www.merkley.senate.gov\/merkley-statement-on-president-obamas-address-on-afghanistan\/"},"author":{"name":"","@id":""},"headline":"Merkley Statement on President Obama&#8217;s Address on Afghanistan","datePublished":"2009-12-01T17:04:00+00:00","dateModified":"2023-07-24T15:11:31+00:00","mainEntityOfPage":{"@id":"https:\/\/www.merkley.senate.gov\/merkley-statement-on-president-obamas-address-on-afghanistan\/"},"wordCount":263,"keywords":["Foreign Policy and National Security"],"articleSection":["Press Releases"],"inLanguage":"es-MX"},{"@type":"WebPage","@id":"https:\/\/www.merkley.senate.gov\/merkley-statement-on-president-obamas-address-on-afghanistan\/","url":"https:\/\/www.merkley.senate.gov\/merkley-statement-on-president-obamas-address-on-afghanistan\/","name":"Merkley Statement on President Obama's Address on Afghanistan - Merkley","isPartOf":{"@id":"https:\/\/www.merkley.senate.gov\/#website"},"datePublished":"2009-12-01T17:04:00+00:00","dateModified":"2023-07-24T15:11:31+00:00","author":{"@id":""},"breadcrumb":{"@id":"https:\/\/www.merkley.senate.gov\/merkley-statement-on-president-obamas-address-on-afghanistan\/#breadcrumb"},"inLanguage":"es-MX","potentialAction":[{"@type":"ReadAction","target":["https:\/\/www.merkley.senate.gov\/merkley-statement-on-president-obamas-address-on-afghanistan\/"]}]},{"@type":"BreadcrumbList","@id":"https:\/\/www.merkley.senate.gov\/merkley-statement-on-president-obamas-address-on-afghanistan\/#breadcrumb","itemListElement":[{"@type":"ListItem","position":1,"name":"Home","item":"https:\/\/www.merkley.senate.gov\/"},{"@type":"ListItem","position":2,"name":"Merkley Statement on President Obama&#8217;s Address on Afghanistan"}]},{"@type":"WebSite","@id":"https:\/\/www.merkley.senate.gov\/#website","url":"https:\/\/www.merkley.senate.gov\/","name":"merkley","description":"merkley","potentialAction":[{"@type":"SearchAction","target":{"@type":"EntryPoint","urlTemplate":"https:\/\/www.merkley.senate.gov\/?s={search_term_string}"},"query-input":{"@type":"PropertyValueSpecification","valueRequired":true,"valueName":"search_term_string"}}],"inLanguage":"es-MX"},{"@type":"Person","@id":"","url":"https:\/\/www.merkley.senate.gov\/es\/author\/"}]}},"_links":{"self":[{"href":"https:\/\/www.merkley.senate.gov\/es\/wp-json\/wp\/v2\/posts\/6929","targetHints":{"allow":["GET"]}}],"collection":[{"href":"https:\/\/www.merkley.senate.gov\/es\/wp-json\/wp\/v2\/posts"}],"about":[{"href":"https:\/\/www.merkley.senate.gov\/es\/wp-json\/wp\/v2\/types\/post"}],"author":[{"embeddable":true,"href":"https:\/\/www.merkley.senate.gov\/es\/wp-json\/wp\/v2\/users\/2"}],"replies":[{"embeddable":true,"href":"https:\/\/www.merkley.senate.gov\/es\/wp-json\/wp\/v2\/comments?post=6929"}],"version-history":[{"count":1,"href":"https:\/\/www.merkley.senate.gov\/es\/wp-json\/wp\/v2\/posts\/6929\/revisions"}],"predecessor-version":[{"id":16305,"href":"https:\/\/www.merkley.senate.gov\/es\/wp-json\/wp\/v2\/posts\/6929\/revisions\/16305"}],"wp:attachment":[{"href":"https:\/\/www.merkley.senate.gov\/es\/wp-json\/wp\/v2\/media?parent=6929"}],"wp:term":[{"taxonomy":"category","embeddable":true,"href":"https:\/\/www.merkley.senate.gov\/es\/wp-json\/wp\/v2\/categories?post=6929"},{"taxonomy":"post_tag","embeddable":true,"href":"https:\/\/www.merkley.senate.gov\/es\/wp-json\/wp\/v2\/tags?post=6929"}],"curies":[{"name":"wp","href":"https:\/\/api.w.org\/{rel}","templated":true}]}}