{"id":6933,"date":"2009-11-21T12:21:00","date_gmt":"2009-11-21T17:21:00","guid":{"rendered":"https:\/\/www.merkley.senate.gov\/merkley-senate-takes-historic-step-towards-reforming-health-care\/"},"modified":"2023-07-24T11:11:31","modified_gmt":"2023-07-24T15:11:31","slug":"merkley-senate-takes-historic-step-towards-reforming-health-care","status":"publish","type":"post","link":"https:\/\/www.merkley.senate.gov\/es\/merkley-senate-takes-historic-step-towards-reforming-health-care\/","title":{"rendered":"Merkley: el Senado da un paso hist\u00f3rico hacia la reforma de la atenci\u00f3n m\u00e9dica"},"content":{"rendered":"<p class=\"MsoNormal\"><strong><br \/>Washington DC<\/strong> \u2013 El Senado de los Estados Unidos vot\u00f3 hoy a favor<br \/>\nComenzar a debatir legislaci\u00f3n para reformar finalmente nuestra fallida atenci\u00f3n m\u00e9dica.<br \/>\nsistema. El senador de Oreg\u00f3n, Jeff Merkley, vot\u00f3 a favor de proceder al debate y<br \/>\nemiti\u00f3 el siguiente comunicado:<\/p>\n<blockquote>\n<p class=\"MsoNormal\"><span style=\"font-size: small;\">\u201cEste debate est\u00e1 lejos de terminar, pero<\/span><span style=\"font-size: small;\"> Hemos llegado ahora m\u00e1s lejos que cualquier otro congreso en una generaci\u00f3n al completar el<br \/>\ndif\u00edcil tarea de arreglar la atenci\u00f3n sanitaria. Espero continuar<br \/>\nluchar por reformas que hagan que la atenci\u00f3n m\u00e9dica sea m\u00e1s accesible y asequible para<br \/>\ntodos los americanos.<\/span><span style=\"color: #1f497d; font-size: small;\">&nbsp; <\/span><span style=\"font-size: small;\">Y espero que mi<br \/>\ncolegas que se opusieron siquiera a tener un debate completo sobre este tema<br \/>\nNos damos cuenta de lo importante que es que el Senado debata la reforma del sistema de salud.<\/span><\/p>\n<p class=\"MsoNormal\">&nbsp;<\/p>\n<p class=\"MsoNormal\"><span style=\"font-size: small;\">\u201cEl sistema de salud ya no funciona por funcionar<br \/>\nAmericanos. Muchos no tienen seguro; muchos otros temen que lo hagan<br \/>\npierden cobertura cuando m\u00e1s la necesitan. Los costos de la atenci\u00f3n m\u00e9dica est\u00e1n en quiebra<br \/>\nfamilias y obstaculizando el crecimiento empresarial. Debemos actuar ahora para contener los costes,<br \/>\nampliar el acceso a la cobertura y reformar las pr\u00e1cticas de la industria de seguros que han<br \/>\nhizo que incluso aquellos con seguro tuvieran miedo de lo que suceder\u00eda si<br \/>\nenfermarse o lesionarse\u201d.<\/span><\/p>\n<\/blockquote>","protected":false},"excerpt":{"rendered":"<p>Washington, DC &ndash; The United States Senate today voted to begin to debate legislation to finally reform our broken health care system.&nbsp; Oregon&rsquo;s Senator Jeff Merkley voted to proceed to the debate and issued the following statement: &ldquo;This debate is far from over,&nbsp;but we have now come further than any congress in a generation in [&hellip;]<\/p>\n","protected":false},"author":2,"featured_media":0,"comment_status":"closed","ping_status":"closed","sticky":false,"template":"","format":"standard","meta":{"_acf_changed":false,"inline_featured_image":false,"footnotes":""},"categories":[24],"tags":[37],"class_list":["post-6933","post","type-post","status-publish","format-standard","hentry","category-press-releases","tag-health-care"],"acf":[],"yoast_head":"<!-- This site is optimized with the Yoast SEO plugin v27.2 - https:\/\/yoast.com\/product\/yoast-seo-wordpress\/ -->\n<title>Merkley: Senate Takes Historic Step Towards Reforming Health Care - Merkley<\/title>\n<meta name=\"robots\" content=\"index, follow, max-snippet:-1, max-image-preview:large, max-video-preview:-1\" \/>\n<link rel=\"canonical\" href=\"https:\/\/www.merkley.senate.gov\/es\/merkley-senate-takes-historic-step-towards-reforming-health-care\/\" \/>\n<meta property=\"og:locale\" content=\"es_MX\" \/>\n<meta property=\"og:type\" content=\"article\" \/>\n<meta property=\"og:title\" content=\"Merkley: Senate Takes Historic Step Towards Reforming Health Care - Merkley\" \/>\n<meta property=\"og:description\" content=\"Washington, DC &ndash; The United States Senate today voted to begin to debate legislation to finally reform our broken health care system.&nbsp; Oregon&rsquo;s Senator Jeff Merkley voted to proceed to the debate and issued the following statement: &ldquo;This debate is far from over,&nbsp;but we have now come further than any congress in a generation in [&hellip;]\" \/>\n<meta property=\"og:url\" content=\"https:\/\/www.merkley.senate.gov\/es\/merkley-senate-takes-historic-step-towards-reforming-health-care\/\" \/>\n<meta property=\"og:site_name\" content=\"Merkley\" \/>\n<meta property=\"article:published_time\" content=\"2009-11-21T17:21:00+00:00\" \/>\n<meta property=\"article:modified_time\" content=\"2023-07-24T15:11:31+00:00\" \/>\n<meta name=\"twitter:card\" content=\"summary_large_image\" \/>\n<meta name=\"twitter:label1\" content=\"Written by\" \/>\n\t<meta name=\"twitter:data1\" content=\"\" \/>\n\t<meta name=\"twitter:label2\" content=\"Est. reading time\" \/>\n\t<meta name=\"twitter:data2\" content=\"1 minute\" \/>\n<script type=\"application\/ld+json\" class=\"yoast-schema-graph\">{\"@context\":\"https:\/\/schema.org\",\"@graph\":[{\"@type\":\"Article\",\"@id\":\"https:\/\/www.merkley.senate.gov\/merkley-senate-takes-historic-step-towards-reforming-health-care\/#article\",\"isPartOf\":{\"@id\":\"https:\/\/www.merkley.senate.gov\/merkley-senate-takes-historic-step-towards-reforming-health-care\/\"},\"author\":{\"name\":\"\",\"@id\":\"\"},\"headline\":\"Merkley: Senate Takes Historic Step Towards Reforming Health Care\",\"datePublished\":\"2009-11-21T17:21:00+00:00\",\"dateModified\":\"2023-07-24T15:11:31+00:00\",\"mainEntityOfPage\":{\"@id\":\"https:\/\/www.merkley.senate.gov\/merkley-senate-takes-historic-step-towards-reforming-health-care\/\"},\"wordCount\":211,\"keywords\":[\"Health Care\"],\"articleSection\":[\"Press Releases\"],\"inLanguage\":\"es-MX\"},{\"@type\":\"WebPage\",\"@id\":\"https:\/\/www.merkley.senate.gov\/merkley-senate-takes-historic-step-towards-reforming-health-care\/\",\"url\":\"https:\/\/www.merkley.senate.gov\/merkley-senate-takes-historic-step-towards-reforming-health-care\/\",\"name\":\"Merkley: Senate Takes Historic Step Towards Reforming Health Care - Merkley\",\"isPartOf\":{\"@id\":\"https:\/\/www.merkley.senate.gov\/#website\"},\"datePublished\":\"2009-11-21T17:21:00+00:00\",\"dateModified\":\"2023-07-24T15:11:31+00:00\",\"author\":{\"@id\":\"\"},\"breadcrumb\":{\"@id\":\"https:\/\/www.merkley.senate.gov\/merkley-senate-takes-historic-step-towards-reforming-health-care\/#breadcrumb\"},\"inLanguage\":\"es-MX\",\"potentialAction\":[{\"@type\":\"ReadAction\",\"target\":[\"https:\/\/www.merkley.senate.gov\/merkley-senate-takes-historic-step-towards-reforming-health-care\/\"]}]},{\"@type\":\"BreadcrumbList\",\"@id\":\"https:\/\/www.merkley.senate.gov\/merkley-senate-takes-historic-step-towards-reforming-health-care\/#breadcrumb\",\"itemListElement\":[{\"@type\":\"ListItem\",\"position\":1,\"name\":\"Home\",\"item\":\"https:\/\/www.merkley.senate.gov\/\"},{\"@type\":\"ListItem\",\"position\":2,\"name\":\"Merkley: Senate Takes Historic Step Towards Reforming Health Care\"}]},{\"@type\":\"WebSite\",\"@id\":\"https:\/\/www.merkley.senate.gov\/#website\",\"url\":\"https:\/\/www.merkley.senate.gov\/\",\"name\":\"Merkley\",\"description\":\"Merkley\",\"potentialAction\":[{\"@type\":\"SearchAction\",\"target\":{\"@type\":\"EntryPoint\",\"urlTemplate\":\"https:\/\/www.merkley.senate.gov\/?s={search_term_string}\"},\"query-input\":{\"@type\":\"PropertyValueSpecification\",\"valueRequired\":true,\"valueName\":\"search_term_string\"}}],\"inLanguage\":\"es-MX\"},{\"@type\":\"Person\",\"@id\":\"\",\"url\":\"https:\/\/www.merkley.senate.gov\/es\/author\/\"}]}<\/script>\n<!-- \/ Yoast SEO plugin. -->","yoast_head_json":{"title":"Merkley: Senate Takes Historic Step Towards Reforming Health Care - Merkley","robots":{"index":"index","follow":"follow","max-snippet":"max-snippet:-1","max-image-preview":"max-image-preview:large","max-video-preview":"max-video-preview:-1"},"canonical":"https:\/\/www.merkley.senate.gov\/es\/merkley-senate-takes-historic-step-towards-reforming-health-care\/","og_locale":"es_MX","og_type":"article","og_title":"Merkley: Senate Takes Historic Step Towards Reforming Health Care - Merkley","og_description":"Washington, DC &ndash; The United States Senate today voted to begin to debate legislation to finally reform our broken health care system.&nbsp; Oregon&rsquo;s Senator Jeff Merkley voted to proceed to the debate and issued the following statement: &ldquo;This debate is far from over,&nbsp;but we have now come further than any congress in a generation in [&hellip;]","og_url":"https:\/\/www.merkley.senate.gov\/es\/merkley-senate-takes-historic-step-towards-reforming-health-care\/","og_site_name":"Merkley","article_published_time":"2009-11-21T17:21:00+00:00","article_modified_time":"2023-07-24T15:11:31+00:00","twitter_card":"summary_large_image","twitter_misc":{"Written by":"","Est. reading time":"1 minute"},"schema":{"@context":"https:\/\/schema.org","@graph":[{"@type":"Article","@id":"https:\/\/www.merkley.senate.gov\/merkley-senate-takes-historic-step-towards-reforming-health-care\/#article","isPartOf":{"@id":"https:\/\/www.merkley.senate.gov\/merkley-senate-takes-historic-step-towards-reforming-health-care\/"},"author":{"name":"","@id":""},"headline":"Merkley: Senate Takes Historic Step Towards Reforming Health Care","datePublished":"2009-11-21T17:21:00+00:00","dateModified":"2023-07-24T15:11:31+00:00","mainEntityOfPage":{"@id":"https:\/\/www.merkley.senate.gov\/merkley-senate-takes-historic-step-towards-reforming-health-care\/"},"wordCount":211,"keywords":["Health Care"],"articleSection":["Press Releases"],"inLanguage":"es-MX"},{"@type":"WebPage","@id":"https:\/\/www.merkley.senate.gov\/merkley-senate-takes-historic-step-towards-reforming-health-care\/","url":"https:\/\/www.merkley.senate.gov\/merkley-senate-takes-historic-step-towards-reforming-health-care\/","name":"Merkley: Senate Takes Historic Step Towards Reforming Health Care - Merkley","isPartOf":{"@id":"https:\/\/www.merkley.senate.gov\/#website"},"datePublished":"2009-11-21T17:21:00+00:00","dateModified":"2023-07-24T15:11:31+00:00","author":{"@id":""},"breadcrumb":{"@id":"https:\/\/www.merkley.senate.gov\/merkley-senate-takes-historic-step-towards-reforming-health-care\/#breadcrumb"},"inLanguage":"es-MX","potentialAction":[{"@type":"ReadAction","target":["https:\/\/www.merkley.senate.gov\/merkley-senate-takes-historic-step-towards-reforming-health-care\/"]}]},{"@type":"BreadcrumbList","@id":"https:\/\/www.merkley.senate.gov\/merkley-senate-takes-historic-step-towards-reforming-health-care\/#breadcrumb","itemListElement":[{"@type":"ListItem","position":1,"name":"Home","item":"https:\/\/www.merkley.senate.gov\/"},{"@type":"ListItem","position":2,"name":"Merkley: Senate Takes Historic Step Towards Reforming Health Care"}]},{"@type":"WebSite","@id":"https:\/\/www.merkley.senate.gov\/#website","url":"https:\/\/www.merkley.senate.gov\/","name":"merkley","description":"merkley","potentialAction":[{"@type":"SearchAction","target":{"@type":"EntryPoint","urlTemplate":"https:\/\/www.merkley.senate.gov\/?s={search_term_string}"},"query-input":{"@type":"PropertyValueSpecification","valueRequired":true,"valueName":"search_term_string"}}],"inLanguage":"es-MX"},{"@type":"Person","@id":"","url":"https:\/\/www.merkley.senate.gov\/es\/author\/"}]}},"_links":{"self":[{"href":"https:\/\/www.merkley.senate.gov\/es\/wp-json\/wp\/v2\/posts\/6933","targetHints":{"allow":["GET"]}}],"collection":[{"href":"https:\/\/www.merkley.senate.gov\/es\/wp-json\/wp\/v2\/posts"}],"about":[{"href":"https:\/\/www.merkley.senate.gov\/es\/wp-json\/wp\/v2\/types\/post"}],"author":[{"embeddable":true,"href":"https:\/\/www.merkley.senate.gov\/es\/wp-json\/wp\/v2\/users\/2"}],"replies":[{"embeddable":true,"href":"https:\/\/www.merkley.senate.gov\/es\/wp-json\/wp\/v2\/comments?post=6933"}],"version-history":[{"count":1,"href":"https:\/\/www.merkley.senate.gov\/es\/wp-json\/wp\/v2\/posts\/6933\/revisions"}],"predecessor-version":[{"id":16309,"href":"https:\/\/www.merkley.senate.gov\/es\/wp-json\/wp\/v2\/posts\/6933\/revisions\/16309"}],"wp:attachment":[{"href":"https:\/\/www.merkley.senate.gov\/es\/wp-json\/wp\/v2\/media?parent=6933"}],"wp:term":[{"taxonomy":"category","embeddable":true,"href":"https:\/\/www.merkley.senate.gov\/es\/wp-json\/wp\/v2\/categories?post=6933"},{"taxonomy":"post_tag","embeddable":true,"href":"https:\/\/www.merkley.senate.gov\/es\/wp-json\/wp\/v2\/tags?post=6933"}],"curies":[{"name":"wp","href":"https:\/\/api.w.org\/{rel}","templated":true}]}}