{"id":6995,"date":"2009-09-11T12:15:00","date_gmt":"2009-09-11T16:15:00","guid":{"rendered":"https:\/\/www.merkley.senate.gov\/merkley-statement-in-remembrance-of-september-11\/"},"modified":"2023-07-24T11:11:37","modified_gmt":"2023-07-24T15:11:37","slug":"merkley-statement-in-remembrance-of-september-11","status":"publish","type":"post","link":"https:\/\/www.merkley.senate.gov\/es\/merkley-statement-in-remembrance-of-september-11\/","title":{"rendered":"Declaraci\u00f3n de Merkley en memoria del 11 de septiembre"},"content":{"rendered":"<p class=\"MsoNormal\">El Senador Merkley emiti\u00f3 la siguiente declaraci\u00f3n en<br \/>\nrecuerdo de los ataques terroristas a Estados Unidos el 11 de septiembre,<br \/>\n2001:<\/p>\n<blockquote>\n<p class=\"MsoNormal\"><span style=\"font-size: small;\">\u201cHace ocho a\u00f1os, nuestra naci\u00f3n enfrent\u00f3 una de las situaciones m\u00e1s tr\u00e1gicas.<br \/>\nMomentos de la historia americana. Hoy es un momento para recordar a los que perdieron.<br \/>\nsus vidas durante los ataques en Nueva York, Pensilvania y Washington<br \/>\ncorriente continua&nbsp;<\/span><\/p>\n<p class=\"MsoNormal\"><span style=\"font-size: small;\">\u201cComo naci\u00f3n, honramos la valent\u00eda de los agentes de polic\u00eda,<br \/>\nbomberos y trabajadores de rescate que cumplieron con su deber hacia sus compatriotas estadounidenses<br \/>\nprimero. Las familias de aquellos que nuestra naci\u00f3n perdi\u00f3 est\u00e1n en mis pensamientos y<br \/>\nOraciones hoy.&nbsp;<\/span><\/p>\n<p class=\"MsoNormal\"><span style=\"font-size: small;\">\u201cA pesar de su impacto destructivo, los acontecimientos de septiembre<br \/>\nEl 11 sac\u00f3 lo mejor de Am\u00e9rica. Vimos venir a los americanos<br \/>\njuntos para ayudarnos y apoyarnos mutuamente en un momento de gran necesidad.<\/span><\/p>\n<p class=\"MsoNormal\"><span style=\"font-size: small;\">\u201cPara reconocer a las v\u00edctimas y h\u00e9roes de este d\u00eda, este<br \/>\nEl 11 de septiembre ha sido designado oficialmente como D\u00eda Nacional de Servicio y Recuerdo por la<br \/>\nLey Edward M. Kennedy para servir a Estados Unidos.<\/span><\/p>\n<p class=\"MsoNormal\"><span style=\"font-size: small;\">\u201cAnimo a los habitantes de Oreg\u00f3n a visitar <a href=\"http:\/\/serve.gov\/\">servir.gov<\/a> para encontrar oportunidades de voluntariado en su \u00e1rea\u201d.<\/span><\/p>\n<\/blockquote>","protected":false},"excerpt":{"rendered":"<p>Senator Merkley issued the following statement in remembrance of the terrorist attacks on the United States on September 11, 2001: &ldquo;Eight years ago, our nation faced one of the most tragic moments in American history.&nbsp; Today is a time to remember those who lost their lives during the attacks in New York, Pennsylvania, and Washington [&hellip;]<\/p>\n","protected":false},"author":2,"featured_media":0,"comment_status":"closed","ping_status":"closed","sticky":false,"template":"","format":"standard","meta":{"_acf_changed":false,"inline_featured_image":false,"footnotes":""},"categories":[24],"tags":[38],"class_list":["post-6995","post","type-post","status-publish","format-standard","hentry","category-press-releases","tag-foreign-policy-and-national-security"],"acf":[],"yoast_head":"<!-- This site is optimized with the Yoast SEO plugin v27.2 - https:\/\/yoast.com\/product\/yoast-seo-wordpress\/ -->\n<title>Merkley Statement in Remembrance of September 11 - Merkley<\/title>\n<meta name=\"robots\" content=\"index, follow, max-snippet:-1, max-image-preview:large, max-video-preview:-1\" \/>\n<link rel=\"canonical\" href=\"https:\/\/www.merkley.senate.gov\/es\/merkley-statement-in-remembrance-of-september-11\/\" \/>\n<meta property=\"og:locale\" content=\"es_MX\" \/>\n<meta property=\"og:type\" content=\"article\" \/>\n<meta property=\"og:title\" content=\"Merkley Statement in Remembrance of September 11 - Merkley\" \/>\n<meta property=\"og:description\" content=\"Senator Merkley issued the following statement in remembrance of the terrorist attacks on the United States on September 11, 2001: &ldquo;Eight years ago, our nation faced one of the most tragic moments in American history.&nbsp; Today is a time to remember those who lost their lives during the attacks in New York, Pennsylvania, and Washington [&hellip;]\" \/>\n<meta property=\"og:url\" content=\"https:\/\/www.merkley.senate.gov\/es\/merkley-statement-in-remembrance-of-september-11\/\" \/>\n<meta property=\"og:site_name\" content=\"Merkley\" \/>\n<meta property=\"article:published_time\" content=\"2009-09-11T16:15:00+00:00\" \/>\n<meta property=\"article:modified_time\" content=\"2023-07-24T15:11:37+00:00\" \/>\n<meta name=\"twitter:card\" content=\"summary_large_image\" \/>\n<meta name=\"twitter:label1\" content=\"Written by\" \/>\n\t<meta name=\"twitter:data1\" content=\"\" \/>\n\t<meta name=\"twitter:label2\" content=\"Est. reading time\" \/>\n\t<meta name=\"twitter:data2\" content=\"1 minute\" \/>\n<script type=\"application\/ld+json\" class=\"yoast-schema-graph\">{\"@context\":\"https:\/\/schema.org\",\"@graph\":[{\"@type\":\"Article\",\"@id\":\"https:\/\/www.merkley.senate.gov\/merkley-statement-in-remembrance-of-september-11\/#article\",\"isPartOf\":{\"@id\":\"https:\/\/www.merkley.senate.gov\/merkley-statement-in-remembrance-of-september-11\/\"},\"author\":{\"name\":\"\",\"@id\":\"\"},\"headline\":\"Merkley Statement in Remembrance of September 11\",\"datePublished\":\"2009-09-11T16:15:00+00:00\",\"dateModified\":\"2023-07-24T15:11:37+00:00\",\"mainEntityOfPage\":{\"@id\":\"https:\/\/www.merkley.senate.gov\/merkley-statement-in-remembrance-of-september-11\/\"},\"wordCount\":188,\"keywords\":[\"Foreign Policy and National Security\"],\"articleSection\":[\"Press Releases\"],\"inLanguage\":\"es-MX\"},{\"@type\":\"WebPage\",\"@id\":\"https:\/\/www.merkley.senate.gov\/merkley-statement-in-remembrance-of-september-11\/\",\"url\":\"https:\/\/www.merkley.senate.gov\/merkley-statement-in-remembrance-of-september-11\/\",\"name\":\"Merkley Statement in Remembrance of September 11 - Merkley\",\"isPartOf\":{\"@id\":\"https:\/\/www.merkley.senate.gov\/#website\"},\"datePublished\":\"2009-09-11T16:15:00+00:00\",\"dateModified\":\"2023-07-24T15:11:37+00:00\",\"author\":{\"@id\":\"\"},\"breadcrumb\":{\"@id\":\"https:\/\/www.merkley.senate.gov\/merkley-statement-in-remembrance-of-september-11\/#breadcrumb\"},\"inLanguage\":\"es-MX\",\"potentialAction\":[{\"@type\":\"ReadAction\",\"target\":[\"https:\/\/www.merkley.senate.gov\/merkley-statement-in-remembrance-of-september-11\/\"]}]},{\"@type\":\"BreadcrumbList\",\"@id\":\"https:\/\/www.merkley.senate.gov\/merkley-statement-in-remembrance-of-september-11\/#breadcrumb\",\"itemListElement\":[{\"@type\":\"ListItem\",\"position\":1,\"name\":\"Home\",\"item\":\"https:\/\/www.merkley.senate.gov\/\"},{\"@type\":\"ListItem\",\"position\":2,\"name\":\"Merkley Statement in Remembrance of September 11\"}]},{\"@type\":\"WebSite\",\"@id\":\"https:\/\/www.merkley.senate.gov\/#website\",\"url\":\"https:\/\/www.merkley.senate.gov\/\",\"name\":\"Merkley\",\"description\":\"Merkley\",\"potentialAction\":[{\"@type\":\"SearchAction\",\"target\":{\"@type\":\"EntryPoint\",\"urlTemplate\":\"https:\/\/www.merkley.senate.gov\/?s={search_term_string}\"},\"query-input\":{\"@type\":\"PropertyValueSpecification\",\"valueRequired\":true,\"valueName\":\"search_term_string\"}}],\"inLanguage\":\"es-MX\"},{\"@type\":\"Person\",\"@id\":\"\",\"url\":\"https:\/\/www.merkley.senate.gov\/es\/author\/\"}]}<\/script>\n<!-- \/ Yoast SEO plugin. -->","yoast_head_json":{"title":"Merkley Statement in Remembrance of September 11 - Merkley","robots":{"index":"index","follow":"follow","max-snippet":"max-snippet:-1","max-image-preview":"max-image-preview:large","max-video-preview":"max-video-preview:-1"},"canonical":"https:\/\/www.merkley.senate.gov\/es\/merkley-statement-in-remembrance-of-september-11\/","og_locale":"es_MX","og_type":"article","og_title":"Merkley Statement in Remembrance of September 11 - Merkley","og_description":"Senator Merkley issued the following statement in remembrance of the terrorist attacks on the United States on September 11, 2001: &ldquo;Eight years ago, our nation faced one of the most tragic moments in American history.&nbsp; Today is a time to remember those who lost their lives during the attacks in New York, Pennsylvania, and Washington [&hellip;]","og_url":"https:\/\/www.merkley.senate.gov\/es\/merkley-statement-in-remembrance-of-september-11\/","og_site_name":"Merkley","article_published_time":"2009-09-11T16:15:00+00:00","article_modified_time":"2023-07-24T15:11:37+00:00","twitter_card":"summary_large_image","twitter_misc":{"Written by":"","Est. reading time":"1 minute"},"schema":{"@context":"https:\/\/schema.org","@graph":[{"@type":"Article","@id":"https:\/\/www.merkley.senate.gov\/merkley-statement-in-remembrance-of-september-11\/#article","isPartOf":{"@id":"https:\/\/www.merkley.senate.gov\/merkley-statement-in-remembrance-of-september-11\/"},"author":{"name":"","@id":""},"headline":"Merkley Statement in Remembrance of September 11","datePublished":"2009-09-11T16:15:00+00:00","dateModified":"2023-07-24T15:11:37+00:00","mainEntityOfPage":{"@id":"https:\/\/www.merkley.senate.gov\/merkley-statement-in-remembrance-of-september-11\/"},"wordCount":188,"keywords":["Foreign Policy and National Security"],"articleSection":["Press Releases"],"inLanguage":"es-MX"},{"@type":"WebPage","@id":"https:\/\/www.merkley.senate.gov\/merkley-statement-in-remembrance-of-september-11\/","url":"https:\/\/www.merkley.senate.gov\/merkley-statement-in-remembrance-of-september-11\/","name":"Merkley Statement in Remembrance of September 11 - Merkley","isPartOf":{"@id":"https:\/\/www.merkley.senate.gov\/#website"},"datePublished":"2009-09-11T16:15:00+00:00","dateModified":"2023-07-24T15:11:37+00:00","author":{"@id":""},"breadcrumb":{"@id":"https:\/\/www.merkley.senate.gov\/merkley-statement-in-remembrance-of-september-11\/#breadcrumb"},"inLanguage":"es-MX","potentialAction":[{"@type":"ReadAction","target":["https:\/\/www.merkley.senate.gov\/merkley-statement-in-remembrance-of-september-11\/"]}]},{"@type":"BreadcrumbList","@id":"https:\/\/www.merkley.senate.gov\/merkley-statement-in-remembrance-of-september-11\/#breadcrumb","itemListElement":[{"@type":"ListItem","position":1,"name":"Home","item":"https:\/\/www.merkley.senate.gov\/"},{"@type":"ListItem","position":2,"name":"Merkley Statement in Remembrance of September 11"}]},{"@type":"WebSite","@id":"https:\/\/www.merkley.senate.gov\/#website","url":"https:\/\/www.merkley.senate.gov\/","name":"merkley","description":"merkley","potentialAction":[{"@type":"SearchAction","target":{"@type":"EntryPoint","urlTemplate":"https:\/\/www.merkley.senate.gov\/?s={search_term_string}"},"query-input":{"@type":"PropertyValueSpecification","valueRequired":true,"valueName":"search_term_string"}}],"inLanguage":"es-MX"},{"@type":"Person","@id":"","url":"https:\/\/www.merkley.senate.gov\/es\/author\/"}]}},"_links":{"self":[{"href":"https:\/\/www.merkley.senate.gov\/es\/wp-json\/wp\/v2\/posts\/6995","targetHints":{"allow":["GET"]}}],"collection":[{"href":"https:\/\/www.merkley.senate.gov\/es\/wp-json\/wp\/v2\/posts"}],"about":[{"href":"https:\/\/www.merkley.senate.gov\/es\/wp-json\/wp\/v2\/types\/post"}],"author":[{"embeddable":true,"href":"https:\/\/www.merkley.senate.gov\/es\/wp-json\/wp\/v2\/users\/2"}],"replies":[{"embeddable":true,"href":"https:\/\/www.merkley.senate.gov\/es\/wp-json\/wp\/v2\/comments?post=6995"}],"version-history":[{"count":1,"href":"https:\/\/www.merkley.senate.gov\/es\/wp-json\/wp\/v2\/posts\/6995\/revisions"}],"predecessor-version":[{"id":16371,"href":"https:\/\/www.merkley.senate.gov\/es\/wp-json\/wp\/v2\/posts\/6995\/revisions\/16371"}],"wp:attachment":[{"href":"https:\/\/www.merkley.senate.gov\/es\/wp-json\/wp\/v2\/media?parent=6995"}],"wp:term":[{"taxonomy":"category","embeddable":true,"href":"https:\/\/www.merkley.senate.gov\/es\/wp-json\/wp\/v2\/categories?post=6995"},{"taxonomy":"post_tag","embeddable":true,"href":"https:\/\/www.merkley.senate.gov\/es\/wp-json\/wp\/v2\/tags?post=6995"}],"curies":[{"name":"wp","href":"https:\/\/api.w.org\/{rel}","templated":true}]}}