{"id":7044,"date":"2009-07-22T12:00:00","date_gmt":"2009-07-22T16:00:00","guid":{"rendered":"https:\/\/www.merkley.senate.gov\/merkley-to-hold-wasco-and-jefferson-county-town-halls\/"},"modified":"2023-07-24T11:11:41","modified_gmt":"2023-07-24T15:11:41","slug":"merkley-to-hold-wasco-and-jefferson-county-town-halls","status":"publish","type":"post","link":"https:\/\/www.merkley.senate.gov\/es\/merkley-to-hold-wasco-and-jefferson-county-town-halls\/","title":{"rendered":"Merkley realizar\u00e1 asambleas p\u00fablicas en los condados de Wasco y Jefferson"},"content":{"rendered":"<p><strong>P\u00f3rtland<\/strong> \u2013 El senador de Oreg\u00f3n, Jeff Merkley, ocupar\u00e1 el cargo<br \/>\npasillos en los condados de Wasco y Jefferson el domingo 2 de agosto.<\/p>\n<p>Actualizar\u00e1 a los electores sobre su trabajo en Washington, DC<br \/>\ny responda sus preguntas sobre los desaf\u00edos que enfrentan Oreg\u00f3n y Estados Unidos.<\/p>\n<blockquote>\n<p class=\"MsoNormal\"><span style=\"font-size: small;\">\u201cAbogar por los habitantes de Oreg\u00f3n es mi responsabilidad n\u00famero uno\u201d,<br \/>\ndijo Merkley. \u201cInvito a todos los residentes de los condados de Wasco y Jefferson a reunirse<br \/>\nconmigo y discutir lo que debemos hacer para que nuestra naci\u00f3n vuelva a encarrilarse\u201d.<\/span><\/p>\n<\/blockquote>\n<p class=\"MsoNormal\">El a\u00f1o pasado, Merkley se comprometi\u00f3 a celebrar asambleas p\u00fablicas en cada uno de<br \/>\nLos 36 condados de Oreg\u00f3n cada a\u00f1o. Celebr\u00f3 su primer ayuntamiento en febrero<br \/>\nen su condado natal, el condado de Douglas. Los condados de Wasco y Jefferson<br \/>\nser\u00e1n sus ayuntamientos vig\u00e9simo cuarto y vig\u00e9simo quinto.<\/p>\n<p class=\"MsoNormal\"><strong>Qu\u00e9:<\/strong><\/p>\n<p class=\"MsoNormal\">El senador de Oreg\u00f3n, Jeff Merkley, celebra el ayuntamiento en Wasco<br \/>\nCondado.<\/p>\n<p class=\"MsoNormal\"><strong>Cuando:<\/strong><\/p>\n<p class=\"MsoNormal\">domingo, 2 de agosto de 2009<\/p>\n<p class=\"MsoNormal\">10 a.m.<\/p>\n<p class=\"MsoNormal\"><strong>D\u00f3nde:<\/strong><\/p>\n<p class=\"MsoNormal\">Edificio 2, Tercer Piso<\/p>\n<p class=\"MsoNormal\">Sal\u00f3n de actos, Sala 2.384<\/p>\n<p class=\"MsoNormal\">Colegio Comunitario de Columbia Gorge<\/p>\n<p class=\"MsoNormal\">400 E. Paseo panor\u00e1mico<\/p>\n<p class=\"MsoNormal\">Los Dalles, OR 97058<\/p>\n<p class=\"MsoNormal\"><strong>Qu\u00e9:<\/strong><\/p>\n<p class=\"MsoNormal\">El senador de Oreg\u00f3n, Jeff Merkley, celebra el ayuntamiento en Jefferson<br \/>\nCondado.<\/p>\n<p class=\"MsoNormal\"><strong>Cuando:<\/strong><\/p>\n<p class=\"MsoNormal\">domingo, 2 de agosto de 2009<\/p>\n<p class=\"MsoNormal\">14:30<\/p>\n<p class=\"MsoNormal\"><strong>D\u00f3nde:<\/strong><\/p>\n<p class=\"MsoNormal\">Centro para personas mayores del condado de Jefferson<\/p>\n<p class=\"MsoNormal\">860 suroeste de la calle Madison<\/p>\n<p class=\"MsoNormal\">Madr\u00e1s, OR 97741<\/p>","protected":false},"excerpt":{"rendered":"<p>Portland &ndash; Oregon&rsquo;s Senator Jeff Merkley will hold town halls in Wasco and Jefferson counties on Sunday, August 2. He will update constituents on his work in Washington, DC and answer their questions about the challenges facing Oregon and America. &ldquo;Advocating for Oregonians is my number one responsibility,&rdquo; Merkley said. &ldquo;I invite all residents of [&hellip;]<\/p>\n","protected":false},"author":2,"featured_media":0,"comment_status":"closed","ping_status":"closed","sticky":false,"template":"","format":"standard","meta":{"_acf_changed":false,"inline_featured_image":false,"footnotes":""},"categories":[24],"tags":[],"class_list":["post-7044","post","type-post","status-publish","format-standard","hentry","category-press-releases"],"acf":[],"yoast_head":"<!-- This site is optimized with the Yoast SEO plugin v27.2 - https:\/\/yoast.com\/product\/yoast-seo-wordpress\/ -->\n<title>Merkley to Hold Wasco and Jefferson County Town Halls - Merkley<\/title>\n<meta name=\"robots\" content=\"index, follow, max-snippet:-1, max-image-preview:large, max-video-preview:-1\" \/>\n<link rel=\"canonical\" href=\"https:\/\/www.merkley.senate.gov\/es\/merkley-to-hold-wasco-and-jefferson-county-town-halls\/\" \/>\n<meta property=\"og:locale\" content=\"es_MX\" \/>\n<meta property=\"og:type\" content=\"article\" \/>\n<meta property=\"og:title\" content=\"Merkley to Hold Wasco and Jefferson County Town Halls - Merkley\" \/>\n<meta property=\"og:description\" content=\"Portland &ndash; Oregon&rsquo;s Senator Jeff Merkley will hold town halls in Wasco and Jefferson counties on Sunday, August 2. He will update constituents on his work in Washington, DC and answer their questions about the challenges facing Oregon and America. &ldquo;Advocating for Oregonians is my number one responsibility,&rdquo; Merkley said. &ldquo;I invite all residents of [&hellip;]\" \/>\n<meta property=\"og:url\" content=\"https:\/\/www.merkley.senate.gov\/es\/merkley-to-hold-wasco-and-jefferson-county-town-halls\/\" \/>\n<meta property=\"og:site_name\" content=\"Merkley\" \/>\n<meta property=\"article:published_time\" content=\"2009-07-22T16:00:00+00:00\" \/>\n<meta property=\"article:modified_time\" content=\"2023-07-24T15:11:41+00:00\" \/>\n<meta name=\"twitter:card\" content=\"summary_large_image\" \/>\n<meta name=\"twitter:label1\" content=\"Written by\" \/>\n\t<meta name=\"twitter:data1\" content=\"\" \/>\n\t<meta name=\"twitter:label2\" content=\"Est. reading time\" \/>\n\t<meta name=\"twitter:data2\" content=\"1 minute\" \/>\n<script type=\"application\/ld+json\" class=\"yoast-schema-graph\">{\"@context\":\"https:\/\/schema.org\",\"@graph\":[{\"@type\":\"Article\",\"@id\":\"https:\/\/www.merkley.senate.gov\/es\/merkley-to-hold-wasco-and-jefferson-county-town-halls\/#article\",\"isPartOf\":{\"@id\":\"https:\/\/www.merkley.senate.gov\/es\/merkley-to-hold-wasco-and-jefferson-county-town-halls\/\"},\"author\":{\"name\":\"\",\"@id\":\"\"},\"headline\":\"Merkley to Hold Wasco and Jefferson County Town Halls\",\"datePublished\":\"2009-07-22T16:00:00+00:00\",\"dateModified\":\"2023-07-24T15:11:41+00:00\",\"mainEntityOfPage\":{\"@id\":\"https:\/\/www.merkley.senate.gov\/es\/merkley-to-hold-wasco-and-jefferson-county-town-halls\/\"},\"wordCount\":198,\"articleSection\":[\"Press Releases\"],\"inLanguage\":\"es-MX\"},{\"@type\":\"WebPage\",\"@id\":\"https:\/\/www.merkley.senate.gov\/es\/merkley-to-hold-wasco-and-jefferson-county-town-halls\/\",\"url\":\"https:\/\/www.merkley.senate.gov\/es\/merkley-to-hold-wasco-and-jefferson-county-town-halls\/\",\"name\":\"Merkley to Hold Wasco and Jefferson County Town Halls - Merkley\",\"isPartOf\":{\"@id\":\"https:\/\/www.merkley.senate.gov\/#website\"},\"datePublished\":\"2009-07-22T16:00:00+00:00\",\"dateModified\":\"2023-07-24T15:11:41+00:00\",\"author\":{\"@id\":\"\"},\"breadcrumb\":{\"@id\":\"https:\/\/www.merkley.senate.gov\/es\/merkley-to-hold-wasco-and-jefferson-county-town-halls\/#breadcrumb\"},\"inLanguage\":\"es-MX\",\"potentialAction\":[{\"@type\":\"ReadAction\",\"target\":[\"https:\/\/www.merkley.senate.gov\/es\/merkley-to-hold-wasco-and-jefferson-county-town-halls\/\"]}]},{\"@type\":\"BreadcrumbList\",\"@id\":\"https:\/\/www.merkley.senate.gov\/es\/merkley-to-hold-wasco-and-jefferson-county-town-halls\/#breadcrumb\",\"itemListElement\":[{\"@type\":\"ListItem\",\"position\":1,\"name\":\"Home\",\"item\":\"https:\/\/www.merkley.senate.gov\/\"},{\"@type\":\"ListItem\",\"position\":2,\"name\":\"Merkley to Hold Wasco and Jefferson County Town Halls\"}]},{\"@type\":\"WebSite\",\"@id\":\"https:\/\/www.merkley.senate.gov\/#website\",\"url\":\"https:\/\/www.merkley.senate.gov\/\",\"name\":\"Merkley\",\"description\":\"Merkley\",\"potentialAction\":[{\"@type\":\"SearchAction\",\"target\":{\"@type\":\"EntryPoint\",\"urlTemplate\":\"https:\/\/www.merkley.senate.gov\/?s={search_term_string}\"},\"query-input\":{\"@type\":\"PropertyValueSpecification\",\"valueRequired\":true,\"valueName\":\"search_term_string\"}}],\"inLanguage\":\"es-MX\"},{\"@type\":\"Person\",\"@id\":\"\",\"url\":\"https:\/\/www.merkley.senate.gov\/es\/author\/\"}]}<\/script>\n<!-- \/ Yoast SEO plugin. -->","yoast_head_json":{"title":"Merkley to Hold Wasco and Jefferson County Town Halls - Merkley","robots":{"index":"index","follow":"follow","max-snippet":"max-snippet:-1","max-image-preview":"max-image-preview:large","max-video-preview":"max-video-preview:-1"},"canonical":"https:\/\/www.merkley.senate.gov\/es\/merkley-to-hold-wasco-and-jefferson-county-town-halls\/","og_locale":"es_MX","og_type":"article","og_title":"Merkley to Hold Wasco and Jefferson County Town Halls - Merkley","og_description":"Portland &ndash; Oregon&rsquo;s Senator Jeff Merkley will hold town halls in Wasco and Jefferson counties on Sunday, August 2. He will update constituents on his work in Washington, DC and answer their questions about the challenges facing Oregon and America. &ldquo;Advocating for Oregonians is my number one responsibility,&rdquo; Merkley said. &ldquo;I invite all residents of [&hellip;]","og_url":"https:\/\/www.merkley.senate.gov\/es\/merkley-to-hold-wasco-and-jefferson-county-town-halls\/","og_site_name":"Merkley","article_published_time":"2009-07-22T16:00:00+00:00","article_modified_time":"2023-07-24T15:11:41+00:00","twitter_card":"summary_large_image","twitter_misc":{"Written by":"","Est. reading time":"1 minute"},"schema":{"@context":"https:\/\/schema.org","@graph":[{"@type":"Article","@id":"https:\/\/www.merkley.senate.gov\/es\/merkley-to-hold-wasco-and-jefferson-county-town-halls\/#article","isPartOf":{"@id":"https:\/\/www.merkley.senate.gov\/es\/merkley-to-hold-wasco-and-jefferson-county-town-halls\/"},"author":{"name":"","@id":""},"headline":"Merkley to Hold Wasco and Jefferson County Town Halls","datePublished":"2009-07-22T16:00:00+00:00","dateModified":"2023-07-24T15:11:41+00:00","mainEntityOfPage":{"@id":"https:\/\/www.merkley.senate.gov\/es\/merkley-to-hold-wasco-and-jefferson-county-town-halls\/"},"wordCount":198,"articleSection":["Press Releases"],"inLanguage":"es-MX"},{"@type":"WebPage","@id":"https:\/\/www.merkley.senate.gov\/es\/merkley-to-hold-wasco-and-jefferson-county-town-halls\/","url":"https:\/\/www.merkley.senate.gov\/es\/merkley-to-hold-wasco-and-jefferson-county-town-halls\/","name":"Merkley to Hold Wasco and Jefferson County Town Halls - Merkley","isPartOf":{"@id":"https:\/\/www.merkley.senate.gov\/#website"},"datePublished":"2009-07-22T16:00:00+00:00","dateModified":"2023-07-24T15:11:41+00:00","author":{"@id":""},"breadcrumb":{"@id":"https:\/\/www.merkley.senate.gov\/es\/merkley-to-hold-wasco-and-jefferson-county-town-halls\/#breadcrumb"},"inLanguage":"es-MX","potentialAction":[{"@type":"ReadAction","target":["https:\/\/www.merkley.senate.gov\/es\/merkley-to-hold-wasco-and-jefferson-county-town-halls\/"]}]},{"@type":"BreadcrumbList","@id":"https:\/\/www.merkley.senate.gov\/es\/merkley-to-hold-wasco-and-jefferson-county-town-halls\/#breadcrumb","itemListElement":[{"@type":"ListItem","position":1,"name":"Home","item":"https:\/\/www.merkley.senate.gov\/"},{"@type":"ListItem","position":2,"name":"Merkley to Hold Wasco and Jefferson County Town Halls"}]},{"@type":"WebSite","@id":"https:\/\/www.merkley.senate.gov\/#website","url":"https:\/\/www.merkley.senate.gov\/","name":"merkley","description":"merkley","potentialAction":[{"@type":"SearchAction","target":{"@type":"EntryPoint","urlTemplate":"https:\/\/www.merkley.senate.gov\/?s={search_term_string}"},"query-input":{"@type":"PropertyValueSpecification","valueRequired":true,"valueName":"search_term_string"}}],"inLanguage":"es-MX"},{"@type":"Person","@id":"","url":"https:\/\/www.merkley.senate.gov\/es\/author\/"}]}},"_links":{"self":[{"href":"https:\/\/www.merkley.senate.gov\/es\/wp-json\/wp\/v2\/posts\/7044","targetHints":{"allow":["GET"]}}],"collection":[{"href":"https:\/\/www.merkley.senate.gov\/es\/wp-json\/wp\/v2\/posts"}],"about":[{"href":"https:\/\/www.merkley.senate.gov\/es\/wp-json\/wp\/v2\/types\/post"}],"author":[{"embeddable":true,"href":"https:\/\/www.merkley.senate.gov\/es\/wp-json\/wp\/v2\/users\/2"}],"replies":[{"embeddable":true,"href":"https:\/\/www.merkley.senate.gov\/es\/wp-json\/wp\/v2\/comments?post=7044"}],"version-history":[{"count":1,"href":"https:\/\/www.merkley.senate.gov\/es\/wp-json\/wp\/v2\/posts\/7044\/revisions"}],"predecessor-version":[{"id":16420,"href":"https:\/\/www.merkley.senate.gov\/es\/wp-json\/wp\/v2\/posts\/7044\/revisions\/16420"}],"wp:attachment":[{"href":"https:\/\/www.merkley.senate.gov\/es\/wp-json\/wp\/v2\/media?parent=7044"}],"wp:term":[{"taxonomy":"category","embeddable":true,"href":"https:\/\/www.merkley.senate.gov\/es\/wp-json\/wp\/v2\/categories?post=7044"},{"taxonomy":"post_tag","embeddable":true,"href":"https:\/\/www.merkley.senate.gov\/es\/wp-json\/wp\/v2\/tags?post=7044"}],"curies":[{"name":"wp","href":"https:\/\/api.w.org\/{rel}","templated":true}]}}