{"id":7095,"date":"2009-06-16T12:25:00","date_gmt":"2009-06-16T16:25:00","guid":{"rendered":"https:\/\/www.merkley.senate.gov\/merkley-applauds-recovery-money-for-head-start-programs\/"},"modified":"2023-07-24T11:11:45","modified_gmt":"2023-07-24T15:11:45","slug":"merkley-applauds-recovery-money-for-head-start-programs","status":"publish","type":"post","link":"https:\/\/www.merkley.senate.gov\/es\/merkley-applauds-recovery-money-for-head-start-programs\/","title":{"rendered":"Merkley aplaude el dinero de recuperaci\u00f3n para los programas Head Start"},"content":{"rendered":"<p>Washington, DC - Oreg\u00f3n<br \/>\nEl Senador Jeff Merkley aplaudi\u00f3 los casi $1 millones en American Recovery and<br \/>\nLos fondos de la Ley de Reinversi\u00f3n se dirigen a los programas Head Start en todo Oreg\u00f3n.<\/p>\n<p class=\"MsoNoSpacing\">Los fondos ayudar\u00e1n a los programas en<br \/>\nuna variedad de formas que incluyen retener y reclutar maestros, mejorar<br \/>\ninstalaciones y contrataci\u00f3n de personal de apoyo.<\/p>\n<blockquote>\n<p class=\"MsoNoSpacing\"><span style=\"font-size: small;\">\u201cLa base del \u00e9xito en<br \/>\nla escuela y la vida se establecen en los primeros a\u00f1os\u201d, dijo Merkley. &quot;Inicio<br \/>\ntiene un historial comprobado que sienta esa base. Estos fondos de recuperaci\u00f3n se<br \/>\nayudar a crear empleos hoy y preparar a la pr\u00f3xima generaci\u00f3n de habitantes de Oreg\u00f3n\u201d.<\/span><\/p>\n<\/blockquote>\n<p class=\"MsoNormal\">&nbsp;Aqu\u00ed est\u00e1 el desglose de los fondos seg\u00fan los EE. UU.<br \/>\nDepartamento de Salud y Servicios Humanos:<\/p>\n<p class=\"MsoNormal\">&nbsp;$394,410 al condado de Washington<br \/>\nOrganizaci\u00f3n de Acci\u00f3n Comunitaria, Inc. en Hillsboro.<\/p>\n<p class=\"MsoNormal\">&nbsp;$214,042 a Kids &amp; Company de<br \/>\nCondado de Linn en el L\u00edbano.<\/p>\n<p class=\"MsoNormal\">$166,881 a la comunidad unida<br \/>\nRed de Acci\u00f3n en Roseburg.<\/p>\n<p class=\"MsoNormal\">$142,216 para Head Start de Yamhill<br \/>\nCondado en McMinnville.<\/p>\n<p>El<br \/>\nLa Ley Estadounidense de Recuperaci\u00f3n y Reinversi\u00f3n invierte miles de millones en mejorar nuestra<br \/>\ninfraestructura de transporte de la naci\u00f3n, promoviendo el desarrollo y<br \/>\nproducci\u00f3n de energ\u00eda limpia y reparaci\u00f3n de edificios p\u00fablicos para<br \/>\ncrear o guardar puestos de trabajo. La legislaci\u00f3n recorta impuestos para el 95 por ciento de los trabajadores<br \/>\ny sus familias, incluyendo cr\u00e9ditos fiscales de $400 por trabajador o $800 por<br \/>\nfamilia. Finalmente, un tercer componente del proyecto de ley proporciona fondos vitales para<br \/>\nestados para prevenir despidos estatales y asegurar la continuaci\u00f3n de importantes<br \/>\nservicios de salud, educaci\u00f3n y vivienda.<\/p>\n<p class=\"MsoNormal\">&nbsp;<\/p>","protected":false},"excerpt":{"rendered":"<p>Washington, D.C. &ndash; Oregon&rsquo;s Senator Jeff Merkley applauded the nearly $1 million in American Recovery and Reinvestment Act funds heading to Head Start programs throughout Oregon. The funds will help programs in a variety of ways including retaining and recruiting teachers, enhancing facilities and hiring support staff. &ldquo;The foundation for success in school and in [&hellip;]<\/p>\n","protected":false},"author":2,"featured_media":0,"comment_status":"closed","ping_status":"closed","sticky":false,"template":"","format":"standard","meta":{"_acf_changed":false,"inline_featured_image":false,"footnotes":""},"categories":[24],"tags":[40],"class_list":["post-7095","post","type-post","status-publish","format-standard","hentry","category-press-releases","tag-education"],"acf":[],"yoast_head":"<!-- This site is optimized with the Yoast SEO plugin v27.2 - https:\/\/yoast.com\/product\/yoast-seo-wordpress\/ -->\n<title>Merkley Applauds Recovery Money For Head Start Programs - Merkley<\/title>\n<meta name=\"robots\" content=\"index, follow, max-snippet:-1, max-image-preview:large, max-video-preview:-1\" \/>\n<link rel=\"canonical\" href=\"https:\/\/www.merkley.senate.gov\/es\/merkley-applauds-recovery-money-for-head-start-programs\/\" \/>\n<meta property=\"og:locale\" content=\"es_MX\" \/>\n<meta property=\"og:type\" content=\"article\" \/>\n<meta property=\"og:title\" content=\"Merkley Applauds Recovery Money For Head Start Programs - Merkley\" \/>\n<meta property=\"og:description\" content=\"Washington, D.C. &ndash; Oregon&rsquo;s Senator Jeff Merkley applauded the nearly $1 million in American Recovery and Reinvestment Act funds heading to Head Start programs throughout Oregon. The funds will help programs in a variety of ways including retaining and recruiting teachers, enhancing facilities and hiring support staff. &ldquo;The foundation for success in school and in [&hellip;]\" \/>\n<meta property=\"og:url\" content=\"https:\/\/www.merkley.senate.gov\/es\/merkley-applauds-recovery-money-for-head-start-programs\/\" \/>\n<meta property=\"og:site_name\" content=\"Merkley\" \/>\n<meta property=\"article:published_time\" content=\"2009-06-16T16:25:00+00:00\" \/>\n<meta property=\"article:modified_time\" content=\"2023-07-24T15:11:45+00:00\" \/>\n<meta name=\"twitter:card\" content=\"summary_large_image\" \/>\n<meta name=\"twitter:label1\" content=\"Written by\" \/>\n\t<meta name=\"twitter:data1\" content=\"\" \/>\n\t<meta name=\"twitter:label2\" content=\"Est. reading time\" \/>\n\t<meta name=\"twitter:data2\" content=\"1 minute\" \/>\n<script type=\"application\/ld+json\" class=\"yoast-schema-graph\">{\"@context\":\"https:\/\/schema.org\",\"@graph\":[{\"@type\":\"Article\",\"@id\":\"https:\/\/www.merkley.senate.gov\/merkley-applauds-recovery-money-for-head-start-programs\/#article\",\"isPartOf\":{\"@id\":\"https:\/\/www.merkley.senate.gov\/merkley-applauds-recovery-money-for-head-start-programs\/\"},\"author\":{\"name\":\"\",\"@id\":\"\"},\"headline\":\"Merkley Applauds Recovery Money For Head Start Programs\",\"datePublished\":\"2009-06-16T16:25:00+00:00\",\"dateModified\":\"2023-07-24T15:11:45+00:00\",\"mainEntityOfPage\":{\"@id\":\"https:\/\/www.merkley.senate.gov\/merkley-applauds-recovery-money-for-head-start-programs\/\"},\"wordCount\":242,\"keywords\":[\"Education\"],\"articleSection\":[\"Press Releases\"],\"inLanguage\":\"es-MX\"},{\"@type\":\"WebPage\",\"@id\":\"https:\/\/www.merkley.senate.gov\/merkley-applauds-recovery-money-for-head-start-programs\/\",\"url\":\"https:\/\/www.merkley.senate.gov\/merkley-applauds-recovery-money-for-head-start-programs\/\",\"name\":\"Merkley Applauds Recovery Money For Head Start Programs - Merkley\",\"isPartOf\":{\"@id\":\"https:\/\/www.merkley.senate.gov\/#website\"},\"datePublished\":\"2009-06-16T16:25:00+00:00\",\"dateModified\":\"2023-07-24T15:11:45+00:00\",\"author\":{\"@id\":\"\"},\"breadcrumb\":{\"@id\":\"https:\/\/www.merkley.senate.gov\/merkley-applauds-recovery-money-for-head-start-programs\/#breadcrumb\"},\"inLanguage\":\"es-MX\",\"potentialAction\":[{\"@type\":\"ReadAction\",\"target\":[\"https:\/\/www.merkley.senate.gov\/merkley-applauds-recovery-money-for-head-start-programs\/\"]}]},{\"@type\":\"BreadcrumbList\",\"@id\":\"https:\/\/www.merkley.senate.gov\/merkley-applauds-recovery-money-for-head-start-programs\/#breadcrumb\",\"itemListElement\":[{\"@type\":\"ListItem\",\"position\":1,\"name\":\"Home\",\"item\":\"https:\/\/www.merkley.senate.gov\/\"},{\"@type\":\"ListItem\",\"position\":2,\"name\":\"Merkley Applauds Recovery Money For Head Start Programs\"}]},{\"@type\":\"WebSite\",\"@id\":\"https:\/\/www.merkley.senate.gov\/#website\",\"url\":\"https:\/\/www.merkley.senate.gov\/\",\"name\":\"Merkley\",\"description\":\"Merkley\",\"potentialAction\":[{\"@type\":\"SearchAction\",\"target\":{\"@type\":\"EntryPoint\",\"urlTemplate\":\"https:\/\/www.merkley.senate.gov\/?s={search_term_string}\"},\"query-input\":{\"@type\":\"PropertyValueSpecification\",\"valueRequired\":true,\"valueName\":\"search_term_string\"}}],\"inLanguage\":\"es-MX\"},{\"@type\":\"Person\",\"@id\":\"\",\"url\":\"https:\/\/www.merkley.senate.gov\/es\/author\/\"}]}<\/script>\n<!-- \/ Yoast SEO plugin. -->","yoast_head_json":{"title":"Merkley Applauds Recovery Money For Head Start Programs - Merkley","robots":{"index":"index","follow":"follow","max-snippet":"max-snippet:-1","max-image-preview":"max-image-preview:large","max-video-preview":"max-video-preview:-1"},"canonical":"https:\/\/www.merkley.senate.gov\/es\/merkley-applauds-recovery-money-for-head-start-programs\/","og_locale":"es_MX","og_type":"article","og_title":"Merkley Applauds Recovery Money For Head Start Programs - Merkley","og_description":"Washington, D.C. &ndash; Oregon&rsquo;s Senator Jeff Merkley applauded the nearly $1 million in American Recovery and Reinvestment Act funds heading to Head Start programs throughout Oregon. The funds will help programs in a variety of ways including retaining and recruiting teachers, enhancing facilities and hiring support staff. &ldquo;The foundation for success in school and in [&hellip;]","og_url":"https:\/\/www.merkley.senate.gov\/es\/merkley-applauds-recovery-money-for-head-start-programs\/","og_site_name":"Merkley","article_published_time":"2009-06-16T16:25:00+00:00","article_modified_time":"2023-07-24T15:11:45+00:00","twitter_card":"summary_large_image","twitter_misc":{"Written by":"","Est. reading time":"1 minute"},"schema":{"@context":"https:\/\/schema.org","@graph":[{"@type":"Article","@id":"https:\/\/www.merkley.senate.gov\/merkley-applauds-recovery-money-for-head-start-programs\/#article","isPartOf":{"@id":"https:\/\/www.merkley.senate.gov\/merkley-applauds-recovery-money-for-head-start-programs\/"},"author":{"name":"","@id":""},"headline":"Merkley Applauds Recovery Money For Head Start Programs","datePublished":"2009-06-16T16:25:00+00:00","dateModified":"2023-07-24T15:11:45+00:00","mainEntityOfPage":{"@id":"https:\/\/www.merkley.senate.gov\/merkley-applauds-recovery-money-for-head-start-programs\/"},"wordCount":242,"keywords":["Education"],"articleSection":["Press Releases"],"inLanguage":"es-MX"},{"@type":"WebPage","@id":"https:\/\/www.merkley.senate.gov\/merkley-applauds-recovery-money-for-head-start-programs\/","url":"https:\/\/www.merkley.senate.gov\/merkley-applauds-recovery-money-for-head-start-programs\/","name":"Merkley Applauds Recovery Money For Head Start Programs - Merkley","isPartOf":{"@id":"https:\/\/www.merkley.senate.gov\/#website"},"datePublished":"2009-06-16T16:25:00+00:00","dateModified":"2023-07-24T15:11:45+00:00","author":{"@id":""},"breadcrumb":{"@id":"https:\/\/www.merkley.senate.gov\/merkley-applauds-recovery-money-for-head-start-programs\/#breadcrumb"},"inLanguage":"es-MX","potentialAction":[{"@type":"ReadAction","target":["https:\/\/www.merkley.senate.gov\/merkley-applauds-recovery-money-for-head-start-programs\/"]}]},{"@type":"BreadcrumbList","@id":"https:\/\/www.merkley.senate.gov\/merkley-applauds-recovery-money-for-head-start-programs\/#breadcrumb","itemListElement":[{"@type":"ListItem","position":1,"name":"Home","item":"https:\/\/www.merkley.senate.gov\/"},{"@type":"ListItem","position":2,"name":"Merkley Applauds Recovery Money For Head Start Programs"}]},{"@type":"WebSite","@id":"https:\/\/www.merkley.senate.gov\/#website","url":"https:\/\/www.merkley.senate.gov\/","name":"merkley","description":"merkley","potentialAction":[{"@type":"SearchAction","target":{"@type":"EntryPoint","urlTemplate":"https:\/\/www.merkley.senate.gov\/?s={search_term_string}"},"query-input":{"@type":"PropertyValueSpecification","valueRequired":true,"valueName":"search_term_string"}}],"inLanguage":"es-MX"},{"@type":"Person","@id":"","url":"https:\/\/www.merkley.senate.gov\/es\/author\/"}]}},"_links":{"self":[{"href":"https:\/\/www.merkley.senate.gov\/es\/wp-json\/wp\/v2\/posts\/7095","targetHints":{"allow":["GET"]}}],"collection":[{"href":"https:\/\/www.merkley.senate.gov\/es\/wp-json\/wp\/v2\/posts"}],"about":[{"href":"https:\/\/www.merkley.senate.gov\/es\/wp-json\/wp\/v2\/types\/post"}],"author":[{"embeddable":true,"href":"https:\/\/www.merkley.senate.gov\/es\/wp-json\/wp\/v2\/users\/2"}],"replies":[{"embeddable":true,"href":"https:\/\/www.merkley.senate.gov\/es\/wp-json\/wp\/v2\/comments?post=7095"}],"version-history":[{"count":1,"href":"https:\/\/www.merkley.senate.gov\/es\/wp-json\/wp\/v2\/posts\/7095\/revisions"}],"predecessor-version":[{"id":16471,"href":"https:\/\/www.merkley.senate.gov\/es\/wp-json\/wp\/v2\/posts\/7095\/revisions\/16471"}],"wp:attachment":[{"href":"https:\/\/www.merkley.senate.gov\/es\/wp-json\/wp\/v2\/media?parent=7095"}],"wp:term":[{"taxonomy":"category","embeddable":true,"href":"https:\/\/www.merkley.senate.gov\/es\/wp-json\/wp\/v2\/categories?post=7095"},{"taxonomy":"post_tag","embeddable":true,"href":"https:\/\/www.merkley.senate.gov\/es\/wp-json\/wp\/v2\/tags?post=7095"}],"curies":[{"name":"wp","href":"https:\/\/api.w.org\/{rel}","templated":true}]}}