{"id":7137,"date":"2009-05-15T12:13:00","date_gmt":"2009-05-15T16:13:00","guid":{"rendered":"https:\/\/www.merkley.senate.gov\/merkley-to-hold-southern-oregon-town-halls\/"},"modified":"2023-07-24T11:11:48","modified_gmt":"2023-07-24T15:11:48","slug":"merkley-to-hold-southern-oregon-town-halls","status":"publish","type":"post","link":"https:\/\/www.merkley.senate.gov\/es\/merkley-to-hold-southern-oregon-town-halls\/","title":{"rendered":"Merkley realizar\u00e1 asambleas p\u00fablicas en el sur de Oreg\u00f3n"},"content":{"rendered":"<p class=\"MsoNormal\"><strong>P\u00f3rtland<\/strong> \u2013 El senador de Oreg\u00f3n Jeff Merkley sostendr\u00e1<br \/>\nayuntamientos en los condados de Coos, Curry, Jackson, Josephine y Klamath a fines de mayo.<\/p>\n<p class=\"MsoNormal\">Actualizar\u00e1 a los electores sobre su trabajo en Washington, DC<br \/>\ny responda sus preguntas sobre los desaf\u00edos que enfrentan Oreg\u00f3n y Estados Unidos.<\/p>\n<blockquote>\n<p class=\"MsoNormal\"><span style=\"font-size: small;\">\u201cAbogar por los habitantes de Oreg\u00f3n es mi responsabilidad n\u00famero uno\u201d,<br \/>\ndijo Merkley. \u201cInvito a todos los residentes del sur de Oreg\u00f3n a reunirse conmigo y discutir<br \/>\nlo que tenemos que hacer para que nuestra naci\u00f3n vuelva a encarrilarse\u201d.<\/span><\/p>\n<\/blockquote>\n<p class=\"MsoNormal\">El a\u00f1o pasado, Merkley se comprometi\u00f3 a celebrar asambleas p\u00fablicas en cada uno de<br \/>\nlos 36 condados de Oreg\u00f3n cada a\u00f1o. Celebr\u00f3 su primer ayuntamiento en su<br \/>\ncondado nativo, condado de Douglas. Klamath, Jackson, Josephine, Coos y<br \/>\nLos condados de Curry ser\u00e1n su d\u00e9cimo, und\u00e9cimo, duod\u00e9cimo, decimotercero y decimocuarto<br \/>\nayuntamientos.<\/p>\n<p class=\"MsoNormal\">Qu\u00e9:<\/p>\n<p class=\"MsoNormal\">El senador de Oreg\u00f3n, Jeff Merkley, celebra un ayuntamiento en Klamath<br \/>\nCondado.<\/p>\n<p class=\"MsoNormal\">Cuando:<\/p>\n<p class=\"MsoNormal\">martes, 26 de mayo de 2009<\/p>\n<p class=\"MsoNormal\">10:00 a.m<\/p>\n<p class=\"MsoNormal\">D\u00f3nde:<\/p>\n<p class=\"MsoNormal\">Auditorio de la Uni\u00f3n Universitaria de la OIT<br \/> 3201 Campus Drive<br \/> &nbsp;Klamath Falls, Oreg\u00f3n 97601<\/p>\n<p class=\"MsoNormal\">Qu\u00e9:<\/p>\n<p class=\"MsoNormal\">El senador de Oreg\u00f3n Jeff Merkley celebra un ayuntamiento en Jackson<br \/>\nCondado.<\/p>\n<p class=\"MsoNormal\">Cuando:<\/p>\n<p class=\"MsoNormal\">martes, 26 de mayo de 2009<\/p>\n<p class=\"MsoNormal\">14:30<\/p>\n<p class=\"MsoNormal\">D\u00f3nde:<\/p>\n<p class=\"MsoNormal\">Universidad del Sur de Oreg\u00f3n\/Colegio Superior Rogue Community<br \/>\nCentro educativo<br \/> 101 S. Calle Bartlett<br \/> Medford, Oreg\u00f3n 97501<\/p>\n<p class=\"MsoNormal\">Qu\u00e9:<\/p>\n<p class=\"MsoNormal\">El senador de Oreg\u00f3n, Jeff Merkley, celebra un ayuntamiento en Josephine<br \/>\nCondado.<\/p>\n<p class=\"MsoNormal\">Cuando:<\/p>\n<p class=\"MsoNormal\">mi\u00e9rcoles, 27 de mayo de 2009<\/p>\n<p class=\"MsoNormal\">13:00<\/p>\n<p class=\"MsoNormal\">D\u00f3nde:<\/p>\n<p class=\"MsoNormal\">Auditorio Anne Basker<br \/> 604 NW Calle 6<br \/> Pase de subvenciones, OR 97526<\/p>\n<p class=\"MsoNormal\">Qu\u00e9:<\/p>\n<p class=\"MsoNormal\">El senador de Oreg\u00f3n Jeff Merkley celebra el ayuntamiento en Coos<br \/>\nCondado.<\/p>\n<p class=\"MsoNormal\">Cuando:<\/p>\n<p class=\"MsoNormal\">jueves, 28 de mayo de 2009<\/p>\n<p class=\"MsoNormal\">09:30 am<\/p>\n<p class=\"MsoNormal\">D\u00f3nde:<\/p>\n<p class=\"MsoNormal\">Biblioteca p\u00fablica de la bah\u00eda de Coos<br \/> 525 oeste de la calle Anderson<br \/> Coos Bay, Oreg\u00f3n 97420<\/p>\n<p class=\"MsoNormal\">Qu\u00e9:<\/p>\n<p class=\"MsoNormal\">El senador de Oreg\u00f3n, Jeff Merkley, celebra un ayuntamiento en Curry<br \/>\nCondado.<\/p>\n<p class=\"MsoNormal\">Cuando:<\/p>\n<p class=\"MsoNormal\">jueves, 28 de mayo de 2009<\/p>\n<p class=\"MsoNormal\">14:30<\/p>\n<p class=\"MsoNormal\">D\u00f3nde:<\/p>\n<p class=\"MsoNormal\">Ayuntamiento de Gold Beach, C\u00e1maras del Consejo<br \/> 29592 Avenida Ellensburg<br \/> Playa Dorada, OR 97444<\/p>","protected":false},"excerpt":{"rendered":"<p>Portland &ndash; Oregon&rsquo;s Senator Jeff Merkley will hold town halls in Coos, Curry, Jackson, Josephine and Klamath counties in late May. He will update constituents on his work in Washington, DC and answer their questions about the challenges facing Oregon and America. &ldquo;Advocating for Oregonians is my number one responsibility,&rdquo; Merkley said. &ldquo;I invite all [&hellip;]<\/p>\n","protected":false},"author":2,"featured_media":0,"comment_status":"closed","ping_status":"closed","sticky":false,"template":"","format":"standard","meta":{"_acf_changed":false,"inline_featured_image":false,"footnotes":""},"categories":[24],"tags":[],"class_list":["post-7137","post","type-post","status-publish","format-standard","hentry","category-press-releases"],"acf":[],"yoast_head":"<!-- This site is optimized with the Yoast SEO plugin v27.2 - https:\/\/yoast.com\/product\/yoast-seo-wordpress\/ -->\n<title>Merkley to Hold Southern Oregon Town Halls - Merkley<\/title>\n<meta name=\"robots\" content=\"index, follow, max-snippet:-1, max-image-preview:large, max-video-preview:-1\" \/>\n<link rel=\"canonical\" href=\"https:\/\/www.merkley.senate.gov\/es\/merkley-to-hold-southern-oregon-town-halls\/\" \/>\n<meta property=\"og:locale\" content=\"es_MX\" \/>\n<meta property=\"og:type\" content=\"article\" \/>\n<meta property=\"og:title\" content=\"Merkley to Hold Southern Oregon Town Halls - Merkley\" \/>\n<meta property=\"og:description\" content=\"Portland &ndash; Oregon&rsquo;s Senator Jeff Merkley will hold town halls in Coos, Curry, Jackson, Josephine and Klamath counties in late May. He will update constituents on his work in Washington, DC and answer their questions about the challenges facing Oregon and America. &ldquo;Advocating for Oregonians is my number one responsibility,&rdquo; Merkley said. &ldquo;I invite all [&hellip;]\" \/>\n<meta property=\"og:url\" content=\"https:\/\/www.merkley.senate.gov\/es\/merkley-to-hold-southern-oregon-town-halls\/\" \/>\n<meta property=\"og:site_name\" content=\"Merkley\" \/>\n<meta property=\"article:published_time\" content=\"2009-05-15T16:13:00+00:00\" \/>\n<meta property=\"article:modified_time\" content=\"2023-07-24T15:11:48+00:00\" \/>\n<meta name=\"twitter:card\" content=\"summary_large_image\" \/>\n<meta name=\"twitter:label1\" content=\"Written by\" \/>\n\t<meta name=\"twitter:data1\" content=\"\" \/>\n\t<meta name=\"twitter:label2\" content=\"Est. reading time\" \/>\n\t<meta name=\"twitter:data2\" content=\"1 minute\" \/>\n<script type=\"application\/ld+json\" class=\"yoast-schema-graph\">{\"@context\":\"https:\/\/schema.org\",\"@graph\":[{\"@type\":\"Article\",\"@id\":\"https:\/\/www.merkley.senate.gov\/merkley-to-hold-southern-oregon-town-halls\/#article\",\"isPartOf\":{\"@id\":\"https:\/\/www.merkley.senate.gov\/merkley-to-hold-southern-oregon-town-halls\/\"},\"author\":{\"name\":\"\",\"@id\":\"\"},\"headline\":\"Merkley to Hold Southern Oregon Town Halls\",\"datePublished\":\"2009-05-15T16:13:00+00:00\",\"dateModified\":\"2023-07-24T15:11:48+00:00\",\"mainEntityOfPage\":{\"@id\":\"https:\/\/www.merkley.senate.gov\/merkley-to-hold-southern-oregon-town-halls\/\"},\"wordCount\":288,\"articleSection\":[\"Press Releases\"],\"inLanguage\":\"es-MX\"},{\"@type\":\"WebPage\",\"@id\":\"https:\/\/www.merkley.senate.gov\/merkley-to-hold-southern-oregon-town-halls\/\",\"url\":\"https:\/\/www.merkley.senate.gov\/merkley-to-hold-southern-oregon-town-halls\/\",\"name\":\"Merkley to Hold Southern Oregon Town Halls - Merkley\",\"isPartOf\":{\"@id\":\"https:\/\/www.merkley.senate.gov\/#website\"},\"datePublished\":\"2009-05-15T16:13:00+00:00\",\"dateModified\":\"2023-07-24T15:11:48+00:00\",\"author\":{\"@id\":\"\"},\"breadcrumb\":{\"@id\":\"https:\/\/www.merkley.senate.gov\/merkley-to-hold-southern-oregon-town-halls\/#breadcrumb\"},\"inLanguage\":\"es-MX\",\"potentialAction\":[{\"@type\":\"ReadAction\",\"target\":[\"https:\/\/www.merkley.senate.gov\/merkley-to-hold-southern-oregon-town-halls\/\"]}]},{\"@type\":\"BreadcrumbList\",\"@id\":\"https:\/\/www.merkley.senate.gov\/merkley-to-hold-southern-oregon-town-halls\/#breadcrumb\",\"itemListElement\":[{\"@type\":\"ListItem\",\"position\":1,\"name\":\"Home\",\"item\":\"https:\/\/www.merkley.senate.gov\/\"},{\"@type\":\"ListItem\",\"position\":2,\"name\":\"Merkley to Hold Southern Oregon Town Halls\"}]},{\"@type\":\"WebSite\",\"@id\":\"https:\/\/www.merkley.senate.gov\/#website\",\"url\":\"https:\/\/www.merkley.senate.gov\/\",\"name\":\"Merkley\",\"description\":\"Merkley\",\"potentialAction\":[{\"@type\":\"SearchAction\",\"target\":{\"@type\":\"EntryPoint\",\"urlTemplate\":\"https:\/\/www.merkley.senate.gov\/?s={search_term_string}\"},\"query-input\":{\"@type\":\"PropertyValueSpecification\",\"valueRequired\":true,\"valueName\":\"search_term_string\"}}],\"inLanguage\":\"es-MX\"},{\"@type\":\"Person\",\"@id\":\"\",\"url\":\"https:\/\/www.merkley.senate.gov\/es\/author\/\"}]}<\/script>\n<!-- \/ Yoast SEO plugin. -->","yoast_head_json":{"title":"Merkley to Hold Southern Oregon Town Halls - Merkley","robots":{"index":"index","follow":"follow","max-snippet":"max-snippet:-1","max-image-preview":"max-image-preview:large","max-video-preview":"max-video-preview:-1"},"canonical":"https:\/\/www.merkley.senate.gov\/es\/merkley-to-hold-southern-oregon-town-halls\/","og_locale":"es_MX","og_type":"article","og_title":"Merkley to Hold Southern Oregon Town Halls - Merkley","og_description":"Portland &ndash; Oregon&rsquo;s Senator Jeff Merkley will hold town halls in Coos, Curry, Jackson, Josephine and Klamath counties in late May. He will update constituents on his work in Washington, DC and answer their questions about the challenges facing Oregon and America. &ldquo;Advocating for Oregonians is my number one responsibility,&rdquo; Merkley said. &ldquo;I invite all [&hellip;]","og_url":"https:\/\/www.merkley.senate.gov\/es\/merkley-to-hold-southern-oregon-town-halls\/","og_site_name":"Merkley","article_published_time":"2009-05-15T16:13:00+00:00","article_modified_time":"2023-07-24T15:11:48+00:00","twitter_card":"summary_large_image","twitter_misc":{"Written by":"","Est. reading time":"1 minute"},"schema":{"@context":"https:\/\/schema.org","@graph":[{"@type":"Article","@id":"https:\/\/www.merkley.senate.gov\/merkley-to-hold-southern-oregon-town-halls\/#article","isPartOf":{"@id":"https:\/\/www.merkley.senate.gov\/merkley-to-hold-southern-oregon-town-halls\/"},"author":{"name":"","@id":""},"headline":"Merkley to Hold Southern Oregon Town Halls","datePublished":"2009-05-15T16:13:00+00:00","dateModified":"2023-07-24T15:11:48+00:00","mainEntityOfPage":{"@id":"https:\/\/www.merkley.senate.gov\/merkley-to-hold-southern-oregon-town-halls\/"},"wordCount":288,"articleSection":["Press Releases"],"inLanguage":"es-MX"},{"@type":"WebPage","@id":"https:\/\/www.merkley.senate.gov\/merkley-to-hold-southern-oregon-town-halls\/","url":"https:\/\/www.merkley.senate.gov\/merkley-to-hold-southern-oregon-town-halls\/","name":"Merkley to Hold Southern Oregon Town Halls - Merkley","isPartOf":{"@id":"https:\/\/www.merkley.senate.gov\/#website"},"datePublished":"2009-05-15T16:13:00+00:00","dateModified":"2023-07-24T15:11:48+00:00","author":{"@id":""},"breadcrumb":{"@id":"https:\/\/www.merkley.senate.gov\/merkley-to-hold-southern-oregon-town-halls\/#breadcrumb"},"inLanguage":"es-MX","potentialAction":[{"@type":"ReadAction","target":["https:\/\/www.merkley.senate.gov\/merkley-to-hold-southern-oregon-town-halls\/"]}]},{"@type":"BreadcrumbList","@id":"https:\/\/www.merkley.senate.gov\/merkley-to-hold-southern-oregon-town-halls\/#breadcrumb","itemListElement":[{"@type":"ListItem","position":1,"name":"Home","item":"https:\/\/www.merkley.senate.gov\/"},{"@type":"ListItem","position":2,"name":"Merkley to Hold Southern Oregon Town Halls"}]},{"@type":"WebSite","@id":"https:\/\/www.merkley.senate.gov\/#website","url":"https:\/\/www.merkley.senate.gov\/","name":"merkley","description":"merkley","potentialAction":[{"@type":"SearchAction","target":{"@type":"EntryPoint","urlTemplate":"https:\/\/www.merkley.senate.gov\/?s={search_term_string}"},"query-input":{"@type":"PropertyValueSpecification","valueRequired":true,"valueName":"search_term_string"}}],"inLanguage":"es-MX"},{"@type":"Person","@id":"","url":"https:\/\/www.merkley.senate.gov\/es\/author\/"}]}},"_links":{"self":[{"href":"https:\/\/www.merkley.senate.gov\/es\/wp-json\/wp\/v2\/posts\/7137","targetHints":{"allow":["GET"]}}],"collection":[{"href":"https:\/\/www.merkley.senate.gov\/es\/wp-json\/wp\/v2\/posts"}],"about":[{"href":"https:\/\/www.merkley.senate.gov\/es\/wp-json\/wp\/v2\/types\/post"}],"author":[{"embeddable":true,"href":"https:\/\/www.merkley.senate.gov\/es\/wp-json\/wp\/v2\/users\/2"}],"replies":[{"embeddable":true,"href":"https:\/\/www.merkley.senate.gov\/es\/wp-json\/wp\/v2\/comments?post=7137"}],"version-history":[{"count":1,"href":"https:\/\/www.merkley.senate.gov\/es\/wp-json\/wp\/v2\/posts\/7137\/revisions"}],"predecessor-version":[{"id":16513,"href":"https:\/\/www.merkley.senate.gov\/es\/wp-json\/wp\/v2\/posts\/7137\/revisions\/16513"}],"wp:attachment":[{"href":"https:\/\/www.merkley.senate.gov\/es\/wp-json\/wp\/v2\/media?parent=7137"}],"wp:term":[{"taxonomy":"category","embeddable":true,"href":"https:\/\/www.merkley.senate.gov\/es\/wp-json\/wp\/v2\/categories?post=7137"},{"taxonomy":"post_tag","embeddable":true,"href":"https:\/\/www.merkley.senate.gov\/es\/wp-json\/wp\/v2\/tags?post=7137"}],"curies":[{"name":"wp","href":"https:\/\/api.w.org\/{rel}","templated":true}]}}