{"id":7153,"date":"2009-04-30T12:25:00","date_gmt":"2009-04-30T16:25:00","guid":{"rendered":"https:\/\/www.merkley.senate.gov\/senator-merkley-addresses-first-potential-h1n1-flu-virus-case-in-oregon\/"},"modified":"2023-07-24T11:11:49","modified_gmt":"2023-07-24T15:11:49","slug":"senator-merkley-addresses-first-potential-h1n1-flu-virus-case-in-oregon","status":"publish","type":"post","link":"https:\/\/www.merkley.senate.gov\/es\/senator-merkley-addresses-first-potential-h1n1-flu-virus-case-in-oregon\/","title":{"rendered":"El Senador Merkley Aborda El Primer Caso Potencial Del Virus De La Gripe H1N1 En Oreg\u00f3n"},"content":{"rendered":"<p><span style=\"font-size: small;\">Washington, DC - Oreg\u00f3n<br \/>\nEl Senador Jeff Merkley hizo la siguiente declaraci\u00f3n con respecto a la Oregon<br \/>\nIdentificaci\u00f3n del Departamento de Salud P\u00fablica de una posible gripe H1N1<br \/>\ncaso en Oreg\u00f3n:<\/span><\/p>\n<blockquote><p><span style=\"font-size: small;\">\u201cHoy, los funcionarios estatales anunciaron el primer caso potencial de la<br \/>\nVirus H1N1, com\u00fanmente conocido como gripe porcina, en Oreg\u00f3n. he estado de cerca<br \/>\nmonitoreando la situaci\u00f3n en los \u00faltimos d\u00edas. he hablado en publico<br \/>\nexpertos en salud y estado en contacto con funcionarios del Departamento<br \/>\nde Salud y Servicios Humanos y el Centro para el Control de Enfermedades.<\/span><\/p><\/blockquote>\n<blockquote><p><span style=\"font-size: small;\">\u201cInsto a los habitantes de Oreg\u00f3n a que tomen precauciones para evitar la propagaci\u00f3n del virus.<\/p>\n<p>Los medios de prevenci\u00f3n m\u00e1s eficaces son los que practicamos cada<br \/>\nd\u00eda para mantenerse saludable: lavarse las manos, cubrirse la boca si<br \/>\ntos y quedarse en casa si est\u00e1 enfermo.<\/span><\/p><\/blockquote>\n<blockquote><p><span style=\"font-size: small;\">\u201cContinuar\u00e9 monitoreando la situaci\u00f3n a medida que se desarrolle en Oreg\u00f3n.<\/span><\/p><\/blockquote>\n<blockquote><p><span style=\"font-size: small;\">Visite los siguientes recursos para obtener informaci\u00f3n actualizada sobre el H1N1<br \/>\nvirus de la gripe:<\/span><\/p><\/blockquote>\n<p><span style=\"font-size: small;\">Centro para el Control de Enfermedades - Informaci\u00f3n general sobre la gripe porcina<br \/><a href=\"http:\/\/www.cdc.gov\/swineflu\/general_info.htm\" target=\"_blank\" rel=\"noopener\">http:\/\/www.cdc.gov\/swineflu\/general_info.htm<\/a><\/span><\/p>\n<p><span style=\"font-size: small;\">Que puedes hacer para protegerte?  <a href=\"http:\/\/www.who.int\/csr\/disease\/swineflu\/faq_prevention\/en\/index.html\" target=\"_blank\" rel=\"noopener\">http:\/\/www.who.int\/csr\/disease\/swineflu\/faq_prevention\/en\/index.html<\/a><\/span><\/p>","protected":false},"excerpt":{"rendered":"<p>Washington, DC &ndash; Oregon&rsquo;s Senator Jeff Merkley made the following statement regarding the Oregon Public Health Department&rsquo;s identification of a potential H1N1 flu case in Oregon: &#8220;Today, state officials announced the first potential case of the H1N1 virus, commonly known as swine flu, in Oregon. I have been closely monitoring the situation over the last [&hellip;]<\/p>\n","protected":false},"author":2,"featured_media":0,"comment_status":"closed","ping_status":"closed","sticky":false,"template":"","format":"standard","meta":{"_acf_changed":false,"inline_featured_image":false,"footnotes":""},"categories":[24],"tags":[37],"class_list":["post-7153","post","type-post","status-publish","format-standard","hentry","category-press-releases","tag-health-care"],"acf":[],"yoast_head":"<!-- This site is optimized with the Yoast SEO plugin v27.2 - https:\/\/yoast.com\/product\/yoast-seo-wordpress\/ -->\n<title>Senator Merkley Addresses First Potential H1N1 Flu Virus Case in Oregon - Merkley<\/title>\n<meta name=\"robots\" content=\"index, follow, max-snippet:-1, max-image-preview:large, max-video-preview:-1\" \/>\n<link rel=\"canonical\" href=\"https:\/\/www.merkley.senate.gov\/es\/senator-merkley-addresses-first-potential-h1n1-flu-virus-case-in-oregon\/\" \/>\n<meta property=\"og:locale\" content=\"es_MX\" \/>\n<meta property=\"og:type\" content=\"article\" \/>\n<meta property=\"og:title\" content=\"Senator Merkley Addresses First Potential H1N1 Flu Virus Case in Oregon - Merkley\" \/>\n<meta property=\"og:description\" content=\"Washington, DC &ndash; Oregon&rsquo;s Senator Jeff Merkley made the following statement regarding the Oregon Public Health Department&rsquo;s identification of a potential H1N1 flu case in Oregon: &#8220;Today, state officials announced the first potential case of the H1N1 virus, commonly known as swine flu, in Oregon. I have been closely monitoring the situation over the last [&hellip;]\" \/>\n<meta property=\"og:url\" content=\"https:\/\/www.merkley.senate.gov\/es\/senator-merkley-addresses-first-potential-h1n1-flu-virus-case-in-oregon\/\" \/>\n<meta property=\"og:site_name\" content=\"Merkley\" \/>\n<meta property=\"article:published_time\" content=\"2009-04-30T16:25:00+00:00\" \/>\n<meta property=\"article:modified_time\" content=\"2023-07-24T15:11:49+00:00\" \/>\n<meta name=\"twitter:card\" content=\"summary_large_image\" \/>\n<meta name=\"twitter:label1\" content=\"Written by\" \/>\n\t<meta name=\"twitter:data1\" content=\"\" \/>\n\t<meta name=\"twitter:label2\" content=\"Est. reading time\" \/>\n\t<meta name=\"twitter:data2\" content=\"1 minute\" \/>\n<script type=\"application\/ld+json\" class=\"yoast-schema-graph\">{\"@context\":\"https:\/\/schema.org\",\"@graph\":[{\"@type\":\"Article\",\"@id\":\"https:\/\/www.merkley.senate.gov\/senator-merkley-addresses-first-potential-h1n1-flu-virus-case-in-oregon\/#article\",\"isPartOf\":{\"@id\":\"https:\/\/www.merkley.senate.gov\/senator-merkley-addresses-first-potential-h1n1-flu-virus-case-in-oregon\/\"},\"author\":{\"name\":\"\",\"@id\":\"\"},\"headline\":\"Senator Merkley Addresses First Potential H1N1 Flu Virus Case in Oregon\",\"datePublished\":\"2009-04-30T16:25:00+00:00\",\"dateModified\":\"2023-07-24T15:11:49+00:00\",\"mainEntityOfPage\":{\"@id\":\"https:\/\/www.merkley.senate.gov\/senator-merkley-addresses-first-potential-h1n1-flu-virus-case-in-oregon\/\"},\"wordCount\":209,\"keywords\":[\"Health Care\"],\"articleSection\":[\"Press Releases\"],\"inLanguage\":\"es-MX\"},{\"@type\":\"WebPage\",\"@id\":\"https:\/\/www.merkley.senate.gov\/senator-merkley-addresses-first-potential-h1n1-flu-virus-case-in-oregon\/\",\"url\":\"https:\/\/www.merkley.senate.gov\/senator-merkley-addresses-first-potential-h1n1-flu-virus-case-in-oregon\/\",\"name\":\"Senator Merkley Addresses First Potential H1N1 Flu Virus Case in Oregon - Merkley\",\"isPartOf\":{\"@id\":\"https:\/\/www.merkley.senate.gov\/#website\"},\"datePublished\":\"2009-04-30T16:25:00+00:00\",\"dateModified\":\"2023-07-24T15:11:49+00:00\",\"author\":{\"@id\":\"\"},\"breadcrumb\":{\"@id\":\"https:\/\/www.merkley.senate.gov\/senator-merkley-addresses-first-potential-h1n1-flu-virus-case-in-oregon\/#breadcrumb\"},\"inLanguage\":\"es-MX\",\"potentialAction\":[{\"@type\":\"ReadAction\",\"target\":[\"https:\/\/www.merkley.senate.gov\/senator-merkley-addresses-first-potential-h1n1-flu-virus-case-in-oregon\/\"]}]},{\"@type\":\"BreadcrumbList\",\"@id\":\"https:\/\/www.merkley.senate.gov\/senator-merkley-addresses-first-potential-h1n1-flu-virus-case-in-oregon\/#breadcrumb\",\"itemListElement\":[{\"@type\":\"ListItem\",\"position\":1,\"name\":\"Home\",\"item\":\"https:\/\/www.merkley.senate.gov\/\"},{\"@type\":\"ListItem\",\"position\":2,\"name\":\"Senator Merkley Addresses First Potential H1N1 Flu Virus Case in Oregon\"}]},{\"@type\":\"WebSite\",\"@id\":\"https:\/\/www.merkley.senate.gov\/#website\",\"url\":\"https:\/\/www.merkley.senate.gov\/\",\"name\":\"Merkley\",\"description\":\"Merkley\",\"potentialAction\":[{\"@type\":\"SearchAction\",\"target\":{\"@type\":\"EntryPoint\",\"urlTemplate\":\"https:\/\/www.merkley.senate.gov\/?s={search_term_string}\"},\"query-input\":{\"@type\":\"PropertyValueSpecification\",\"valueRequired\":true,\"valueName\":\"search_term_string\"}}],\"inLanguage\":\"es-MX\"},{\"@type\":\"Person\",\"@id\":\"\",\"url\":\"https:\/\/www.merkley.senate.gov\/es\/author\/\"}]}<\/script>\n<!-- \/ Yoast SEO plugin. -->","yoast_head_json":{"title":"Senator Merkley Addresses First Potential H1N1 Flu Virus Case in Oregon - Merkley","robots":{"index":"index","follow":"follow","max-snippet":"max-snippet:-1","max-image-preview":"max-image-preview:large","max-video-preview":"max-video-preview:-1"},"canonical":"https:\/\/www.merkley.senate.gov\/es\/senator-merkley-addresses-first-potential-h1n1-flu-virus-case-in-oregon\/","og_locale":"es_MX","og_type":"article","og_title":"Senator Merkley Addresses First Potential H1N1 Flu Virus Case in Oregon - Merkley","og_description":"Washington, DC &ndash; Oregon&rsquo;s Senator Jeff Merkley made the following statement regarding the Oregon Public Health Department&rsquo;s identification of a potential H1N1 flu case in Oregon: &#8220;Today, state officials announced the first potential case of the H1N1 virus, commonly known as swine flu, in Oregon. I have been closely monitoring the situation over the last [&hellip;]","og_url":"https:\/\/www.merkley.senate.gov\/es\/senator-merkley-addresses-first-potential-h1n1-flu-virus-case-in-oregon\/","og_site_name":"Merkley","article_published_time":"2009-04-30T16:25:00+00:00","article_modified_time":"2023-07-24T15:11:49+00:00","twitter_card":"summary_large_image","twitter_misc":{"Written by":"","Est. reading time":"1 minute"},"schema":{"@context":"https:\/\/schema.org","@graph":[{"@type":"Article","@id":"https:\/\/www.merkley.senate.gov\/senator-merkley-addresses-first-potential-h1n1-flu-virus-case-in-oregon\/#article","isPartOf":{"@id":"https:\/\/www.merkley.senate.gov\/senator-merkley-addresses-first-potential-h1n1-flu-virus-case-in-oregon\/"},"author":{"name":"","@id":""},"headline":"Senator Merkley Addresses First Potential H1N1 Flu Virus Case in Oregon","datePublished":"2009-04-30T16:25:00+00:00","dateModified":"2023-07-24T15:11:49+00:00","mainEntityOfPage":{"@id":"https:\/\/www.merkley.senate.gov\/senator-merkley-addresses-first-potential-h1n1-flu-virus-case-in-oregon\/"},"wordCount":209,"keywords":["Health Care"],"articleSection":["Press Releases"],"inLanguage":"es-MX"},{"@type":"WebPage","@id":"https:\/\/www.merkley.senate.gov\/senator-merkley-addresses-first-potential-h1n1-flu-virus-case-in-oregon\/","url":"https:\/\/www.merkley.senate.gov\/senator-merkley-addresses-first-potential-h1n1-flu-virus-case-in-oregon\/","name":"Senator Merkley Addresses First Potential H1N1 Flu Virus Case in Oregon - Merkley","isPartOf":{"@id":"https:\/\/www.merkley.senate.gov\/#website"},"datePublished":"2009-04-30T16:25:00+00:00","dateModified":"2023-07-24T15:11:49+00:00","author":{"@id":""},"breadcrumb":{"@id":"https:\/\/www.merkley.senate.gov\/senator-merkley-addresses-first-potential-h1n1-flu-virus-case-in-oregon\/#breadcrumb"},"inLanguage":"es-MX","potentialAction":[{"@type":"ReadAction","target":["https:\/\/www.merkley.senate.gov\/senator-merkley-addresses-first-potential-h1n1-flu-virus-case-in-oregon\/"]}]},{"@type":"BreadcrumbList","@id":"https:\/\/www.merkley.senate.gov\/senator-merkley-addresses-first-potential-h1n1-flu-virus-case-in-oregon\/#breadcrumb","itemListElement":[{"@type":"ListItem","position":1,"name":"Home","item":"https:\/\/www.merkley.senate.gov\/"},{"@type":"ListItem","position":2,"name":"Senator Merkley Addresses First Potential H1N1 Flu Virus Case in Oregon"}]},{"@type":"WebSite","@id":"https:\/\/www.merkley.senate.gov\/#website","url":"https:\/\/www.merkley.senate.gov\/","name":"merkley","description":"merkley","potentialAction":[{"@type":"SearchAction","target":{"@type":"EntryPoint","urlTemplate":"https:\/\/www.merkley.senate.gov\/?s={search_term_string}"},"query-input":{"@type":"PropertyValueSpecification","valueRequired":true,"valueName":"search_term_string"}}],"inLanguage":"es-MX"},{"@type":"Person","@id":"","url":"https:\/\/www.merkley.senate.gov\/es\/author\/"}]}},"_links":{"self":[{"href":"https:\/\/www.merkley.senate.gov\/es\/wp-json\/wp\/v2\/posts\/7153","targetHints":{"allow":["GET"]}}],"collection":[{"href":"https:\/\/www.merkley.senate.gov\/es\/wp-json\/wp\/v2\/posts"}],"about":[{"href":"https:\/\/www.merkley.senate.gov\/es\/wp-json\/wp\/v2\/types\/post"}],"author":[{"embeddable":true,"href":"https:\/\/www.merkley.senate.gov\/es\/wp-json\/wp\/v2\/users\/2"}],"replies":[{"embeddable":true,"href":"https:\/\/www.merkley.senate.gov\/es\/wp-json\/wp\/v2\/comments?post=7153"}],"version-history":[{"count":1,"href":"https:\/\/www.merkley.senate.gov\/es\/wp-json\/wp\/v2\/posts\/7153\/revisions"}],"predecessor-version":[{"id":16529,"href":"https:\/\/www.merkley.senate.gov\/es\/wp-json\/wp\/v2\/posts\/7153\/revisions\/16529"}],"wp:attachment":[{"href":"https:\/\/www.merkley.senate.gov\/es\/wp-json\/wp\/v2\/media?parent=7153"}],"wp:term":[{"taxonomy":"category","embeddable":true,"href":"https:\/\/www.merkley.senate.gov\/es\/wp-json\/wp\/v2\/categories?post=7153"},{"taxonomy":"post_tag","embeddable":true,"href":"https:\/\/www.merkley.senate.gov\/es\/wp-json\/wp\/v2\/tags?post=7153"}],"curies":[{"name":"wp","href":"https:\/\/api.w.org\/{rel}","templated":true}]}}