{"id":7184,"date":"2009-03-26T12:18:00","date_gmt":"2009-03-26T16:18:00","guid":{"rendered":"https:\/\/www.merkley.senate.gov\/senate-budget-committee-adopts-merkley-amendment-to-protect-public-lands\/"},"modified":"2023-07-24T11:11:51","modified_gmt":"2023-07-24T15:11:51","slug":"senate-budget-committee-adopts-merkley-amendment-to-protect-public-lands","status":"publish","type":"post","link":"https:\/\/www.merkley.senate.gov\/es\/senate-budget-committee-adopts-merkley-amendment-to-protect-public-lands\/","title":{"rendered":"El Comit\u00e9 de Presupuesto del Senado adopta la Enmienda Merkley para proteger las tierras p\u00fablicas"},"content":{"rendered":"<p class=\"MsoNormal\" style=\"margin: 0in 0in 0pt;\"><span style=\"font-size: small; font-family: Calibri;\"><strong>Washington DC<\/strong> \u2013 Una variedad de terrenos p\u00fablicos ser\u00e1n elegibles para protecci\u00f3n potencial bajo la resoluci\u00f3n del presupuesto del Senado, gracias a una enmienda del Senador de Oreg\u00f3n Jeff Merkley. Las medidas de protecci\u00f3n podr\u00edan incluir la restauraci\u00f3n de la salud forestal, la prevenci\u00f3n de incendios o los esfuerzos de conservaci\u00f3n.<\/span><\/p>\n<p class=\"MsoNormal\" style=\"margin: 0in 0in 0pt;\"><span style=\"font-size: small; font-family: Calibri;\">&nbsp;<\/span><\/p>\n<blockquote>\n<p class=\"MsoNormal\" style=\"margin: 0in 0in 0pt;\"><span style=\"font-size: small; font-family: Calibri;\">\u201cEsta misma semana, el Congreso aprob\u00f3 una legislaci\u00f3n que designar\u00e1 cientos de miles de nuevos acres de \u00e1reas silvestres y \u00e1reas recreativas, as\u00ed como r\u00edos salvajes y pintorescos en Oreg\u00f3n\u201d, dijo Merkley. \u201cEs importante que mientras sentamos las bases para la legislaci\u00f3n para fortalecer las protecciones para los parques nacionales, hagamos lo mismo para otras tierras p\u00fablicas en Oreg\u00f3n\u201d.<\/span><\/p>\n<\/blockquote>\n<p class=\"MsoNormal\" style=\"margin: 0in 0in 0pt;\"><span style=\"font-size: small; font-family: Calibri;\">&nbsp;<\/span><\/p>\n<p class=\"MsoNormal\" style=\"margin: 0in 0in 0pt;\"><span style=\"font-size: small; font-family: Calibri;\">La resoluci\u00f3n presupuestaria del Senado incluy\u00f3 un fondo de reserva para la protecci\u00f3n de los parques nacionales. Esto eliminar\u00eda los obst\u00e1culos procesales para considerar la legislaci\u00f3n futura, asegurando que no estar\u00eda sujeto a puntos de orden que requieran sesenta votos para ser superados.<\/span><\/p>\n<p class=\"MsoNormal\" style=\"margin: 0in 0in 0pt;\"><span style=\"font-size: small; font-family: Calibri;\">&nbsp;<\/span><\/p>\n<p class=\"MsoNormal\" style=\"margin: 0in 0in 0pt;\"><span style=\"font-size: small; font-family: Calibri;\">La enmienda de Merkley agrega otras protecciones de tierras p\u00fablicas para permitir la futura legislaci\u00f3n que proteja las \u00e1reas silvestres, los r\u00edos silvestres y esc\u00e9nicos u otras designaciones comunes en Oreg\u00f3n.<\/span><\/p>\n<p class=\"MsoNormal\" style=\"margin: 0in 0in 0pt;\"><span style=\"font-size: small; font-family: Calibri;\">&nbsp;<\/span><\/p>\n<p class=\"MsoNormal\" style=\"margin: 0in 0in 0pt;\"><span style=\"font-size: small; font-family: Calibri;\">Si bien Oreg\u00f3n actualmente tiene un parque nacional en Crater Lake, tiene docenas de otras \u00e1reas protegidas, como \u00e1reas silvestres y designaciones de r\u00edos salvajes y esc\u00e9nicos. La omisi\u00f3n de este tipo de \u00e1reas de la legislaci\u00f3n futura podr\u00eda obstaculizar los esfuerzos para mejorar las protecciones de algunas de las tierras p\u00fablicas m\u00e1s preciadas de Oreg\u00f3n.<\/span><\/p>","protected":false},"excerpt":{"rendered":"<p>Washington, DC &ndash; A range of public lands will be eligible for potential protection under the Senate budget resolution, thanks to an amendment by Oregon&rsquo;s Senator Jeff Merkley.&nbsp; Protective measures could include forest health restoration, fire prevention, or conservation efforts. &nbsp; &ldquo;Just this week, Congress approved legislation that will designate hundreds of thousands of new [&hellip;]<\/p>\n","protected":false},"author":2,"featured_media":0,"comment_status":"closed","ping_status":"closed","sticky":false,"template":"","format":"standard","meta":{"_acf_changed":false,"inline_featured_image":false,"footnotes":""},"categories":[24],"tags":[36],"class_list":["post-7184","post","type-post","status-publish","format-standard","hentry","category-press-releases","tag-natural-resources-and-rural-development"],"acf":[],"yoast_head":"<!-- This site is optimized with the Yoast SEO plugin v27.2 - https:\/\/yoast.com\/product\/yoast-seo-wordpress\/ -->\n<title>Senate Budget Committee Adopts Merkley Amendment to Protect Public Lands - Merkley<\/title>\n<meta name=\"robots\" content=\"index, follow, max-snippet:-1, max-image-preview:large, max-video-preview:-1\" \/>\n<link rel=\"canonical\" href=\"https:\/\/www.merkley.senate.gov\/es\/senate-budget-committee-adopts-merkley-amendment-to-protect-public-lands\/\" \/>\n<meta property=\"og:locale\" content=\"es_MX\" \/>\n<meta property=\"og:type\" content=\"article\" \/>\n<meta property=\"og:title\" content=\"Senate Budget Committee Adopts Merkley Amendment to Protect Public Lands - Merkley\" \/>\n<meta property=\"og:description\" content=\"Washington, DC &ndash; A range of public lands will be eligible for potential protection under the Senate budget resolution, thanks to an amendment by Oregon&rsquo;s Senator Jeff Merkley.&nbsp; Protective measures could include forest health restoration, fire prevention, or conservation efforts. &nbsp; &ldquo;Just this week, Congress approved legislation that will designate hundreds of thousands of new [&hellip;]\" \/>\n<meta property=\"og:url\" content=\"https:\/\/www.merkley.senate.gov\/es\/senate-budget-committee-adopts-merkley-amendment-to-protect-public-lands\/\" \/>\n<meta property=\"og:site_name\" content=\"Merkley\" \/>\n<meta property=\"article:published_time\" content=\"2009-03-26T16:18:00+00:00\" \/>\n<meta property=\"article:modified_time\" content=\"2023-07-24T15:11:51+00:00\" \/>\n<meta name=\"twitter:card\" content=\"summary_large_image\" \/>\n<meta name=\"twitter:label1\" content=\"Written by\" \/>\n\t<meta name=\"twitter:data1\" content=\"\" \/>\n\t<meta name=\"twitter:label2\" content=\"Est. reading time\" \/>\n\t<meta name=\"twitter:data2\" content=\"1 minute\" \/>\n<script type=\"application\/ld+json\" class=\"yoast-schema-graph\">{\"@context\":\"https:\/\/schema.org\",\"@graph\":[{\"@type\":\"Article\",\"@id\":\"https:\/\/www.merkley.senate.gov\/senate-budget-committee-adopts-merkley-amendment-to-protect-public-lands\/#article\",\"isPartOf\":{\"@id\":\"https:\/\/www.merkley.senate.gov\/senate-budget-committee-adopts-merkley-amendment-to-protect-public-lands\/\"},\"author\":{\"name\":\"\",\"@id\":\"\"},\"headline\":\"Senate Budget Committee Adopts Merkley Amendment to Protect Public Lands\",\"datePublished\":\"2009-03-26T16:18:00+00:00\",\"dateModified\":\"2023-07-24T15:11:51+00:00\",\"mainEntityOfPage\":{\"@id\":\"https:\/\/www.merkley.senate.gov\/senate-budget-committee-adopts-merkley-amendment-to-protect-public-lands\/\"},\"wordCount\":240,\"keywords\":[\"Natural Resources and Rural Development\"],\"articleSection\":[\"Press Releases\"],\"inLanguage\":\"es-MX\"},{\"@type\":\"WebPage\",\"@id\":\"https:\/\/www.merkley.senate.gov\/senate-budget-committee-adopts-merkley-amendment-to-protect-public-lands\/\",\"url\":\"https:\/\/www.merkley.senate.gov\/senate-budget-committee-adopts-merkley-amendment-to-protect-public-lands\/\",\"name\":\"Senate Budget Committee Adopts Merkley Amendment to Protect Public Lands - Merkley\",\"isPartOf\":{\"@id\":\"https:\/\/www.merkley.senate.gov\/#website\"},\"datePublished\":\"2009-03-26T16:18:00+00:00\",\"dateModified\":\"2023-07-24T15:11:51+00:00\",\"author\":{\"@id\":\"\"},\"breadcrumb\":{\"@id\":\"https:\/\/www.merkley.senate.gov\/senate-budget-committee-adopts-merkley-amendment-to-protect-public-lands\/#breadcrumb\"},\"inLanguage\":\"es-MX\",\"potentialAction\":[{\"@type\":\"ReadAction\",\"target\":[\"https:\/\/www.merkley.senate.gov\/senate-budget-committee-adopts-merkley-amendment-to-protect-public-lands\/\"]}]},{\"@type\":\"BreadcrumbList\",\"@id\":\"https:\/\/www.merkley.senate.gov\/senate-budget-committee-adopts-merkley-amendment-to-protect-public-lands\/#breadcrumb\",\"itemListElement\":[{\"@type\":\"ListItem\",\"position\":1,\"name\":\"Home\",\"item\":\"https:\/\/www.merkley.senate.gov\/\"},{\"@type\":\"ListItem\",\"position\":2,\"name\":\"Senate Budget Committee Adopts Merkley Amendment to Protect Public Lands\"}]},{\"@type\":\"WebSite\",\"@id\":\"https:\/\/www.merkley.senate.gov\/#website\",\"url\":\"https:\/\/www.merkley.senate.gov\/\",\"name\":\"Merkley\",\"description\":\"Merkley\",\"potentialAction\":[{\"@type\":\"SearchAction\",\"target\":{\"@type\":\"EntryPoint\",\"urlTemplate\":\"https:\/\/www.merkley.senate.gov\/?s={search_term_string}\"},\"query-input\":{\"@type\":\"PropertyValueSpecification\",\"valueRequired\":true,\"valueName\":\"search_term_string\"}}],\"inLanguage\":\"es-MX\"},{\"@type\":\"Person\",\"@id\":\"\",\"url\":\"https:\/\/www.merkley.senate.gov\/es\/author\/\"}]}<\/script>\n<!-- \/ Yoast SEO plugin. -->","yoast_head_json":{"title":"Senate Budget Committee Adopts Merkley Amendment to Protect Public Lands - Merkley","robots":{"index":"index","follow":"follow","max-snippet":"max-snippet:-1","max-image-preview":"max-image-preview:large","max-video-preview":"max-video-preview:-1"},"canonical":"https:\/\/www.merkley.senate.gov\/es\/senate-budget-committee-adopts-merkley-amendment-to-protect-public-lands\/","og_locale":"es_MX","og_type":"article","og_title":"Senate Budget Committee Adopts Merkley Amendment to Protect Public Lands - Merkley","og_description":"Washington, DC &ndash; A range of public lands will be eligible for potential protection under the Senate budget resolution, thanks to an amendment by Oregon&rsquo;s Senator Jeff Merkley.&nbsp; Protective measures could include forest health restoration, fire prevention, or conservation efforts. &nbsp; &ldquo;Just this week, Congress approved legislation that will designate hundreds of thousands of new [&hellip;]","og_url":"https:\/\/www.merkley.senate.gov\/es\/senate-budget-committee-adopts-merkley-amendment-to-protect-public-lands\/","og_site_name":"Merkley","article_published_time":"2009-03-26T16:18:00+00:00","article_modified_time":"2023-07-24T15:11:51+00:00","twitter_card":"summary_large_image","twitter_misc":{"Written by":"","Est. reading time":"1 minute"},"schema":{"@context":"https:\/\/schema.org","@graph":[{"@type":"Article","@id":"https:\/\/www.merkley.senate.gov\/senate-budget-committee-adopts-merkley-amendment-to-protect-public-lands\/#article","isPartOf":{"@id":"https:\/\/www.merkley.senate.gov\/senate-budget-committee-adopts-merkley-amendment-to-protect-public-lands\/"},"author":{"name":"","@id":""},"headline":"Senate Budget Committee Adopts Merkley Amendment to Protect Public Lands","datePublished":"2009-03-26T16:18:00+00:00","dateModified":"2023-07-24T15:11:51+00:00","mainEntityOfPage":{"@id":"https:\/\/www.merkley.senate.gov\/senate-budget-committee-adopts-merkley-amendment-to-protect-public-lands\/"},"wordCount":240,"keywords":["Natural Resources and Rural Development"],"articleSection":["Press Releases"],"inLanguage":"es-MX"},{"@type":"WebPage","@id":"https:\/\/www.merkley.senate.gov\/senate-budget-committee-adopts-merkley-amendment-to-protect-public-lands\/","url":"https:\/\/www.merkley.senate.gov\/senate-budget-committee-adopts-merkley-amendment-to-protect-public-lands\/","name":"Senate Budget Committee Adopts Merkley Amendment to Protect Public Lands - Merkley","isPartOf":{"@id":"https:\/\/www.merkley.senate.gov\/#website"},"datePublished":"2009-03-26T16:18:00+00:00","dateModified":"2023-07-24T15:11:51+00:00","author":{"@id":""},"breadcrumb":{"@id":"https:\/\/www.merkley.senate.gov\/senate-budget-committee-adopts-merkley-amendment-to-protect-public-lands\/#breadcrumb"},"inLanguage":"es-MX","potentialAction":[{"@type":"ReadAction","target":["https:\/\/www.merkley.senate.gov\/senate-budget-committee-adopts-merkley-amendment-to-protect-public-lands\/"]}]},{"@type":"BreadcrumbList","@id":"https:\/\/www.merkley.senate.gov\/senate-budget-committee-adopts-merkley-amendment-to-protect-public-lands\/#breadcrumb","itemListElement":[{"@type":"ListItem","position":1,"name":"Home","item":"https:\/\/www.merkley.senate.gov\/"},{"@type":"ListItem","position":2,"name":"Senate Budget Committee Adopts Merkley Amendment to Protect Public Lands"}]},{"@type":"WebSite","@id":"https:\/\/www.merkley.senate.gov\/#website","url":"https:\/\/www.merkley.senate.gov\/","name":"merkley","description":"merkley","potentialAction":[{"@type":"SearchAction","target":{"@type":"EntryPoint","urlTemplate":"https:\/\/www.merkley.senate.gov\/?s={search_term_string}"},"query-input":{"@type":"PropertyValueSpecification","valueRequired":true,"valueName":"search_term_string"}}],"inLanguage":"es-MX"},{"@type":"Person","@id":"","url":"https:\/\/www.merkley.senate.gov\/es\/author\/"}]}},"_links":{"self":[{"href":"https:\/\/www.merkley.senate.gov\/es\/wp-json\/wp\/v2\/posts\/7184","targetHints":{"allow":["GET"]}}],"collection":[{"href":"https:\/\/www.merkley.senate.gov\/es\/wp-json\/wp\/v2\/posts"}],"about":[{"href":"https:\/\/www.merkley.senate.gov\/es\/wp-json\/wp\/v2\/types\/post"}],"author":[{"embeddable":true,"href":"https:\/\/www.merkley.senate.gov\/es\/wp-json\/wp\/v2\/users\/2"}],"replies":[{"embeddable":true,"href":"https:\/\/www.merkley.senate.gov\/es\/wp-json\/wp\/v2\/comments?post=7184"}],"version-history":[{"count":1,"href":"https:\/\/www.merkley.senate.gov\/es\/wp-json\/wp\/v2\/posts\/7184\/revisions"}],"predecessor-version":[{"id":16560,"href":"https:\/\/www.merkley.senate.gov\/es\/wp-json\/wp\/v2\/posts\/7184\/revisions\/16560"}],"wp:attachment":[{"href":"https:\/\/www.merkley.senate.gov\/es\/wp-json\/wp\/v2\/media?parent=7184"}],"wp:term":[{"taxonomy":"category","embeddable":true,"href":"https:\/\/www.merkley.senate.gov\/es\/wp-json\/wp\/v2\/categories?post=7184"},{"taxonomy":"post_tag","embeddable":true,"href":"https:\/\/www.merkley.senate.gov\/es\/wp-json\/wp\/v2\/tags?post=7184"}],"curies":[{"name":"wp","href":"https:\/\/api.w.org\/{rel}","templated":true}]}}