{"id":7252,"date":"2009-01-27T15:27:00","date_gmt":"2009-01-27T20:27:00","guid":{"rendered":"https:\/\/www.merkley.senate.gov\/merkley-joins-senate-hispanic-task-force\/"},"modified":"2023-07-24T11:11:57","modified_gmt":"2023-07-24T15:11:57","slug":"merkley-joins-senate-hispanic-task-force","status":"publish","type":"post","link":"https:\/\/www.merkley.senate.gov\/es\/merkley-joins-senate-hispanic-task-force\/","title":{"rendered":"Merkley se une al grupo de trabajo hispano del Senado"},"content":{"rendered":"<p><strong>Washington DC -<\/strong> Hoy, el Senador de Oreg\u00f3n, Jeff Merkley, se uni\u00f3 a otros cuarenta y tres dem\u00f3cratas del Senado para unirse al Grupo de Trabajo Hispano (HTF), lo que le otorga la membres\u00eda m\u00e1s grande en los 20 a\u00f1os de historia del grupo.<\/p>\n<blockquote><p>\u201cMe enorgullece unirme a un grupo de senadores que reconocen las prioridades de la comunidad hispana y est\u00e1n trabajando activamente para comprometerse con los l\u00edderes hispanos\u201d, dijo Merkley. \u201cOreg\u00f3n tiene una comunidad hispana diversa y en crecimiento que est\u00e1 contribuyendo al panorama cultural y pol\u00edtico del estado. Espero continuar el di\u00e1logo con los l\u00edderes hispanos de Oreg\u00f3n y trabajar juntos para crear empleos con salarios dignos, mejorar la educaci\u00f3n y ampliar el acceso a la atenci\u00f3n m\u00e9dica para las familias hispanas en nuestro estado\u201d.<\/p><\/blockquote>\n<p>El HTF fue fundado en 1989 por el Senador Jeff Bingaman (D-NM) para promover asociaciones s\u00f3lidas entre la comunidad hispana y los dem\u00f3cratas del Senado. Cada a\u00f1o, la HTF organiza eventos y reuniones que re\u00fanen a senadores dem\u00f3cratas y l\u00edderes hispanos para discutir pol\u00edticas federales. en el 111<sup>el<\/sup> En el Congreso, bajo la direcci\u00f3n del l\u00edder de la mayor\u00eda Harry Reid (D-NV), la bancada dem\u00f3crata continuar\u00e1 la lucha para mejorar las oportunidades de los hispanos. Al mismo tiempo, los miembros de la HTF continuar\u00e1n trabajando con sus colegas en la C\u00e1mara de Representantes para asegurar que los temas importantes para la comunidad hispana sean escuchados en el Congreso.<\/p>\n<p>El Senador Bob Men\u00e9ndez (D-NJ), el actual Presidente del Grupo de Trabajo Hispano Dem\u00f3crata del Senado, se ha comprometido con una agenda activa que incluye escuchar a la comunidad latina sobre los problemas que la afectan y comunicar esos comentarios e inquietudes al resto de la comunidad. Senado.<\/p>","protected":false},"excerpt":{"rendered":"<p>Washington, D.C. &ndash; Today Oregon&rsquo;s Senator Jeff Merkley came together with forty-three other Senate Democrats in joining the Hispanic Task Force (HTF), giving it the largest membership in group&rsquo;s 20 year history. &ldquo;I&rsquo;m proud to join a group of Senators who recognize the priorities of the Hispanic community and are actively working to engage with [&hellip;]<\/p>\n","protected":false},"author":2,"featured_media":0,"comment_status":"closed","ping_status":"closed","sticky":false,"template":"","format":"standard","meta":{"_acf_changed":false,"inline_featured_image":false,"footnotes":""},"categories":[24],"tags":[],"class_list":["post-7252","post","type-post","status-publish","format-standard","hentry","category-press-releases"],"acf":[],"yoast_head":"<!-- This site is optimized with the Yoast SEO plugin v27.2 - https:\/\/yoast.com\/product\/yoast-seo-wordpress\/ -->\n<title>Merkley Joins Senate Hispanic Task Force - Merkley<\/title>\n<meta name=\"robots\" content=\"index, follow, max-snippet:-1, max-image-preview:large, max-video-preview:-1\" \/>\n<link rel=\"canonical\" href=\"https:\/\/www.merkley.senate.gov\/es\/merkley-joins-senate-hispanic-task-force\/\" \/>\n<meta property=\"og:locale\" content=\"es_MX\" \/>\n<meta property=\"og:type\" content=\"article\" \/>\n<meta property=\"og:title\" content=\"Merkley Joins Senate Hispanic Task Force - Merkley\" \/>\n<meta property=\"og:description\" content=\"Washington, D.C. &ndash; Today Oregon&rsquo;s Senator Jeff Merkley came together with forty-three other Senate Democrats in joining the Hispanic Task Force (HTF), giving it the largest membership in group&rsquo;s 20 year history. &ldquo;I&rsquo;m proud to join a group of Senators who recognize the priorities of the Hispanic community and are actively working to engage with [&hellip;]\" \/>\n<meta property=\"og:url\" content=\"https:\/\/www.merkley.senate.gov\/es\/merkley-joins-senate-hispanic-task-force\/\" \/>\n<meta property=\"og:site_name\" content=\"Merkley\" \/>\n<meta property=\"article:published_time\" content=\"2009-01-27T20:27:00+00:00\" \/>\n<meta property=\"article:modified_time\" content=\"2023-07-24T15:11:57+00:00\" \/>\n<meta name=\"twitter:card\" content=\"summary_large_image\" \/>\n<meta name=\"twitter:label1\" content=\"Written by\" \/>\n\t<meta name=\"twitter:data1\" content=\"\" \/>\n\t<meta name=\"twitter:label2\" content=\"Est. reading time\" \/>\n\t<meta name=\"twitter:data2\" content=\"1 minute\" \/>\n<script type=\"application\/ld+json\" class=\"yoast-schema-graph\">{\"@context\":\"https:\/\/schema.org\",\"@graph\":[{\"@type\":\"Article\",\"@id\":\"https:\/\/www.merkley.senate.gov\/merkley-joins-senate-hispanic-task-force\/#article\",\"isPartOf\":{\"@id\":\"https:\/\/www.merkley.senate.gov\/merkley-joins-senate-hispanic-task-force\/\"},\"author\":{\"name\":\"\",\"@id\":\"\"},\"headline\":\"Merkley Joins Senate Hispanic Task Force\",\"datePublished\":\"2009-01-27T20:27:00+00:00\",\"dateModified\":\"2023-07-24T15:11:57+00:00\",\"mainEntityOfPage\":{\"@id\":\"https:\/\/www.merkley.senate.gov\/merkley-joins-senate-hispanic-task-force\/\"},\"wordCount\":275,\"articleSection\":[\"Press Releases\"],\"inLanguage\":\"es-MX\"},{\"@type\":\"WebPage\",\"@id\":\"https:\/\/www.merkley.senate.gov\/merkley-joins-senate-hispanic-task-force\/\",\"url\":\"https:\/\/www.merkley.senate.gov\/merkley-joins-senate-hispanic-task-force\/\",\"name\":\"Merkley Joins Senate Hispanic Task Force - Merkley\",\"isPartOf\":{\"@id\":\"https:\/\/www.merkley.senate.gov\/#website\"},\"datePublished\":\"2009-01-27T20:27:00+00:00\",\"dateModified\":\"2023-07-24T15:11:57+00:00\",\"author\":{\"@id\":\"\"},\"breadcrumb\":{\"@id\":\"https:\/\/www.merkley.senate.gov\/merkley-joins-senate-hispanic-task-force\/#breadcrumb\"},\"inLanguage\":\"es-MX\",\"potentialAction\":[{\"@type\":\"ReadAction\",\"target\":[\"https:\/\/www.merkley.senate.gov\/merkley-joins-senate-hispanic-task-force\/\"]}]},{\"@type\":\"BreadcrumbList\",\"@id\":\"https:\/\/www.merkley.senate.gov\/merkley-joins-senate-hispanic-task-force\/#breadcrumb\",\"itemListElement\":[{\"@type\":\"ListItem\",\"position\":1,\"name\":\"Home\",\"item\":\"https:\/\/www.merkley.senate.gov\/\"},{\"@type\":\"ListItem\",\"position\":2,\"name\":\"Merkley Joins Senate Hispanic Task Force\"}]},{\"@type\":\"WebSite\",\"@id\":\"https:\/\/www.merkley.senate.gov\/#website\",\"url\":\"https:\/\/www.merkley.senate.gov\/\",\"name\":\"Merkley\",\"description\":\"Merkley\",\"potentialAction\":[{\"@type\":\"SearchAction\",\"target\":{\"@type\":\"EntryPoint\",\"urlTemplate\":\"https:\/\/www.merkley.senate.gov\/?s={search_term_string}\"},\"query-input\":{\"@type\":\"PropertyValueSpecification\",\"valueRequired\":true,\"valueName\":\"search_term_string\"}}],\"inLanguage\":\"es-MX\"},{\"@type\":\"Person\",\"@id\":\"\",\"url\":\"https:\/\/www.merkley.senate.gov\/es\/author\/\"}]}<\/script>\n<!-- \/ Yoast SEO plugin. -->","yoast_head_json":{"title":"Merkley Joins Senate Hispanic Task Force - Merkley","robots":{"index":"index","follow":"follow","max-snippet":"max-snippet:-1","max-image-preview":"max-image-preview:large","max-video-preview":"max-video-preview:-1"},"canonical":"https:\/\/www.merkley.senate.gov\/es\/merkley-joins-senate-hispanic-task-force\/","og_locale":"es_MX","og_type":"article","og_title":"Merkley Joins Senate Hispanic Task Force - Merkley","og_description":"Washington, D.C. &ndash; Today Oregon&rsquo;s Senator Jeff Merkley came together with forty-three other Senate Democrats in joining the Hispanic Task Force (HTF), giving it the largest membership in group&rsquo;s 20 year history. &ldquo;I&rsquo;m proud to join a group of Senators who recognize the priorities of the Hispanic community and are actively working to engage with [&hellip;]","og_url":"https:\/\/www.merkley.senate.gov\/es\/merkley-joins-senate-hispanic-task-force\/","og_site_name":"Merkley","article_published_time":"2009-01-27T20:27:00+00:00","article_modified_time":"2023-07-24T15:11:57+00:00","twitter_card":"summary_large_image","twitter_misc":{"Written by":"","Est. reading time":"1 minute"},"schema":{"@context":"https:\/\/schema.org","@graph":[{"@type":"Article","@id":"https:\/\/www.merkley.senate.gov\/merkley-joins-senate-hispanic-task-force\/#article","isPartOf":{"@id":"https:\/\/www.merkley.senate.gov\/merkley-joins-senate-hispanic-task-force\/"},"author":{"name":"","@id":""},"headline":"Merkley Joins Senate Hispanic Task Force","datePublished":"2009-01-27T20:27:00+00:00","dateModified":"2023-07-24T15:11:57+00:00","mainEntityOfPage":{"@id":"https:\/\/www.merkley.senate.gov\/merkley-joins-senate-hispanic-task-force\/"},"wordCount":275,"articleSection":["Press Releases"],"inLanguage":"es-MX"},{"@type":"WebPage","@id":"https:\/\/www.merkley.senate.gov\/merkley-joins-senate-hispanic-task-force\/","url":"https:\/\/www.merkley.senate.gov\/merkley-joins-senate-hispanic-task-force\/","name":"Merkley Joins Senate Hispanic Task Force - Merkley","isPartOf":{"@id":"https:\/\/www.merkley.senate.gov\/#website"},"datePublished":"2009-01-27T20:27:00+00:00","dateModified":"2023-07-24T15:11:57+00:00","author":{"@id":""},"breadcrumb":{"@id":"https:\/\/www.merkley.senate.gov\/merkley-joins-senate-hispanic-task-force\/#breadcrumb"},"inLanguage":"es-MX","potentialAction":[{"@type":"ReadAction","target":["https:\/\/www.merkley.senate.gov\/merkley-joins-senate-hispanic-task-force\/"]}]},{"@type":"BreadcrumbList","@id":"https:\/\/www.merkley.senate.gov\/merkley-joins-senate-hispanic-task-force\/#breadcrumb","itemListElement":[{"@type":"ListItem","position":1,"name":"Home","item":"https:\/\/www.merkley.senate.gov\/"},{"@type":"ListItem","position":2,"name":"Merkley Joins Senate Hispanic Task Force"}]},{"@type":"WebSite","@id":"https:\/\/www.merkley.senate.gov\/#website","url":"https:\/\/www.merkley.senate.gov\/","name":"merkley","description":"merkley","potentialAction":[{"@type":"SearchAction","target":{"@type":"EntryPoint","urlTemplate":"https:\/\/www.merkley.senate.gov\/?s={search_term_string}"},"query-input":{"@type":"PropertyValueSpecification","valueRequired":true,"valueName":"search_term_string"}}],"inLanguage":"es-MX"},{"@type":"Person","@id":"","url":"https:\/\/www.merkley.senate.gov\/es\/author\/"}]}},"_links":{"self":[{"href":"https:\/\/www.merkley.senate.gov\/es\/wp-json\/wp\/v2\/posts\/7252","targetHints":{"allow":["GET"]}}],"collection":[{"href":"https:\/\/www.merkley.senate.gov\/es\/wp-json\/wp\/v2\/posts"}],"about":[{"href":"https:\/\/www.merkley.senate.gov\/es\/wp-json\/wp\/v2\/types\/post"}],"author":[{"embeddable":true,"href":"https:\/\/www.merkley.senate.gov\/es\/wp-json\/wp\/v2\/users\/2"}],"replies":[{"embeddable":true,"href":"https:\/\/www.merkley.senate.gov\/es\/wp-json\/wp\/v2\/comments?post=7252"}],"version-history":[{"count":1,"href":"https:\/\/www.merkley.senate.gov\/es\/wp-json\/wp\/v2\/posts\/7252\/revisions"}],"predecessor-version":[{"id":16628,"href":"https:\/\/www.merkley.senate.gov\/es\/wp-json\/wp\/v2\/posts\/7252\/revisions\/16628"}],"wp:attachment":[{"href":"https:\/\/www.merkley.senate.gov\/es\/wp-json\/wp\/v2\/media?parent=7252"}],"wp:term":[{"taxonomy":"category","embeddable":true,"href":"https:\/\/www.merkley.senate.gov\/es\/wp-json\/wp\/v2\/categories?post=7252"},{"taxonomy":"post_tag","embeddable":true,"href":"https:\/\/www.merkley.senate.gov\/es\/wp-json\/wp\/v2\/tags?post=7252"}],"curies":[{"name":"wp","href":"https:\/\/api.w.org\/{rel}","templated":true}]}}