{"id":7276,"date":"2023-06-16T12:29:45","date_gmt":"2023-06-16T16:29:45","guid":{"rendered":"https:\/\/www.merkley.senate.gov\/?p=7276"},"modified":"2023-07-19T12:30:20","modified_gmt":"2023-07-19T16:30:20","slug":"u-s-sen-jeff-merkley-visits-klamath-falls-for-annual-town-hall","status":"publish","type":"post","link":"https:\/\/www.merkley.senate.gov\/es\/u-s-sen-jeff-merkley-visits-klamath-falls-for-annual-town-hall\/","title":{"rendered":"Senador de EE.UU. JEFF MERKLEY VISITA KLAMATH FALLS PARA EL AYUNTAMIENTO ANUAL"},"content":{"rendered":"<p>viernes, 16 de junio de 2023<\/p>\n\n\n\n<p><strong>Por: Molly O&#039;Brien<\/strong><\/p>\n\n\n\n<p><a href=\"https:\/\/www.heraldandnews.com\/news\/u-s-sen-jeff-merkley-visits-klamath-falls-for-annual-town-hall\/article_897378a6-0c97-11ee-8645-3b7755276cc9.html\" target=\"_blank\" rel=\"noreferrer noopener\"><strong>Heraldo y Noticias<\/strong><\/a><\/p>\n\n\n\n<p>Los residentes del condado de Klamath acudieron en masa para tener la oportunidad de hablar y escuchar a un senador estadounidense esta semana.<\/p>\n\n\n\n<p>El viernes 16 de junio, el senador estadounidense Jeff Merkley (D-Ore.) organiz\u00f3 su asamblea p\u00fablica anual para el condado de Klamath, celebrada en Oregon Tech. Cada a\u00f1o, Merkley visita los 36 condados de Oreg\u00f3n.<\/p>\n\n\n\n<p>Aplaudido por su compromiso con las comunidades rurales como las de Klamath Basin, Merkley agradeci\u00f3 los aportes de sus electores, respondiendo a las preocupaciones apremiantes presentadas por los residentes.<\/p>\n\n\n\n<p>Durante una conferencia de prensa previa al ayuntamiento, Merkley le cont\u00f3 al Herald &amp; News sobre algunos de los elementos que encabezan su lista para el condado de Klamath y la zona rural de Oreg\u00f3n.<\/p>\n\n\n\n<p>El senador tambi\u00e9n coment\u00f3 sobre el pr\u00f3ximo cambio de los aviones de combate F-15 a los F-35 para la base a\u00e9rea de Kingsley, y se\u00f1al\u00f3 los impactos econ\u00f3micos positivos del cambio.<\/p>\n\n\n\n<p>Entre sus esfuerzos recientes, Merkley destac\u00f3 los $162 millones obtenidos para mejorar la calidad del agua en los lagos del condado de Klamath.<\/p>\n\n\n\n<p>\u201cSi el lago est\u00e1 en mejores condiciones, es m\u00e1s f\u00e1cil compartir el agua para el riego\u201d, dijo Merkley. \u201cLa cantidad de dinero que estamos invirtiendo en los peces Koptu y C&#039;waam. Si est\u00e1n mejor, podemos hacer mucho m\u00e1s\u201d.<\/p>\n\n\n\n<p>Merkley dijo que la disminuci\u00f3n de la disponibilidad de agua es una circunstancia desafortunada pero inevitable.<\/p>\n\n\n\n<p>\u201cLa realidad es que este a\u00f1o ha sido un buen a\u00f1o, pero no todos son buenos a\u00f1os\u201d, dijo. \u201cVoy a seguir tratando de obtener la mayor cantidad de apoyo financiero posible para la cuenca a medida que nos adaptamos a la nueva realidad de menos precipitaciones y una capa de nieve m\u00e1s peque\u00f1a en promedio\u201d.<\/p>\n\n\n\n<p>Durante el Ayuntamiento, los miembros de la comunidad tambi\u00e9n mencionaron el tema del cambio clim\u00e1tico.<\/p>\n\n\n\n<p>Wendy Williams quer\u00eda saber si el presidente Joe Biden ten\u00eda alguna intenci\u00f3n de declarar el cambio clim\u00e1tico una emergencia nacional.<\/p>\n\n\n\n<p>Merkley asegur\u00f3 a Williams que est\u00e1 presionando a la campa\u00f1a de Biden para que tome el tema en serio y act\u00fae de inmediato.<\/p>\n\n\n\n<p>&nbsp;Carl Andrews pregunt\u00f3 sobre la propuesta de construir una nueva instalaci\u00f3n de paneles solares a 25 millas al este de Klamath Falls.<\/p>\n\n\n\n<p>\u201c\u00bfQu\u00e9 piensas sobre eso y por qu\u00e9 es importante en el condado de Klamath?\u201d pregunt\u00f3 Andrews.<\/p>\n\n\n\n<p>\u201cEstamos viendo un gran impacto de la acumulaci\u00f3n de carbono en la atm\u00f3sfera\u201d, dijo Merkley. \u201cHa producido nuestra temporada de incendios. Ha producido m\u00e1s sequ\u00eda, menos acumulaci\u00f3n de nieve, corrientes de salm\u00f3n y truchas m\u00e1s peque\u00f1as y c\u00e1lidas\u201d.<\/p>\n\n\n\n<p>Merkley dijo que la tasa de carbono introducido en la atm\u00f3sfera se ha m\u00e1s que triplicado en los \u00faltimos 30 a\u00f1os.<\/p>\n\n\n\n<p>\u201cMe gustar\u00eda decir que hemos dado la vuelta a la esquina, pero no lo hemos hecho\u201d, dijo Merkley. \u201cEstamos siendo golpeados en la silvicultura, la agricultura y la pesca, los tres pilares de la econom\u00eda rural. Tenemos que pasar r\u00e1pidamente de las energ\u00edas basadas en el carbono a las renovables\u201d.<\/p>\n\n\n\n<p>El tema de la rendici\u00f3n de cuentas de la Corte Suprema tambi\u00e9n lleg\u00f3 a la sala, lo que provoc\u00f3 una fuerte desaprobaci\u00f3n del senador.<\/p>\n\n\n\n<p>El juez de la Corte Suprema Clarence Thomas apareci\u00f3 recientemente en los titulares cuando ProPublica revel\u00f3 viajes de lujo secretos que le regal\u00f3 el multimillonario promotor inmobiliario Harlan Crow durante los \u00faltimos 20 a\u00f1os.<\/p>\n\n\n\n<p>\u201cEn una rep\u00fablica, dependemos de la integridad de las urnas\u201d, dijo Merkley. \u201cPero la estructura est\u00e1 preparada para los poderosos. Apoya la guerra partidista y apoya la par\u00e1lisis. Tenemos que reformar el Senado\u201d.<\/p>\n\n\n\n<p>Cuando se invit\u00f3 a los estudiantes de Oregon Tech a hacerle preguntas al senador, algunos preguntaron sobre los esfuerzos para aumentar los fondos federales para la educaci\u00f3n postsecundaria.<\/p>\n\n\n\n<p>Merkley reconoci\u00f3 la lucha financiera para pagar la educaci\u00f3n superior que sienten muchas familias en todo el pa\u00eds.<\/p>\n\n\n\n<p>\u201cLos estudiantes en otros pa\u00edses como Alemania no tienen que preocuparse por asumir una deuda de $80,000\u201d, dijo Merkley. \u201cHe escuchado de padres que no est\u00e1n seguros de que deber\u00edan animar a sus hijos a ir a la universidad. Pero creo que el \u00e9xito de las naciones alrededor del mundo en este siglo va a depender de nuestra inversi\u00f3n en infraestructura y educaci\u00f3n\u201d, dijo Merkley.<\/p>\n\n\n\n<p>Merkley tambi\u00e9n felicit\u00f3 a Klamath Community College por crear un programa comercial de licencias de conducir, financiado por una subvenci\u00f3n federal de $200,000.<\/p>","protected":false},"excerpt":{"rendered":"<p>Friday, June 16, 2023 By:&nbsp; Molly O&#8217;Brien Herald and News Klamath County residents turned out in force for a chance to talk to and hear from a U.S. senator this week. On Friday, June 16, U.S. Sen. Jeff Merkley (D-Ore.) hosted his annual Town Hall for Klamath County, held at Oregon Tech. Every year, Merkley [&hellip;]<\/p>\n","protected":false},"author":1,"featured_media":0,"comment_status":"open","ping_status":"open","sticky":false,"template":"","format":"standard","meta":{"_acf_changed":false,"inline_featured_image":false,"footnotes":""},"categories":[26],"tags":[],"class_list":["post-7276","post","type-post","status-publish","format-standard","hentry","category-in-the-news"],"acf":[],"yoast_head":"<!-- This site is optimized with the Yoast SEO plugin v27.2 - https:\/\/yoast.com\/product\/yoast-seo-wordpress\/ -->\n<title>U.S. SEN. JEFF MERKLEY VISITS KLAMATH FALLS FOR ANNUAL TOWN HALL - Merkley<\/title>\n<meta name=\"robots\" content=\"index, follow, max-snippet:-1, max-image-preview:large, max-video-preview:-1\" \/>\n<link rel=\"canonical\" href=\"https:\/\/www.merkley.senate.gov\/es\/u-s-sen-jeff-merkley-visits-klamath-falls-for-annual-town-hall\/\" \/>\n<meta property=\"og:locale\" content=\"es_MX\" \/>\n<meta property=\"og:type\" content=\"article\" \/>\n<meta property=\"og:title\" content=\"U.S. SEN. JEFF MERKLEY VISITS KLAMATH FALLS FOR ANNUAL TOWN HALL - Merkley\" \/>\n<meta property=\"og:description\" content=\"Friday, June 16, 2023 By:&nbsp; Molly O&#8217;Brien Herald and News Klamath County residents turned out in force for a chance to talk to and hear from a U.S. senator this week. On Friday, June 16, U.S. Sen. Jeff Merkley (D-Ore.) hosted his annual Town Hall for Klamath County, held at Oregon Tech. Every year, Merkley [&hellip;]\" \/>\n<meta property=\"og:url\" content=\"https:\/\/www.merkley.senate.gov\/es\/u-s-sen-jeff-merkley-visits-klamath-falls-for-annual-town-hall\/\" \/>\n<meta property=\"og:site_name\" content=\"Merkley\" \/>\n<meta property=\"article:published_time\" content=\"2023-06-16T16:29:45+00:00\" \/>\n<meta property=\"article:modified_time\" content=\"2023-07-19T16:30:20+00:00\" \/>\n<meta name=\"author\" content=\"smw\" \/>\n<meta name=\"twitter:card\" content=\"summary_large_image\" \/>\n<meta name=\"twitter:label1\" content=\"Written by\" \/>\n\t<meta name=\"twitter:data1\" content=\"smw\" \/>\n\t<meta name=\"twitter:label2\" content=\"Est. reading time\" \/>\n\t<meta name=\"twitter:data2\" content=\"3 minutes\" \/>\n<script type=\"application\/ld+json\" class=\"yoast-schema-graph\">{\"@context\":\"https:\/\/schema.org\",\"@graph\":[{\"@type\":\"Article\",\"@id\":\"https:\/\/www.merkley.senate.gov\/u-s-sen-jeff-merkley-visits-klamath-falls-for-annual-town-hall\/#article\",\"isPartOf\":{\"@id\":\"https:\/\/www.merkley.senate.gov\/u-s-sen-jeff-merkley-visits-klamath-falls-for-annual-town-hall\/\"},\"author\":{\"name\":\"smw\",\"@id\":\"https:\/\/www.merkley.senate.gov\/#\/schema\/person\/48ac5e5db5baef2064b650a6708be1de\"},\"headline\":\"U.S. SEN. JEFF MERKLEY VISITS KLAMATH FALLS FOR ANNUAL TOWN HALL\",\"datePublished\":\"2023-06-16T16:29:45+00:00\",\"dateModified\":\"2023-07-19T16:30:20+00:00\",\"mainEntityOfPage\":{\"@id\":\"https:\/\/www.merkley.senate.gov\/u-s-sen-jeff-merkley-visits-klamath-falls-for-annual-town-hall\/\"},\"wordCount\":677,\"commentCount\":0,\"articleSection\":[\"In the News\"],\"inLanguage\":\"es-MX\",\"potentialAction\":[{\"@type\":\"CommentAction\",\"name\":\"Comment\",\"target\":[\"https:\/\/www.merkley.senate.gov\/u-s-sen-jeff-merkley-visits-klamath-falls-for-annual-town-hall\/#respond\"]}]},{\"@type\":\"WebPage\",\"@id\":\"https:\/\/www.merkley.senate.gov\/u-s-sen-jeff-merkley-visits-klamath-falls-for-annual-town-hall\/\",\"url\":\"https:\/\/www.merkley.senate.gov\/u-s-sen-jeff-merkley-visits-klamath-falls-for-annual-town-hall\/\",\"name\":\"U.S. SEN. JEFF MERKLEY VISITS KLAMATH FALLS FOR ANNUAL TOWN HALL - Merkley\",\"isPartOf\":{\"@id\":\"https:\/\/www.merkley.senate.gov\/#website\"},\"datePublished\":\"2023-06-16T16:29:45+00:00\",\"dateModified\":\"2023-07-19T16:30:20+00:00\",\"author\":{\"@id\":\"https:\/\/www.merkley.senate.gov\/#\/schema\/person\/48ac5e5db5baef2064b650a6708be1de\"},\"breadcrumb\":{\"@id\":\"https:\/\/www.merkley.senate.gov\/u-s-sen-jeff-merkley-visits-klamath-falls-for-annual-town-hall\/#breadcrumb\"},\"inLanguage\":\"es-MX\",\"potentialAction\":[{\"@type\":\"ReadAction\",\"target\":[\"https:\/\/www.merkley.senate.gov\/u-s-sen-jeff-merkley-visits-klamath-falls-for-annual-town-hall\/\"]}]},{\"@type\":\"BreadcrumbList\",\"@id\":\"https:\/\/www.merkley.senate.gov\/u-s-sen-jeff-merkley-visits-klamath-falls-for-annual-town-hall\/#breadcrumb\",\"itemListElement\":[{\"@type\":\"ListItem\",\"position\":1,\"name\":\"Home\",\"item\":\"https:\/\/www.merkley.senate.gov\/\"},{\"@type\":\"ListItem\",\"position\":2,\"name\":\"U.S. SEN. JEFF MERKLEY VISITS KLAMATH FALLS FOR ANNUAL TOWN HALL\"}]},{\"@type\":\"WebSite\",\"@id\":\"https:\/\/www.merkley.senate.gov\/#website\",\"url\":\"https:\/\/www.merkley.senate.gov\/\",\"name\":\"Merkley\",\"description\":\"Merkley\",\"potentialAction\":[{\"@type\":\"SearchAction\",\"target\":{\"@type\":\"EntryPoint\",\"urlTemplate\":\"https:\/\/www.merkley.senate.gov\/?s={search_term_string}\"},\"query-input\":{\"@type\":\"PropertyValueSpecification\",\"valueRequired\":true,\"valueName\":\"search_term_string\"}}],\"inLanguage\":\"es-MX\"},{\"@type\":\"Person\",\"@id\":\"https:\/\/www.merkley.senate.gov\/#\/schema\/person\/48ac5e5db5baef2064b650a6708be1de\",\"name\":\"smw\",\"image\":{\"@type\":\"ImageObject\",\"inLanguage\":\"es-MX\",\"@id\":\"https:\/\/secure.gravatar.com\/avatar\/32b0ac748dd07225155b3da6f449ed42f3edf05ef0abd60c66304c8378d1f2ee?s=96&d=mm&r=g\",\"url\":\"https:\/\/secure.gravatar.com\/avatar\/32b0ac748dd07225155b3da6f449ed42f3edf05ef0abd60c66304c8378d1f2ee?s=96&d=mm&r=g\",\"contentUrl\":\"https:\/\/secure.gravatar.com\/avatar\/32b0ac748dd07225155b3da6f449ed42f3edf05ef0abd60c66304c8378d1f2ee?s=96&d=mm&r=g\",\"caption\":\"smw\"},\"sameAs\":[\"https:\/\/www.merkley.senate.gov\"],\"url\":\"https:\/\/www.merkley.senate.gov\/es\/author\/smw\/\"}]}<\/script>\n<!-- \/ Yoast SEO plugin. -->","yoast_head_json":{"title":"U.S. SEN. JEFF MERKLEY VISITS KLAMATH FALLS FOR ANNUAL TOWN HALL - Merkley","robots":{"index":"index","follow":"follow","max-snippet":"max-snippet:-1","max-image-preview":"max-image-preview:large","max-video-preview":"max-video-preview:-1"},"canonical":"https:\/\/www.merkley.senate.gov\/es\/u-s-sen-jeff-merkley-visits-klamath-falls-for-annual-town-hall\/","og_locale":"es_MX","og_type":"article","og_title":"U.S. SEN. JEFF MERKLEY VISITS KLAMATH FALLS FOR ANNUAL TOWN HALL - Merkley","og_description":"Friday, June 16, 2023 By:&nbsp; Molly O&#8217;Brien Herald and News Klamath County residents turned out in force for a chance to talk to and hear from a U.S. senator this week. On Friday, June 16, U.S. Sen. Jeff Merkley (D-Ore.) hosted his annual Town Hall for Klamath County, held at Oregon Tech. Every year, Merkley [&hellip;]","og_url":"https:\/\/www.merkley.senate.gov\/es\/u-s-sen-jeff-merkley-visits-klamath-falls-for-annual-town-hall\/","og_site_name":"Merkley","article_published_time":"2023-06-16T16:29:45+00:00","article_modified_time":"2023-07-19T16:30:20+00:00","author":"smw","twitter_card":"summary_large_image","twitter_misc":{"Written by":"smw","Est. reading time":"3 minutes"},"schema":{"@context":"https:\/\/schema.org","@graph":[{"@type":"Article","@id":"https:\/\/www.merkley.senate.gov\/u-s-sen-jeff-merkley-visits-klamath-falls-for-annual-town-hall\/#article","isPartOf":{"@id":"https:\/\/www.merkley.senate.gov\/u-s-sen-jeff-merkley-visits-klamath-falls-for-annual-town-hall\/"},"author":{"name":"smw","@id":"https:\/\/www.merkley.senate.gov\/#\/schema\/person\/48ac5e5db5baef2064b650a6708be1de"},"headline":"U.S. SEN. JEFF MERKLEY VISITS KLAMATH FALLS FOR ANNUAL TOWN HALL","datePublished":"2023-06-16T16:29:45+00:00","dateModified":"2023-07-19T16:30:20+00:00","mainEntityOfPage":{"@id":"https:\/\/www.merkley.senate.gov\/u-s-sen-jeff-merkley-visits-klamath-falls-for-annual-town-hall\/"},"wordCount":677,"commentCount":0,"articleSection":["In the News"],"inLanguage":"es-MX","potentialAction":[{"@type":"CommentAction","name":"Comment","target":["https:\/\/www.merkley.senate.gov\/u-s-sen-jeff-merkley-visits-klamath-falls-for-annual-town-hall\/#respond"]}]},{"@type":"WebPage","@id":"https:\/\/www.merkley.senate.gov\/u-s-sen-jeff-merkley-visits-klamath-falls-for-annual-town-hall\/","url":"https:\/\/www.merkley.senate.gov\/u-s-sen-jeff-merkley-visits-klamath-falls-for-annual-town-hall\/","name":"U.S. SEN. JEFF MERKLEY VISITS KLAMATH FALLS FOR ANNUAL TOWN HALL - Merkley","isPartOf":{"@id":"https:\/\/www.merkley.senate.gov\/#website"},"datePublished":"2023-06-16T16:29:45+00:00","dateModified":"2023-07-19T16:30:20+00:00","author":{"@id":"https:\/\/www.merkley.senate.gov\/#\/schema\/person\/48ac5e5db5baef2064b650a6708be1de"},"breadcrumb":{"@id":"https:\/\/www.merkley.senate.gov\/u-s-sen-jeff-merkley-visits-klamath-falls-for-annual-town-hall\/#breadcrumb"},"inLanguage":"es-MX","potentialAction":[{"@type":"ReadAction","target":["https:\/\/www.merkley.senate.gov\/u-s-sen-jeff-merkley-visits-klamath-falls-for-annual-town-hall\/"]}]},{"@type":"BreadcrumbList","@id":"https:\/\/www.merkley.senate.gov\/u-s-sen-jeff-merkley-visits-klamath-falls-for-annual-town-hall\/#breadcrumb","itemListElement":[{"@type":"ListItem","position":1,"name":"Home","item":"https:\/\/www.merkley.senate.gov\/"},{"@type":"ListItem","position":2,"name":"U.S. SEN. JEFF MERKLEY VISITS KLAMATH FALLS FOR ANNUAL TOWN HALL"}]},{"@type":"WebSite","@id":"https:\/\/www.merkley.senate.gov\/#website","url":"https:\/\/www.merkley.senate.gov\/","name":"merkley","description":"merkley","potentialAction":[{"@type":"SearchAction","target":{"@type":"EntryPoint","urlTemplate":"https:\/\/www.merkley.senate.gov\/?s={search_term_string}"},"query-input":{"@type":"PropertyValueSpecification","valueRequired":true,"valueName":"search_term_string"}}],"inLanguage":"es-MX"},{"@type":"Person","@id":"https:\/\/www.merkley.senate.gov\/#\/schema\/person\/48ac5e5db5baef2064b650a6708be1de","name":"smw","image":{"@type":"ImageObject","inLanguage":"es-MX","@id":"https:\/\/secure.gravatar.com\/avatar\/32b0ac748dd07225155b3da6f449ed42f3edf05ef0abd60c66304c8378d1f2ee?s=96&d=mm&r=g","url":"https:\/\/secure.gravatar.com\/avatar\/32b0ac748dd07225155b3da6f449ed42f3edf05ef0abd60c66304c8378d1f2ee?s=96&d=mm&r=g","contentUrl":"https:\/\/secure.gravatar.com\/avatar\/32b0ac748dd07225155b3da6f449ed42f3edf05ef0abd60c66304c8378d1f2ee?s=96&d=mm&r=g","caption":"smw"},"sameAs":["https:\/\/www.merkley.senate.gov"],"url":"https:\/\/www.merkley.senate.gov\/es\/author\/smw\/"}]}},"_links":{"self":[{"href":"https:\/\/www.merkley.senate.gov\/es\/wp-json\/wp\/v2\/posts\/7276","targetHints":{"allow":["GET"]}}],"collection":[{"href":"https:\/\/www.merkley.senate.gov\/es\/wp-json\/wp\/v2\/posts"}],"about":[{"href":"https:\/\/www.merkley.senate.gov\/es\/wp-json\/wp\/v2\/types\/post"}],"author":[{"embeddable":true,"href":"https:\/\/www.merkley.senate.gov\/es\/wp-json\/wp\/v2\/users\/1"}],"replies":[{"embeddable":true,"href":"https:\/\/www.merkley.senate.gov\/es\/wp-json\/wp\/v2\/comments?post=7276"}],"version-history":[{"count":1,"href":"https:\/\/www.merkley.senate.gov\/es\/wp-json\/wp\/v2\/posts\/7276\/revisions"}],"predecessor-version":[{"id":7277,"href":"https:\/\/www.merkley.senate.gov\/es\/wp-json\/wp\/v2\/posts\/7276\/revisions\/7277"}],"wp:attachment":[{"href":"https:\/\/www.merkley.senate.gov\/es\/wp-json\/wp\/v2\/media?parent=7276"}],"wp:term":[{"taxonomy":"category","embeddable":true,"href":"https:\/\/www.merkley.senate.gov\/es\/wp-json\/wp\/v2\/categories?post=7276"},{"taxonomy":"post_tag","embeddable":true,"href":"https:\/\/www.merkley.senate.gov\/es\/wp-json\/wp\/v2\/tags?post=7276"}],"curies":[{"name":"wp","href":"https:\/\/api.w.org\/{rel}","templated":true}]}}