{"id":768,"date":"2023-07-07T15:00:32","date_gmt":"2023-07-07T19:00:32","guid":{"rendered":"https:\/\/www.merkley.senate.gov\/?p=768"},"modified":"2023-08-28T13:45:43","modified_gmt":"2023-08-28T17:45:43","slug":"merkley-announces-july-town-halls","status":"publish","type":"post","link":"https:\/\/www.merkley.senate.gov\/es\/merkley-announces-july-town-halls\/","title":{"rendered":"MERKLEY ANUNCIA LOS AYUNTAMIENTOS DE JULIO"},"content":{"rendered":"<p>viernes, 7 de julio de 2023<\/p>\n\n\n\n<p>Washington, DC \u2013 El senador estadounidense de Oreg\u00f3n, Jeff Merkley, anunci\u00f3 hoy que seguir\u00e1 celebrando asambleas p\u00fablicas en persona en 2023 con conversaciones comunitarias en cuatro condados de Oreg\u00f3n en julio: los condados de Multnomah, Washington, Columbia y Lane.<\/p>\n\n\n\n<blockquote class=\"wp-block-quote is-layout-flow wp-block-quote-is-layout-flow\">\n<p>\u201cCelebro un ayuntamiento para cada condado de Oreg\u00f3n, todos los a\u00f1os porque simplemente no hay sustituto para escuchar directamente de la gente sobre las ideas y prioridades que m\u00e1s les importan a ellos y a sus comunidades. Los pensamientos de los habitantes de Oreg\u00f3n ayudan a dar forma a mi trabajo en el Congreso, incluidas las posiciones sobre pol\u00edticas, ideas para proyectos de ley y estrategias para asegurar recursos para cada rinc\u00f3n de nuestro estado\u201d.&nbsp;<strong>dijo Merkley.<\/strong><\/p>\n\n\n\n<p>\u201cEn el transcurso de los m\u00e1s de 500 ayuntamientos que he realizado desde que los habitantes de Oreg\u00f3n me enviaron al Senado, he visto c\u00f3mo estos eventos brindan espacios respetuosos y seguros para que las personas expresen sus puntos de vista \u00fanicos durante estos tiempos a menudo divisivos. . Todos nos beneficiamos significativamente cuando salimos de nuestra zona de confort y nos abrimos a nuevas formas de ver los problemas, incluido yo mismo.<\/p>\n\n\n\n<p>&quot;Ha sido genial volver a la carretera para conocer a los habitantes de Oreg\u00f3n de todos los \u00e1mbitos de la vida&quot;.<\/p>\n<\/blockquote>\n\n\n\n<p>Desde que asumi\u00f3 el cargo en 2009, el Senador Merkley ha cumplido su promesa de celebrar un ayuntamiento abierto para cada uno de los 36 condados de Oreg\u00f3n cada a\u00f1o. En los \u00faltimos a\u00f1os, muchos de los eventos han sido virtuales en medio de la pandemia de COVID-19.<\/p>\n\n\n\n<p>El Senador Merkley ha hablado con los habitantes de Oreg\u00f3n en todo el estado desde principios de 2023. Sus pr\u00f3ximas conversaciones en el ayuntamiento son las siguientes, con detalles adicionales que se enviar\u00e1n a los medios locales antes de cada ayuntamiento:<\/p>\n\n\n\n<p><strong>S\u00e1bado 15 de julio:<\/strong><\/p>\n\n\n\n<p><strong>Ayuntamiento del condado de Multnomah<\/strong><\/p>\n\n\n\n<p><em>Tiempo<\/em>: 10 a. m. (hora del Pac\u00edfico)<\/p>\n\n\n\n<p><em>Ubicaci\u00f3n:<\/em>&nbsp;Escuela Secundaria Centennial\u2014Gimnasio<\/p>\n\n\n\n<p>3505 SE 182nd Ave. Gresham, Oreg\u00f3n 97030<\/p>\n\n\n\n<p><strong>Ayuntamiento del condado de Washington<\/strong><\/p>\n\n\n\n<p><em>Tiempo<\/em>: 1 p. m. (hora del Pac\u00edfico)<\/p>\n\n\n\n<p><em>Ubicaci\u00f3n:<\/em>&nbsp;Escuela Secundaria Century\u2014Gimnasio<\/p>\n\n\n\n<p>2000 SE Century Blvd. Hillsboro, Oreg\u00f3n 97123<\/p>\n\n\n\n<p><strong>Ayuntamiento del condado de Columbia<\/strong><\/p>\n\n\n\n<p><em>Tiempo<\/em>: 4 p. m. (hora del Pac\u00edfico)<\/p>\n\n\n\n<p><em>Ubicaci\u00f3n:<\/em>&nbsp;Escuela Primaria Lewis y Clark\u2014Gimnasio<\/p>\n\n\n\n<p>111 S 9th St. St. Helens, OR 97051<\/p>\n\n\n\n<p><strong>Domingo 16 de julio:<\/strong><\/p>\n\n\n\n<p><strong>Ayuntamiento del condado de Lane<\/strong><\/p>\n\n\n\n<p><em>Tiempo:<\/em>&nbsp;3 p. m. (hora del Pac\u00edfico)<\/p>\n\n\n\n<p><em>Ubicaci\u00f3n:<\/em>&nbsp;Lane County Community College\u2014Edificio 19, Konnie Conference Room 103, 1.er piso<\/p>\n\n\n\n<p>4000 E 30th Ave, Eugene, OR 97405<\/p>\n\n\n\n<p class=\"has-text-align-center\">###<\/p>","protected":false},"excerpt":{"rendered":"<p>Friday, July 7, 2023 Washington, D.C. \u2013 Oregon\u2019s U.S. Senator Jeff Merkley announced today he is continuing to hold in-person town halls in 2023 with community conversations in four Oregon counties in July: Multnomah, Washington, Columbia, and Lane Counties. \u201cI hold a town hall for every Oregon county, every year because there is simply no [&hellip;]<\/p>\n","protected":false},"author":1,"featured_media":0,"comment_status":"open","ping_status":"open","sticky":false,"template":"","format":"standard","meta":{"_acf_changed":false,"inline_featured_image":false,"footnotes":""},"categories":[24],"tags":[118],"class_list":["post-768","post","type-post","status-publish","format-standard","hentry","category-press-releases","tag-delivering-for-oregon"],"acf":[],"yoast_head":"<!-- This site is optimized with the Yoast SEO plugin v27.2 - https:\/\/yoast.com\/product\/yoast-seo-wordpress\/ -->\n<title>MERKLEY ANNOUNCES JULY TOWN HALLS - Merkley<\/title>\n<meta name=\"robots\" content=\"index, follow, max-snippet:-1, max-image-preview:large, max-video-preview:-1\" \/>\n<link rel=\"canonical\" href=\"https:\/\/www.merkley.senate.gov\/es\/merkley-announces-july-town-halls\/\" \/>\n<meta property=\"og:locale\" content=\"es_MX\" \/>\n<meta property=\"og:type\" content=\"article\" \/>\n<meta property=\"og:title\" content=\"MERKLEY ANNOUNCES JULY TOWN HALLS - Merkley\" \/>\n<meta property=\"og:description\" content=\"Friday, July 7, 2023 Washington, D.C. \u2013 Oregon\u2019s U.S. Senator Jeff Merkley announced today he is continuing to hold in-person town halls in 2023 with community conversations in four Oregon counties in July: Multnomah, Washington, Columbia, and Lane Counties. \u201cI hold a town hall for every Oregon county, every year because there is simply no [&hellip;]\" \/>\n<meta property=\"og:url\" content=\"https:\/\/www.merkley.senate.gov\/es\/merkley-announces-july-town-halls\/\" \/>\n<meta property=\"og:site_name\" content=\"Merkley\" \/>\n<meta property=\"article:published_time\" content=\"2023-07-07T19:00:32+00:00\" \/>\n<meta property=\"article:modified_time\" content=\"2023-08-28T17:45:43+00:00\" \/>\n<meta name=\"author\" content=\"smw\" \/>\n<meta name=\"twitter:card\" content=\"summary_large_image\" \/>\n<meta name=\"twitter:label1\" content=\"Written by\" \/>\n\t<meta name=\"twitter:data1\" content=\"smw\" \/>\n\t<meta name=\"twitter:label2\" content=\"Est. reading time\" \/>\n\t<meta name=\"twitter:data2\" content=\"1 minute\" \/>\n<script type=\"application\/ld+json\" class=\"yoast-schema-graph\">{\"@context\":\"https:\/\/schema.org\",\"@graph\":[{\"@type\":\"Article\",\"@id\":\"https:\/\/www.merkley.senate.gov\/merkley-announces-july-town-halls\/#article\",\"isPartOf\":{\"@id\":\"https:\/\/www.merkley.senate.gov\/merkley-announces-july-town-halls\/\"},\"author\":{\"name\":\"smw\",\"@id\":\"https:\/\/www.merkley.senate.gov\/#\/schema\/person\/48ac5e5db5baef2064b650a6708be1de\"},\"headline\":\"MERKLEY ANNOUNCES JULY TOWN HALLS\",\"datePublished\":\"2023-07-07T19:00:32+00:00\",\"dateModified\":\"2023-08-28T17:45:43+00:00\",\"mainEntityOfPage\":{\"@id\":\"https:\/\/www.merkley.senate.gov\/merkley-announces-july-town-halls\/\"},\"wordCount\":356,\"commentCount\":0,\"keywords\":[\"Delivering for Oregon\"],\"articleSection\":[\"Press Releases\"],\"inLanguage\":\"es-MX\",\"potentialAction\":[{\"@type\":\"CommentAction\",\"name\":\"Comment\",\"target\":[\"https:\/\/www.merkley.senate.gov\/merkley-announces-july-town-halls\/#respond\"]}]},{\"@type\":\"WebPage\",\"@id\":\"https:\/\/www.merkley.senate.gov\/merkley-announces-july-town-halls\/\",\"url\":\"https:\/\/www.merkley.senate.gov\/merkley-announces-july-town-halls\/\",\"name\":\"MERKLEY ANNOUNCES JULY TOWN HALLS - Merkley\",\"isPartOf\":{\"@id\":\"https:\/\/www.merkley.senate.gov\/#website\"},\"datePublished\":\"2023-07-07T19:00:32+00:00\",\"dateModified\":\"2023-08-28T17:45:43+00:00\",\"author\":{\"@id\":\"https:\/\/www.merkley.senate.gov\/#\/schema\/person\/48ac5e5db5baef2064b650a6708be1de\"},\"breadcrumb\":{\"@id\":\"https:\/\/www.merkley.senate.gov\/merkley-announces-july-town-halls\/#breadcrumb\"},\"inLanguage\":\"es-MX\",\"potentialAction\":[{\"@type\":\"ReadAction\",\"target\":[\"https:\/\/www.merkley.senate.gov\/merkley-announces-july-town-halls\/\"]}]},{\"@type\":\"BreadcrumbList\",\"@id\":\"https:\/\/www.merkley.senate.gov\/merkley-announces-july-town-halls\/#breadcrumb\",\"itemListElement\":[{\"@type\":\"ListItem\",\"position\":1,\"name\":\"Home\",\"item\":\"https:\/\/www.merkley.senate.gov\/\"},{\"@type\":\"ListItem\",\"position\":2,\"name\":\"MERKLEY ANNOUNCES JULY TOWN HALLS\"}]},{\"@type\":\"WebSite\",\"@id\":\"https:\/\/www.merkley.senate.gov\/#website\",\"url\":\"https:\/\/www.merkley.senate.gov\/\",\"name\":\"Merkley\",\"description\":\"Merkley\",\"potentialAction\":[{\"@type\":\"SearchAction\",\"target\":{\"@type\":\"EntryPoint\",\"urlTemplate\":\"https:\/\/www.merkley.senate.gov\/?s={search_term_string}\"},\"query-input\":{\"@type\":\"PropertyValueSpecification\",\"valueRequired\":true,\"valueName\":\"search_term_string\"}}],\"inLanguage\":\"es-MX\"},{\"@type\":\"Person\",\"@id\":\"https:\/\/www.merkley.senate.gov\/#\/schema\/person\/48ac5e5db5baef2064b650a6708be1de\",\"name\":\"smw\",\"image\":{\"@type\":\"ImageObject\",\"inLanguage\":\"es-MX\",\"@id\":\"https:\/\/secure.gravatar.com\/avatar\/32b0ac748dd07225155b3da6f449ed42f3edf05ef0abd60c66304c8378d1f2ee?s=96&d=mm&r=g\",\"url\":\"https:\/\/secure.gravatar.com\/avatar\/32b0ac748dd07225155b3da6f449ed42f3edf05ef0abd60c66304c8378d1f2ee?s=96&d=mm&r=g\",\"contentUrl\":\"https:\/\/secure.gravatar.com\/avatar\/32b0ac748dd07225155b3da6f449ed42f3edf05ef0abd60c66304c8378d1f2ee?s=96&d=mm&r=g\",\"caption\":\"smw\"},\"sameAs\":[\"https:\/\/www.merkley.senate.gov\"],\"url\":\"https:\/\/www.merkley.senate.gov\/es\/author\/smw\/\"}]}<\/script>\n<!-- \/ Yoast SEO plugin. -->","yoast_head_json":{"title":"MERKLEY ANNOUNCES JULY TOWN HALLS - Merkley","robots":{"index":"index","follow":"follow","max-snippet":"max-snippet:-1","max-image-preview":"max-image-preview:large","max-video-preview":"max-video-preview:-1"},"canonical":"https:\/\/www.merkley.senate.gov\/es\/merkley-announces-july-town-halls\/","og_locale":"es_MX","og_type":"article","og_title":"MERKLEY ANNOUNCES JULY TOWN HALLS - Merkley","og_description":"Friday, July 7, 2023 Washington, D.C. \u2013 Oregon\u2019s U.S. Senator Jeff Merkley announced today he is continuing to hold in-person town halls in 2023 with community conversations in four Oregon counties in July: Multnomah, Washington, Columbia, and Lane Counties. \u201cI hold a town hall for every Oregon county, every year because there is simply no [&hellip;]","og_url":"https:\/\/www.merkley.senate.gov\/es\/merkley-announces-july-town-halls\/","og_site_name":"Merkley","article_published_time":"2023-07-07T19:00:32+00:00","article_modified_time":"2023-08-28T17:45:43+00:00","author":"smw","twitter_card":"summary_large_image","twitter_misc":{"Written by":"smw","Est. reading time":"1 minute"},"schema":{"@context":"https:\/\/schema.org","@graph":[{"@type":"Article","@id":"https:\/\/www.merkley.senate.gov\/merkley-announces-july-town-halls\/#article","isPartOf":{"@id":"https:\/\/www.merkley.senate.gov\/merkley-announces-july-town-halls\/"},"author":{"name":"smw","@id":"https:\/\/www.merkley.senate.gov\/#\/schema\/person\/48ac5e5db5baef2064b650a6708be1de"},"headline":"MERKLEY ANNOUNCES JULY TOWN HALLS","datePublished":"2023-07-07T19:00:32+00:00","dateModified":"2023-08-28T17:45:43+00:00","mainEntityOfPage":{"@id":"https:\/\/www.merkley.senate.gov\/merkley-announces-july-town-halls\/"},"wordCount":356,"commentCount":0,"keywords":["Delivering for Oregon"],"articleSection":["Press Releases"],"inLanguage":"es-MX","potentialAction":[{"@type":"CommentAction","name":"Comment","target":["https:\/\/www.merkley.senate.gov\/merkley-announces-july-town-halls\/#respond"]}]},{"@type":"WebPage","@id":"https:\/\/www.merkley.senate.gov\/merkley-announces-july-town-halls\/","url":"https:\/\/www.merkley.senate.gov\/merkley-announces-july-town-halls\/","name":"MERKLEY ANNOUNCES JULY TOWN HALLS - Merkley","isPartOf":{"@id":"https:\/\/www.merkley.senate.gov\/#website"},"datePublished":"2023-07-07T19:00:32+00:00","dateModified":"2023-08-28T17:45:43+00:00","author":{"@id":"https:\/\/www.merkley.senate.gov\/#\/schema\/person\/48ac5e5db5baef2064b650a6708be1de"},"breadcrumb":{"@id":"https:\/\/www.merkley.senate.gov\/merkley-announces-july-town-halls\/#breadcrumb"},"inLanguage":"es-MX","potentialAction":[{"@type":"ReadAction","target":["https:\/\/www.merkley.senate.gov\/merkley-announces-july-town-halls\/"]}]},{"@type":"BreadcrumbList","@id":"https:\/\/www.merkley.senate.gov\/merkley-announces-july-town-halls\/#breadcrumb","itemListElement":[{"@type":"ListItem","position":1,"name":"Home","item":"https:\/\/www.merkley.senate.gov\/"},{"@type":"ListItem","position":2,"name":"MERKLEY ANNOUNCES JULY TOWN HALLS"}]},{"@type":"WebSite","@id":"https:\/\/www.merkley.senate.gov\/#website","url":"https:\/\/www.merkley.senate.gov\/","name":"merkley","description":"merkley","potentialAction":[{"@type":"SearchAction","target":{"@type":"EntryPoint","urlTemplate":"https:\/\/www.merkley.senate.gov\/?s={search_term_string}"},"query-input":{"@type":"PropertyValueSpecification","valueRequired":true,"valueName":"search_term_string"}}],"inLanguage":"es-MX"},{"@type":"Person","@id":"https:\/\/www.merkley.senate.gov\/#\/schema\/person\/48ac5e5db5baef2064b650a6708be1de","name":"smw","image":{"@type":"ImageObject","inLanguage":"es-MX","@id":"https:\/\/secure.gravatar.com\/avatar\/32b0ac748dd07225155b3da6f449ed42f3edf05ef0abd60c66304c8378d1f2ee?s=96&d=mm&r=g","url":"https:\/\/secure.gravatar.com\/avatar\/32b0ac748dd07225155b3da6f449ed42f3edf05ef0abd60c66304c8378d1f2ee?s=96&d=mm&r=g","contentUrl":"https:\/\/secure.gravatar.com\/avatar\/32b0ac748dd07225155b3da6f449ed42f3edf05ef0abd60c66304c8378d1f2ee?s=96&d=mm&r=g","caption":"smw"},"sameAs":["https:\/\/www.merkley.senate.gov"],"url":"https:\/\/www.merkley.senate.gov\/es\/author\/smw\/"}]}},"_links":{"self":[{"href":"https:\/\/www.merkley.senate.gov\/es\/wp-json\/wp\/v2\/posts\/768","targetHints":{"allow":["GET"]}}],"collection":[{"href":"https:\/\/www.merkley.senate.gov\/es\/wp-json\/wp\/v2\/posts"}],"about":[{"href":"https:\/\/www.merkley.senate.gov\/es\/wp-json\/wp\/v2\/types\/post"}],"author":[{"embeddable":true,"href":"https:\/\/www.merkley.senate.gov\/es\/wp-json\/wp\/v2\/users\/1"}],"replies":[{"embeddable":true,"href":"https:\/\/www.merkley.senate.gov\/es\/wp-json\/wp\/v2\/comments?post=768"}],"version-history":[{"count":1,"href":"https:\/\/www.merkley.senate.gov\/es\/wp-json\/wp\/v2\/posts\/768\/revisions"}],"predecessor-version":[{"id":771,"href":"https:\/\/www.merkley.senate.gov\/es\/wp-json\/wp\/v2\/posts\/768\/revisions\/771"}],"wp:attachment":[{"href":"https:\/\/www.merkley.senate.gov\/es\/wp-json\/wp\/v2\/media?parent=768"}],"wp:term":[{"taxonomy":"category","embeddable":true,"href":"https:\/\/www.merkley.senate.gov\/es\/wp-json\/wp\/v2\/categories?post=768"},{"taxonomy":"post_tag","embeddable":true,"href":"https:\/\/www.merkley.senate.gov\/es\/wp-json\/wp\/v2\/tags?post=768"}],"curies":[{"name":"wp","href":"https:\/\/api.w.org\/{rel}","templated":true}]}}