{"id":8013,"date":"2019-06-15T12:00:00","date_gmt":"2019-06-15T16:00:00","guid":{"rendered":"https:\/\/www.merkley.senate.gov\/wasco-county-town-hall-5\/"},"modified":"2024-02-23T11:10:13","modified_gmt":"2024-02-23T16:10:13","slug":"wasco-county-town-hall-5","status":"publish","type":"post","link":"https:\/\/www.merkley.senate.gov\/es\/wasco-county-town-hall-5\/","title":{"rendered":"Ayuntamiento del condado de Wasco"},"content":{"rendered":"<p><span>El Senador Merkley actualizar\u00e1 a los electores sobre su trabajo en Washington, DC, responder\u00e1 sus preguntas e invitar\u00e1 sus sugerencias sobre c\u00f3mo abordar los desaf\u00edos que enfrentan Oreg\u00f3n y Estados Unidos.<\/span><\/p>\n<p>Centro de preparaci\u00f3n de Fort Dalles, piso de perforaci\u00f3n<br \/>\n402 E. Paseo panor\u00e1mico<br \/>\nLos Dalles, OR 97058<\/p>","protected":false},"excerpt":{"rendered":"<p>El Senador Merkley actualizar\u00e1 a los electores sobre su trabajo en Washington, DC, responder\u00e1 sus preguntas e invitar\u00e1 sus sugerencias sobre c\u00f3mo abordar los desaf\u00edos que enfrentan Oreg\u00f3n y Estados Unidos. Centro de preparaci\u00f3n de Fort Dalles, piso de perforaci\u00f3n 402 E. Scenic Drive The Dalles, OR 97058<\/p>","protected":false},"author":1,"featured_media":0,"comment_status":"open","ping_status":"open","sticky":false,"template":"","format":"standard","meta":{"_acf_changed":false,"inline_featured_image":false,"footnotes":""},"categories":[23],"tags":[],"class_list":["post-8013","post","type-post","status-publish","format-standard","hentry","category-town-halls"],"acf":[],"yoast_head":"<!-- This site is optimized with the Yoast SEO plugin v27.2 - https:\/\/yoast.com\/product\/yoast-seo-wordpress\/ -->\n<title>Wasco County Town Hall - Merkley<\/title>\n<meta name=\"robots\" content=\"index, follow, max-snippet:-1, max-image-preview:large, max-video-preview:-1\" \/>\n<link rel=\"canonical\" href=\"https:\/\/www.merkley.senate.gov\/es\/wasco-county-town-hall-5\/\" \/>\n<meta property=\"og:locale\" content=\"es_MX\" \/>\n<meta property=\"og:type\" content=\"article\" \/>\n<meta property=\"og:title\" content=\"Wasco County Town Hall - Merkley\" \/>\n<meta property=\"og:description\" content=\"Senator Merkley will update constituents on his work in Washington, D.C., answer their questions and invite their suggestions about how to tackle the challenges facing Oregon and America. Fort Dalles Readiness Center, drill floor 402 E. Scenic Drive The Dalles, OR 97058\" \/>\n<meta property=\"og:url\" content=\"https:\/\/www.merkley.senate.gov\/es\/wasco-county-town-hall-5\/\" \/>\n<meta property=\"og:site_name\" content=\"Merkley\" \/>\n<meta property=\"article:published_time\" content=\"2019-06-15T16:00:00+00:00\" \/>\n<meta property=\"article:modified_time\" content=\"2024-02-23T16:10:13+00:00\" \/>\n<meta name=\"author\" content=\"smw\" \/>\n<meta name=\"twitter:card\" content=\"summary_large_image\" \/>\n<meta name=\"twitter:label1\" content=\"Written by\" \/>\n\t<meta name=\"twitter:data1\" content=\"smw\" \/>\n<script type=\"application\/ld+json\" class=\"yoast-schema-graph\">{\"@context\":\"https:\/\/schema.org\",\"@graph\":[{\"@type\":\"Article\",\"@id\":\"https:\/\/www.merkley.senate.gov\/wasco-county-town-hall-5\/#article\",\"isPartOf\":{\"@id\":\"https:\/\/www.merkley.senate.gov\/wasco-county-town-hall-5\/\"},\"author\":{\"name\":\"smw\",\"@id\":\"https:\/\/www.merkley.senate.gov\/#\/schema\/person\/48ac5e5db5baef2064b650a6708be1de\"},\"headline\":\"Wasco County Town Hall\",\"datePublished\":\"2019-06-15T16:00:00+00:00\",\"dateModified\":\"2024-02-23T16:10:13+00:00\",\"mainEntityOfPage\":{\"@id\":\"https:\/\/www.merkley.senate.gov\/wasco-county-town-hall-5\/\"},\"wordCount\":45,\"commentCount\":0,\"articleSection\":[\"Town Halls\"],\"inLanguage\":\"es-MX\",\"potentialAction\":[{\"@type\":\"CommentAction\",\"name\":\"Comment\",\"target\":[\"https:\/\/www.merkley.senate.gov\/wasco-county-town-hall-5\/#respond\"]}]},{\"@type\":\"WebPage\",\"@id\":\"https:\/\/www.merkley.senate.gov\/wasco-county-town-hall-5\/\",\"url\":\"https:\/\/www.merkley.senate.gov\/wasco-county-town-hall-5\/\",\"name\":\"Wasco County Town Hall - Merkley\",\"isPartOf\":{\"@id\":\"https:\/\/www.merkley.senate.gov\/#website\"},\"datePublished\":\"2019-06-15T16:00:00+00:00\",\"dateModified\":\"2024-02-23T16:10:13+00:00\",\"author\":{\"@id\":\"https:\/\/www.merkley.senate.gov\/#\/schema\/person\/48ac5e5db5baef2064b650a6708be1de\"},\"breadcrumb\":{\"@id\":\"https:\/\/www.merkley.senate.gov\/wasco-county-town-hall-5\/#breadcrumb\"},\"inLanguage\":\"es-MX\",\"potentialAction\":[{\"@type\":\"ReadAction\",\"target\":[\"https:\/\/www.merkley.senate.gov\/wasco-county-town-hall-5\/\"]}]},{\"@type\":\"BreadcrumbList\",\"@id\":\"https:\/\/www.merkley.senate.gov\/wasco-county-town-hall-5\/#breadcrumb\",\"itemListElement\":[{\"@type\":\"ListItem\",\"position\":1,\"name\":\"Home\",\"item\":\"https:\/\/www.merkley.senate.gov\/\"},{\"@type\":\"ListItem\",\"position\":2,\"name\":\"Wasco County Town Hall\"}]},{\"@type\":\"WebSite\",\"@id\":\"https:\/\/www.merkley.senate.gov\/#website\",\"url\":\"https:\/\/www.merkley.senate.gov\/\",\"name\":\"Merkley\",\"description\":\"Merkley\",\"potentialAction\":[{\"@type\":\"SearchAction\",\"target\":{\"@type\":\"EntryPoint\",\"urlTemplate\":\"https:\/\/www.merkley.senate.gov\/?s={search_term_string}\"},\"query-input\":{\"@type\":\"PropertyValueSpecification\",\"valueRequired\":true,\"valueName\":\"search_term_string\"}}],\"inLanguage\":\"es-MX\"},{\"@type\":\"Person\",\"@id\":\"https:\/\/www.merkley.senate.gov\/#\/schema\/person\/48ac5e5db5baef2064b650a6708be1de\",\"name\":\"smw\",\"image\":{\"@type\":\"ImageObject\",\"inLanguage\":\"es-MX\",\"@id\":\"https:\/\/secure.gravatar.com\/avatar\/32b0ac748dd07225155b3da6f449ed42f3edf05ef0abd60c66304c8378d1f2ee?s=96&d=mm&r=g\",\"url\":\"https:\/\/secure.gravatar.com\/avatar\/32b0ac748dd07225155b3da6f449ed42f3edf05ef0abd60c66304c8378d1f2ee?s=96&d=mm&r=g\",\"contentUrl\":\"https:\/\/secure.gravatar.com\/avatar\/32b0ac748dd07225155b3da6f449ed42f3edf05ef0abd60c66304c8378d1f2ee?s=96&d=mm&r=g\",\"caption\":\"smw\"},\"sameAs\":[\"https:\/\/www.merkley.senate.gov\"],\"url\":\"https:\/\/www.merkley.senate.gov\/es\/author\/smw\/\"}]}<\/script>\n<!-- \/ Yoast SEO plugin. -->","yoast_head_json":{"title":"Wasco County Town Hall - Merkley","robots":{"index":"index","follow":"follow","max-snippet":"max-snippet:-1","max-image-preview":"max-image-preview:large","max-video-preview":"max-video-preview:-1"},"canonical":"https:\/\/www.merkley.senate.gov\/es\/wasco-county-town-hall-5\/","og_locale":"es_MX","og_type":"article","og_title":"Wasco County Town Hall - Merkley","og_description":"Senator Merkley will update constituents on his work in Washington, D.C., answer their questions and invite their suggestions about how to tackle the challenges facing Oregon and America. Fort Dalles Readiness Center, drill floor 402 E. Scenic Drive The Dalles, OR 97058","og_url":"https:\/\/www.merkley.senate.gov\/es\/wasco-county-town-hall-5\/","og_site_name":"Merkley","article_published_time":"2019-06-15T16:00:00+00:00","article_modified_time":"2024-02-23T16:10:13+00:00","author":"smw","twitter_card":"summary_large_image","twitter_misc":{"Written by":"smw"},"schema":{"@context":"https:\/\/schema.org","@graph":[{"@type":"Article","@id":"https:\/\/www.merkley.senate.gov\/wasco-county-town-hall-5\/#article","isPartOf":{"@id":"https:\/\/www.merkley.senate.gov\/wasco-county-town-hall-5\/"},"author":{"name":"smw","@id":"https:\/\/www.merkley.senate.gov\/#\/schema\/person\/48ac5e5db5baef2064b650a6708be1de"},"headline":"Wasco County Town Hall","datePublished":"2019-06-15T16:00:00+00:00","dateModified":"2024-02-23T16:10:13+00:00","mainEntityOfPage":{"@id":"https:\/\/www.merkley.senate.gov\/wasco-county-town-hall-5\/"},"wordCount":45,"commentCount":0,"articleSection":["Town Halls"],"inLanguage":"es-MX","potentialAction":[{"@type":"CommentAction","name":"Comment","target":["https:\/\/www.merkley.senate.gov\/wasco-county-town-hall-5\/#respond"]}]},{"@type":"WebPage","@id":"https:\/\/www.merkley.senate.gov\/wasco-county-town-hall-5\/","url":"https:\/\/www.merkley.senate.gov\/wasco-county-town-hall-5\/","name":"Wasco County Town Hall - Merkley","isPartOf":{"@id":"https:\/\/www.merkley.senate.gov\/#website"},"datePublished":"2019-06-15T16:00:00+00:00","dateModified":"2024-02-23T16:10:13+00:00","author":{"@id":"https:\/\/www.merkley.senate.gov\/#\/schema\/person\/48ac5e5db5baef2064b650a6708be1de"},"breadcrumb":{"@id":"https:\/\/www.merkley.senate.gov\/wasco-county-town-hall-5\/#breadcrumb"},"inLanguage":"es-MX","potentialAction":[{"@type":"ReadAction","target":["https:\/\/www.merkley.senate.gov\/wasco-county-town-hall-5\/"]}]},{"@type":"BreadcrumbList","@id":"https:\/\/www.merkley.senate.gov\/wasco-county-town-hall-5\/#breadcrumb","itemListElement":[{"@type":"ListItem","position":1,"name":"Home","item":"https:\/\/www.merkley.senate.gov\/"},{"@type":"ListItem","position":2,"name":"Wasco County Town Hall"}]},{"@type":"WebSite","@id":"https:\/\/www.merkley.senate.gov\/#website","url":"https:\/\/www.merkley.senate.gov\/","name":"merkley","description":"merkley","potentialAction":[{"@type":"SearchAction","target":{"@type":"EntryPoint","urlTemplate":"https:\/\/www.merkley.senate.gov\/?s={search_term_string}"},"query-input":{"@type":"PropertyValueSpecification","valueRequired":true,"valueName":"search_term_string"}}],"inLanguage":"es-MX"},{"@type":"Person","@id":"https:\/\/www.merkley.senate.gov\/#\/schema\/person\/48ac5e5db5baef2064b650a6708be1de","name":"smw","image":{"@type":"ImageObject","inLanguage":"es-MX","@id":"https:\/\/secure.gravatar.com\/avatar\/32b0ac748dd07225155b3da6f449ed42f3edf05ef0abd60c66304c8378d1f2ee?s=96&d=mm&r=g","url":"https:\/\/secure.gravatar.com\/avatar\/32b0ac748dd07225155b3da6f449ed42f3edf05ef0abd60c66304c8378d1f2ee?s=96&d=mm&r=g","contentUrl":"https:\/\/secure.gravatar.com\/avatar\/32b0ac748dd07225155b3da6f449ed42f3edf05ef0abd60c66304c8378d1f2ee?s=96&d=mm&r=g","caption":"smw"},"sameAs":["https:\/\/www.merkley.senate.gov"],"url":"https:\/\/www.merkley.senate.gov\/es\/author\/smw\/"}]}},"_links":{"self":[{"href":"https:\/\/www.merkley.senate.gov\/es\/wp-json\/wp\/v2\/posts\/8013","targetHints":{"allow":["GET"]}}],"collection":[{"href":"https:\/\/www.merkley.senate.gov\/es\/wp-json\/wp\/v2\/posts"}],"about":[{"href":"https:\/\/www.merkley.senate.gov\/es\/wp-json\/wp\/v2\/types\/post"}],"author":[{"embeddable":true,"href":"https:\/\/www.merkley.senate.gov\/es\/wp-json\/wp\/v2\/users\/1"}],"replies":[{"embeddable":true,"href":"https:\/\/www.merkley.senate.gov\/es\/wp-json\/wp\/v2\/comments?post=8013"}],"version-history":[{"count":2,"href":"https:\/\/www.merkley.senate.gov\/es\/wp-json\/wp\/v2\/posts\/8013\/revisions"}],"predecessor-version":[{"id":9516,"href":"https:\/\/www.merkley.senate.gov\/es\/wp-json\/wp\/v2\/posts\/8013\/revisions\/9516"}],"wp:attachment":[{"href":"https:\/\/www.merkley.senate.gov\/es\/wp-json\/wp\/v2\/media?parent=8013"}],"wp:term":[{"taxonomy":"category","embeddable":true,"href":"https:\/\/www.merkley.senate.gov\/es\/wp-json\/wp\/v2\/categories?post=8013"},{"taxonomy":"post_tag","embeddable":true,"href":"https:\/\/www.merkley.senate.gov\/es\/wp-json\/wp\/v2\/tags?post=8013"}],"curies":[{"name":"wp","href":"https:\/\/api.w.org\/{rel}","templated":true}]}}