{"id":8154,"date":"2015-11-23T13:30:00","date_gmt":"2015-11-23T18:30:00","guid":{"rendered":"https:\/\/www.merkley.senate.gov\/washington-county-town-hall-8\/"},"modified":"2024-02-23T11:10:44","modified_gmt":"2024-02-23T16:10:44","slug":"washington-county-town-hall-8","status":"publish","type":"post","link":"https:\/\/www.merkley.senate.gov\/es\/washington-county-town-hall-8\/","title":{"rendered":"Ayuntamiento del condado de Washington"},"content":{"rendered":"<p><span>El Senador Merkley actualizar\u00e1 a los electores sobre su trabajo en Washington, DC y responder\u00e1 sus preguntas e invitar\u00e1 sus sugerencias sobre c\u00f3mo abordar los desaf\u00edos que enfrentan Oreg\u00f3n y Estados Unidos.<\/span><\/p>\n<p>Cafeter\u00eda de la escuela secundaria de Beaverton<br \/>\n13000 SW 2nd Calle<br \/>\nBeaverton, OR 97005<\/p>","protected":false},"excerpt":{"rendered":"<p>El Senador Merkley actualizar\u00e1 a los electores sobre su trabajo en Washington, DC y responder\u00e1 sus preguntas e invitar\u00e1 sus sugerencias sobre c\u00f3mo abordar los desaf\u00edos que enfrentan Oreg\u00f3n y Estados Unidos. Cafeter\u00eda de Beaverton High School 13000 SW 2nd Street Beaverton, OR 97005<\/p>","protected":false},"author":1,"featured_media":0,"comment_status":"open","ping_status":"open","sticky":false,"template":"","format":"standard","meta":{"_acf_changed":false,"inline_featured_image":false,"footnotes":""},"categories":[23],"tags":[],"class_list":["post-8154","post","type-post","status-publish","format-standard","hentry","category-town-halls"],"acf":[],"yoast_head":"<!-- This site is optimized with the Yoast SEO plugin v27.2 - https:\/\/yoast.com\/product\/yoast-seo-wordpress\/ -->\n<title>Washington County Town Hall - Merkley<\/title>\n<meta name=\"robots\" content=\"index, follow, max-snippet:-1, max-image-preview:large, max-video-preview:-1\" \/>\n<link rel=\"canonical\" href=\"https:\/\/www.merkley.senate.gov\/es\/washington-county-town-hall-8\/\" \/>\n<meta property=\"og:locale\" content=\"es_MX\" \/>\n<meta property=\"og:type\" content=\"article\" \/>\n<meta property=\"og:title\" content=\"Washington County Town Hall - Merkley\" \/>\n<meta property=\"og:description\" content=\"Senator Merkley will update constituents on his work in Washington, D.C. and answer their questions and invite their suggestions about how to tackle the challenges facing Oregon and America. Beaverton High School Cafeteria 13000 SW 2nd Street Beaverton, OR 97005\" \/>\n<meta property=\"og:url\" content=\"https:\/\/www.merkley.senate.gov\/es\/washington-county-town-hall-8\/\" \/>\n<meta property=\"og:site_name\" content=\"Merkley\" \/>\n<meta property=\"article:published_time\" content=\"2015-11-23T18:30:00+00:00\" \/>\n<meta property=\"article:modified_time\" content=\"2024-02-23T16:10:44+00:00\" \/>\n<meta name=\"author\" content=\"smw\" \/>\n<meta name=\"twitter:card\" content=\"summary_large_image\" \/>\n<meta name=\"twitter:label1\" content=\"Written by\" \/>\n\t<meta name=\"twitter:data1\" content=\"smw\" \/>\n<script type=\"application\/ld+json\" class=\"yoast-schema-graph\">{\"@context\":\"https:\/\/schema.org\",\"@graph\":[{\"@type\":\"Article\",\"@id\":\"https:\/\/www.merkley.senate.gov\/washington-county-town-hall-8\/#article\",\"isPartOf\":{\"@id\":\"https:\/\/www.merkley.senate.gov\/washington-county-town-hall-8\/\"},\"author\":{\"name\":\"smw\",\"@id\":\"https:\/\/www.merkley.senate.gov\/#\/schema\/person\/48ac5e5db5baef2064b650a6708be1de\"},\"headline\":\"Washington County Town Hall\",\"datePublished\":\"2015-11-23T18:30:00+00:00\",\"dateModified\":\"2024-02-23T16:10:44+00:00\",\"mainEntityOfPage\":{\"@id\":\"https:\/\/www.merkley.senate.gov\/washington-county-town-hall-8\/\"},\"wordCount\":43,\"commentCount\":0,\"articleSection\":[\"Town Halls\"],\"inLanguage\":\"es-MX\",\"potentialAction\":[{\"@type\":\"CommentAction\",\"name\":\"Comment\",\"target\":[\"https:\/\/www.merkley.senate.gov\/washington-county-town-hall-8\/#respond\"]}]},{\"@type\":\"WebPage\",\"@id\":\"https:\/\/www.merkley.senate.gov\/washington-county-town-hall-8\/\",\"url\":\"https:\/\/www.merkley.senate.gov\/washington-county-town-hall-8\/\",\"name\":\"Washington County Town Hall - Merkley\",\"isPartOf\":{\"@id\":\"https:\/\/www.merkley.senate.gov\/#website\"},\"datePublished\":\"2015-11-23T18:30:00+00:00\",\"dateModified\":\"2024-02-23T16:10:44+00:00\",\"author\":{\"@id\":\"https:\/\/www.merkley.senate.gov\/#\/schema\/person\/48ac5e5db5baef2064b650a6708be1de\"},\"breadcrumb\":{\"@id\":\"https:\/\/www.merkley.senate.gov\/washington-county-town-hall-8\/#breadcrumb\"},\"inLanguage\":\"es-MX\",\"potentialAction\":[{\"@type\":\"ReadAction\",\"target\":[\"https:\/\/www.merkley.senate.gov\/washington-county-town-hall-8\/\"]}]},{\"@type\":\"BreadcrumbList\",\"@id\":\"https:\/\/www.merkley.senate.gov\/washington-county-town-hall-8\/#breadcrumb\",\"itemListElement\":[{\"@type\":\"ListItem\",\"position\":1,\"name\":\"Home\",\"item\":\"https:\/\/www.merkley.senate.gov\/\"},{\"@type\":\"ListItem\",\"position\":2,\"name\":\"Washington County Town Hall\"}]},{\"@type\":\"WebSite\",\"@id\":\"https:\/\/www.merkley.senate.gov\/#website\",\"url\":\"https:\/\/www.merkley.senate.gov\/\",\"name\":\"Merkley\",\"description\":\"Merkley\",\"potentialAction\":[{\"@type\":\"SearchAction\",\"target\":{\"@type\":\"EntryPoint\",\"urlTemplate\":\"https:\/\/www.merkley.senate.gov\/?s={search_term_string}\"},\"query-input\":{\"@type\":\"PropertyValueSpecification\",\"valueRequired\":true,\"valueName\":\"search_term_string\"}}],\"inLanguage\":\"es-MX\"},{\"@type\":\"Person\",\"@id\":\"https:\/\/www.merkley.senate.gov\/#\/schema\/person\/48ac5e5db5baef2064b650a6708be1de\",\"name\":\"smw\",\"image\":{\"@type\":\"ImageObject\",\"inLanguage\":\"es-MX\",\"@id\":\"https:\/\/secure.gravatar.com\/avatar\/32b0ac748dd07225155b3da6f449ed42f3edf05ef0abd60c66304c8378d1f2ee?s=96&d=mm&r=g\",\"url\":\"https:\/\/secure.gravatar.com\/avatar\/32b0ac748dd07225155b3da6f449ed42f3edf05ef0abd60c66304c8378d1f2ee?s=96&d=mm&r=g\",\"contentUrl\":\"https:\/\/secure.gravatar.com\/avatar\/32b0ac748dd07225155b3da6f449ed42f3edf05ef0abd60c66304c8378d1f2ee?s=96&d=mm&r=g\",\"caption\":\"smw\"},\"sameAs\":[\"https:\/\/www.merkley.senate.gov\"],\"url\":\"https:\/\/www.merkley.senate.gov\/es\/author\/smw\/\"}]}<\/script>\n<!-- \/ Yoast SEO plugin. -->","yoast_head_json":{"title":"Washington County Town Hall - Merkley","robots":{"index":"index","follow":"follow","max-snippet":"max-snippet:-1","max-image-preview":"max-image-preview:large","max-video-preview":"max-video-preview:-1"},"canonical":"https:\/\/www.merkley.senate.gov\/es\/washington-county-town-hall-8\/","og_locale":"es_MX","og_type":"article","og_title":"Washington County Town Hall - Merkley","og_description":"Senator Merkley will update constituents on his work in Washington, D.C. and answer their questions and invite their suggestions about how to tackle the challenges facing Oregon and America. Beaverton High School Cafeteria 13000 SW 2nd Street Beaverton, OR 97005","og_url":"https:\/\/www.merkley.senate.gov\/es\/washington-county-town-hall-8\/","og_site_name":"Merkley","article_published_time":"2015-11-23T18:30:00+00:00","article_modified_time":"2024-02-23T16:10:44+00:00","author":"smw","twitter_card":"summary_large_image","twitter_misc":{"Written by":"smw"},"schema":{"@context":"https:\/\/schema.org","@graph":[{"@type":"Article","@id":"https:\/\/www.merkley.senate.gov\/washington-county-town-hall-8\/#article","isPartOf":{"@id":"https:\/\/www.merkley.senate.gov\/washington-county-town-hall-8\/"},"author":{"name":"smw","@id":"https:\/\/www.merkley.senate.gov\/#\/schema\/person\/48ac5e5db5baef2064b650a6708be1de"},"headline":"Washington County Town Hall","datePublished":"2015-11-23T18:30:00+00:00","dateModified":"2024-02-23T16:10:44+00:00","mainEntityOfPage":{"@id":"https:\/\/www.merkley.senate.gov\/washington-county-town-hall-8\/"},"wordCount":43,"commentCount":0,"articleSection":["Town Halls"],"inLanguage":"es-MX","potentialAction":[{"@type":"CommentAction","name":"Comment","target":["https:\/\/www.merkley.senate.gov\/washington-county-town-hall-8\/#respond"]}]},{"@type":"WebPage","@id":"https:\/\/www.merkley.senate.gov\/washington-county-town-hall-8\/","url":"https:\/\/www.merkley.senate.gov\/washington-county-town-hall-8\/","name":"Washington County Town Hall - Merkley","isPartOf":{"@id":"https:\/\/www.merkley.senate.gov\/#website"},"datePublished":"2015-11-23T18:30:00+00:00","dateModified":"2024-02-23T16:10:44+00:00","author":{"@id":"https:\/\/www.merkley.senate.gov\/#\/schema\/person\/48ac5e5db5baef2064b650a6708be1de"},"breadcrumb":{"@id":"https:\/\/www.merkley.senate.gov\/washington-county-town-hall-8\/#breadcrumb"},"inLanguage":"es-MX","potentialAction":[{"@type":"ReadAction","target":["https:\/\/www.merkley.senate.gov\/washington-county-town-hall-8\/"]}]},{"@type":"BreadcrumbList","@id":"https:\/\/www.merkley.senate.gov\/washington-county-town-hall-8\/#breadcrumb","itemListElement":[{"@type":"ListItem","position":1,"name":"Home","item":"https:\/\/www.merkley.senate.gov\/"},{"@type":"ListItem","position":2,"name":"Washington County Town Hall"}]},{"@type":"WebSite","@id":"https:\/\/www.merkley.senate.gov\/#website","url":"https:\/\/www.merkley.senate.gov\/","name":"merkley","description":"merkley","potentialAction":[{"@type":"SearchAction","target":{"@type":"EntryPoint","urlTemplate":"https:\/\/www.merkley.senate.gov\/?s={search_term_string}"},"query-input":{"@type":"PropertyValueSpecification","valueRequired":true,"valueName":"search_term_string"}}],"inLanguage":"es-MX"},{"@type":"Person","@id":"https:\/\/www.merkley.senate.gov\/#\/schema\/person\/48ac5e5db5baef2064b650a6708be1de","name":"smw","image":{"@type":"ImageObject","inLanguage":"es-MX","@id":"https:\/\/secure.gravatar.com\/avatar\/32b0ac748dd07225155b3da6f449ed42f3edf05ef0abd60c66304c8378d1f2ee?s=96&d=mm&r=g","url":"https:\/\/secure.gravatar.com\/avatar\/32b0ac748dd07225155b3da6f449ed42f3edf05ef0abd60c66304c8378d1f2ee?s=96&d=mm&r=g","contentUrl":"https:\/\/secure.gravatar.com\/avatar\/32b0ac748dd07225155b3da6f449ed42f3edf05ef0abd60c66304c8378d1f2ee?s=96&d=mm&r=g","caption":"smw"},"sameAs":["https:\/\/www.merkley.senate.gov"],"url":"https:\/\/www.merkley.senate.gov\/es\/author\/smw\/"}]}},"_links":{"self":[{"href":"https:\/\/www.merkley.senate.gov\/es\/wp-json\/wp\/v2\/posts\/8154","targetHints":{"allow":["GET"]}}],"collection":[{"href":"https:\/\/www.merkley.senate.gov\/es\/wp-json\/wp\/v2\/posts"}],"about":[{"href":"https:\/\/www.merkley.senate.gov\/es\/wp-json\/wp\/v2\/types\/post"}],"author":[{"embeddable":true,"href":"https:\/\/www.merkley.senate.gov\/es\/wp-json\/wp\/v2\/users\/1"}],"replies":[{"embeddable":true,"href":"https:\/\/www.merkley.senate.gov\/es\/wp-json\/wp\/v2\/comments?post=8154"}],"version-history":[{"count":2,"href":"https:\/\/www.merkley.senate.gov\/es\/wp-json\/wp\/v2\/posts\/8154\/revisions"}],"predecessor-version":[{"id":9657,"href":"https:\/\/www.merkley.senate.gov\/es\/wp-json\/wp\/v2\/posts\/8154\/revisions\/9657"}],"wp:attachment":[{"href":"https:\/\/www.merkley.senate.gov\/es\/wp-json\/wp\/v2\/media?parent=8154"}],"wp:term":[{"taxonomy":"category","embeddable":true,"href":"https:\/\/www.merkley.senate.gov\/es\/wp-json\/wp\/v2\/categories?post=8154"},{"taxonomy":"post_tag","embeddable":true,"href":"https:\/\/www.merkley.senate.gov\/es\/wp-json\/wp\/v2\/tags?post=8154"}],"curies":[{"name":"wp","href":"https:\/\/api.w.org\/{rel}","templated":true}]}}