{"id":861,"date":"2023-06-15T13:51:00","date_gmt":"2023-06-15T17:51:00","guid":{"rendered":"https:\/\/www.merkley.senate.gov\/?p=861"},"modified":"2023-08-28T13:52:21","modified_gmt":"2023-08-28T17:52:21","slug":"wyden-merkley-colleagues-introduce-legislation-to-establish-dental-care-pilot-program-for-veterans-with-chronic-health-conditions","status":"publish","type":"post","link":"https:\/\/www.merkley.senate.gov\/es\/wyden-merkley-colleagues-introduce-legislation-to-establish-dental-care-pilot-program-for-veterans-with-chronic-health-conditions\/","title":{"rendered":"WYDEN, MERKLEY Y SUS COLEGAS PRESENTAN LEGISLACI\u00d3N PARA ESTABLECER UN PROGRAMA PILOTO DE ATENCI\u00d3N DENTAL PARA VETERANOS CON CONDICIONES DE SALUD CR\u00d3NICAS"},"content":{"rendered":"<p>jueves, 15 de junio de 2023<\/p>\n\n\n\n<p><strong><em>Washington DC<\/em><\/strong>&nbsp;\u2013 Los senadores estadounidenses Ron Wyden y Jeff Merkley dijeron hoy que ellos y sus colegas del Senado presentaron una legislaci\u00f3n que establecer\u00eda un nuevo programa piloto para brindar atenci\u00f3n dental integral a los veteranos en Oreg\u00f3n y en todo el pa\u00eds diagnosticados con diabetes y enfermedad de las arterias coronarias.<\/p>\n\n\n\n<p>Financiado por cuatro a\u00f1os, el programa tambi\u00e9n estudiar\u00eda los resultados de salud y la rentabilidad de dicha atenci\u00f3n, as\u00ed como tambi\u00e9n brindar\u00eda oportunidades de reembolso de pr\u00e9stamos para profesionales de atenci\u00f3n dental calificados que acepten servir durante la duraci\u00f3n del programa piloto en una cl\u00ednica dental VA considerada de alta necesidad. .<\/p>\n\n\n\n<blockquote class=\"wp-block-quote is-layout-flow wp-block-quote-is-layout-flow\">\n<p><strong>\u201cLa atenci\u00f3n dental integral de calidad para los veteranos en Oreg\u00f3n y en todo el pa\u00eds es un beneficio crucial y merecido\u201d,&nbsp;<\/strong>dijo Wyden.&nbsp;<strong>\u201cCualquier buen dentista le dir\u00e1 que la mala higiene dental puede provocar diabetes y enfermedades card\u00edacas, por lo que el acceso a una atenci\u00f3n asequible de calidad es fundamental. Siempre luchar\u00e9 con u\u00f1as y dientes para que los veteranos reciban la atenci\u00f3n que merecen\u201d.<\/strong><\/p>\n\n\n\n<p><strong>\u201cNo podemos abordar completamente la atenci\u00f3n m\u00e9dica de los veteranos dejando de lado los servicios dentales; el Congreso debe garantizar que el VA tenga los recursos necesarios para llegar a todos nuestros veteranos sin importar los servicios que requieran\u201d.<\/strong>&nbsp;dijo Merkley.&nbsp;<strong>\u201cEste proyecto de ley es un paso fundamental para garantizar que VA pueda contratar profesionales dentales de primer nivel para que nuestros veteranos tengan los servicios de atenci\u00f3n m\u00e9dica accesibles y de calidad que se han ganado\u201d.<\/strong><\/p>\n<\/blockquote>\n\n\n\n<p>La mala higiene dental est\u00e1 directamente relacionada con otras afecciones m\u00e9dicas cr\u00f3nicas, como la diabetes y las enfermedades card\u00edacas. De acuerdo con la&nbsp;<a href=\"https:\/\/outreach.senate.gov\/iqextranet\/iqClickTrk.aspx?&amp;cid=SenSanders&amp;crop=19198QQQ68840820QQQ11823812QQQ732115702&amp;report_id=&amp;redirect=https%3a%2f%2fdiabetes.org%2fhealthy-living%2fmedication-treatments%2fdiabetes-gum-disease-risk%23%3a%7e%3atext%3dHaving%2520less%2520than%2520optimal%2520diabetes%2cmouth%252C%2520and%2520other%2520oral%2520complications.&amp;redir_log=506723191851208\" target=\"_blank\" rel=\"noreferrer noopener\">Asociaci\u00f3n Americana de Diabetes<\/a>, la diabetes triplica el riesgo de contraer enfermedad periodontal, una infecci\u00f3n grave de las enc\u00edas que puede provocar la p\u00e9rdida de dientes, p\u00e9rdida \u00f3sea y otras complicaciones de salud graves. una persona con&nbsp;<a href=\"https:\/\/outreach.senate.gov\/iqextranet\/iqClickTrk.aspx?&amp;cid=SenSanders&amp;crop=19198QQQ68840820QQQ11823812QQQ732115702&amp;report_id=&amp;redirect=https%3a%2f%2fwww.ncbi.nlm.nih.gov%2fpmc%2farticles%2fPMC3228943%2f&amp;redir_log=808034041159339\" target=\"_blank\" rel=\"noreferrer noopener\">diabetes y enfermedad periodontal<\/a>&nbsp;tambi\u00e9n tiene tres veces m\u00e1s probabilidades de desarrollar una combinaci\u00f3n fatal de enfermedad arterial coronaria y nefropat\u00eda diab\u00e9tica. Otro&nbsp;<a href=\"https:\/\/outreach.senate.gov\/iqextranet\/iqClickTrk.aspx?&amp;cid=SenSanders&amp;crop=19198QQQ68840820QQQ11823812QQQ732115702&amp;report_id=&amp;redirect=https%3a%2f%2fwww.medicalnewstoday.com%2farticles%2fgum-disease-increases-the-risk-of-heart-attacks-and-strokes&amp;redir_log=458654672988710\" target=\"_blank\" rel=\"noreferrer noopener\">estudiar<\/a>&nbsp;ha encontrado que las personas con periodontitis, o enfermedad de las enc\u00edas, tienen un mayor riesgo de experimentar un evento cardiovascular importante, como un ataque al coraz\u00f3n o un derrame cerebral.<br><br>Sin embargo, de los 9,2 millones de veteranos inscritos en la atenci\u00f3n m\u00e9dica de VA, solo 1,4 millones, apenas el 15 por ciento, son elegibles para atenci\u00f3n dental integral. Seg\u00fan el VA, en 2020, m\u00e1s de 3 millones de veteranos con diabetes y enfermedades card\u00edacas no tuvieron acceso a una atenci\u00f3n dental integral asequible, lo que aument\u00f3 su exposici\u00f3n a los riesgos fatales asociados con estas afecciones de salud cr\u00f3nicas.<\/p>\n\n\n\n<p>El senador estadounidense Bernie Sanders, I-Vt., present\u00f3 la legislaci\u00f3n. Junto con Wyden y Merkley, el proyecto de ley fue copatrocinado por los senadores estadounidenses Richard Blumenthal, D-Conn., Cory Booker, DN.J., Dick Durbin, D-Ill., John Fetterman, D-Pa., Mazie Hirono, D-Hawaii, Bob Menendez, DN.J., Debbie Stabenow, D-Mich., Peter Welch, D-Vt., y Sheldon Whitehouse, DR.I.<\/p>\n\n\n\n<p>La Ley de Mejora de la Salud Integral para Veteranos con Condiciones Cr\u00f3nicas est\u00e1 respaldada por el Instituto Estadounidense de Salud P\u00fablica Dental, la Asociaci\u00f3n Estadounidense de Higienistas Dentales, la Asociaci\u00f3n Estadounidense del Coraz\u00f3n, la Asociaci\u00f3n de Directores Dentales Estatales y Territoriales, Care in Action, CareQuest Institute for Oral Health, Common Defense , Veteranos estadounidenses discapacitados, Veteranos estadounidenses de Irak y Afganist\u00e1n, Veteranos minoritarios de Estados Unidos, Alianza Nacional de Trabajadores Dom\u00e9sticos, Veteranos Paralizados de Estados Unidos, Consejo Nacional sobre el Envejecimiento, Ciudadano P\u00fablico, Salvemos nuestro VA, Recuperaci\u00f3n SMART, Trabajos del Seguro Social y Veteranos de Asuntos Extranjeros. Guerras.<\/p>\n\n\n\n<p>El texto del proyecto de ley es&nbsp;<a href=\"https:\/\/www.sanders.senate.gov\/wp-content\/uploads\/HEY23769.pdf\">aqu\u00ed<\/a>.<\/p>\n\n\n\n<p>Una versi\u00f3n web de este comunicado es&nbsp;<a href=\"https:\/\/www.wyden.senate.gov\/news\/press-releases\/wyden-merkley-colleagues-introduce-legislation-to-establish-dental-care-pilot-program-for-veterans-with-chronic-health-conditions\">aqu\u00ed<\/a>.<\/p>","protected":false},"excerpt":{"rendered":"<p>Thursday, June 15, 2023 Washington, D.C.&nbsp;\u2013 U.S. Senators Ron Wyden and Jeff Merkley said today they and Senate colleagues have introduced legislation that would establish a new pilot program to provide comprehensive dental care to veterans in Oregon and nationwide diagnosed with diabetes and coronary artery disease. Funded for four years, the program would also [&hellip;]<\/p>\n","protected":false},"author":1,"featured_media":0,"comment_status":"open","ping_status":"open","sticky":false,"template":"","format":"standard","meta":{"_acf_changed":false,"inline_featured_image":false,"footnotes":""},"categories":[24],"tags":[125,118],"class_list":["post-861","post","type-post","status-publish","format-standard","hentry","category-press-releases","tag-accessible-health-care-for-all","tag-delivering-for-oregon"],"acf":[],"yoast_head":"<!-- This site is optimized with the Yoast SEO plugin v27.2 - https:\/\/yoast.com\/product\/yoast-seo-wordpress\/ -->\n<title>WYDEN, MERKLEY, COLLEAGUES INTRODUCE LEGISLATION TO ESTABLISH DENTAL CARE PILOT PROGRAM FOR VETERANS WITH CHRONIC HEALTH CONDITIONS - Merkley<\/title>\n<meta name=\"robots\" content=\"index, follow, max-snippet:-1, max-image-preview:large, max-video-preview:-1\" \/>\n<link rel=\"canonical\" href=\"https:\/\/www.merkley.senate.gov\/es\/wyden-merkley-colleagues-introduce-legislation-to-establish-dental-care-pilot-program-for-veterans-with-chronic-health-conditions\/\" \/>\n<meta property=\"og:locale\" content=\"es_MX\" \/>\n<meta property=\"og:type\" content=\"article\" \/>\n<meta property=\"og:title\" content=\"WYDEN, MERKLEY, COLLEAGUES INTRODUCE LEGISLATION TO ESTABLISH DENTAL CARE PILOT PROGRAM FOR VETERANS WITH CHRONIC HEALTH CONDITIONS - Merkley\" \/>\n<meta property=\"og:description\" content=\"Thursday, June 15, 2023 Washington, D.C.&nbsp;\u2013 U.S. Senators Ron Wyden and Jeff Merkley said today they and Senate colleagues have introduced legislation that would establish a new pilot program to provide comprehensive dental care to veterans in Oregon and nationwide diagnosed with diabetes and coronary artery disease. Funded for four years, the program would also [&hellip;]\" \/>\n<meta property=\"og:url\" content=\"https:\/\/www.merkley.senate.gov\/es\/wyden-merkley-colleagues-introduce-legislation-to-establish-dental-care-pilot-program-for-veterans-with-chronic-health-conditions\/\" \/>\n<meta property=\"og:site_name\" content=\"Merkley\" \/>\n<meta property=\"article:published_time\" content=\"2023-06-15T17:51:00+00:00\" \/>\n<meta property=\"article:modified_time\" content=\"2023-08-28T17:52:21+00:00\" \/>\n<meta name=\"author\" content=\"smw\" \/>\n<meta name=\"twitter:card\" content=\"summary_large_image\" \/>\n<meta name=\"twitter:label1\" content=\"Written by\" \/>\n\t<meta name=\"twitter:data1\" content=\"smw\" \/>\n\t<meta name=\"twitter:label2\" content=\"Est. reading time\" \/>\n\t<meta name=\"twitter:data2\" content=\"2 minutes\" \/>\n<script type=\"application\/ld+json\" class=\"yoast-schema-graph\">{\"@context\":\"https:\/\/schema.org\",\"@graph\":[{\"@type\":\"Article\",\"@id\":\"https:\/\/www.merkley.senate.gov\/wyden-merkley-colleagues-introduce-legislation-to-establish-dental-care-pilot-program-for-veterans-with-chronic-health-conditions\/#article\",\"isPartOf\":{\"@id\":\"https:\/\/www.merkley.senate.gov\/wyden-merkley-colleagues-introduce-legislation-to-establish-dental-care-pilot-program-for-veterans-with-chronic-health-conditions\/\"},\"author\":{\"name\":\"smw\",\"@id\":\"https:\/\/www.merkley.senate.gov\/#\/schema\/person\/48ac5e5db5baef2064b650a6708be1de\"},\"headline\":\"WYDEN, MERKLEY, COLLEAGUES INTRODUCE LEGISLATION TO ESTABLISH DENTAL CARE PILOT PROGRAM FOR VETERANS WITH CHRONIC HEALTH CONDITIONS\",\"datePublished\":\"2023-06-15T17:51:00+00:00\",\"dateModified\":\"2023-08-28T17:52:21+00:00\",\"mainEntityOfPage\":{\"@id\":\"https:\/\/www.merkley.senate.gov\/wyden-merkley-colleagues-introduce-legislation-to-establish-dental-care-pilot-program-for-veterans-with-chronic-health-conditions\/\"},\"wordCount\":557,\"commentCount\":0,\"keywords\":[\"Accessible Health Care for All\",\"Delivering for Oregon\"],\"articleSection\":[\"Press Releases\"],\"inLanguage\":\"es-MX\",\"potentialAction\":[{\"@type\":\"CommentAction\",\"name\":\"Comment\",\"target\":[\"https:\/\/www.merkley.senate.gov\/wyden-merkley-colleagues-introduce-legislation-to-establish-dental-care-pilot-program-for-veterans-with-chronic-health-conditions\/#respond\"]}]},{\"@type\":\"WebPage\",\"@id\":\"https:\/\/www.merkley.senate.gov\/wyden-merkley-colleagues-introduce-legislation-to-establish-dental-care-pilot-program-for-veterans-with-chronic-health-conditions\/\",\"url\":\"https:\/\/www.merkley.senate.gov\/wyden-merkley-colleagues-introduce-legislation-to-establish-dental-care-pilot-program-for-veterans-with-chronic-health-conditions\/\",\"name\":\"WYDEN, MERKLEY, COLLEAGUES INTRODUCE LEGISLATION TO ESTABLISH DENTAL CARE PILOT PROGRAM FOR VETERANS WITH CHRONIC HEALTH CONDITIONS - Merkley\",\"isPartOf\":{\"@id\":\"https:\/\/www.merkley.senate.gov\/#website\"},\"datePublished\":\"2023-06-15T17:51:00+00:00\",\"dateModified\":\"2023-08-28T17:52:21+00:00\",\"author\":{\"@id\":\"https:\/\/www.merkley.senate.gov\/#\/schema\/person\/48ac5e5db5baef2064b650a6708be1de\"},\"breadcrumb\":{\"@id\":\"https:\/\/www.merkley.senate.gov\/wyden-merkley-colleagues-introduce-legislation-to-establish-dental-care-pilot-program-for-veterans-with-chronic-health-conditions\/#breadcrumb\"},\"inLanguage\":\"es-MX\",\"potentialAction\":[{\"@type\":\"ReadAction\",\"target\":[\"https:\/\/www.merkley.senate.gov\/wyden-merkley-colleagues-introduce-legislation-to-establish-dental-care-pilot-program-for-veterans-with-chronic-health-conditions\/\"]}]},{\"@type\":\"BreadcrumbList\",\"@id\":\"https:\/\/www.merkley.senate.gov\/wyden-merkley-colleagues-introduce-legislation-to-establish-dental-care-pilot-program-for-veterans-with-chronic-health-conditions\/#breadcrumb\",\"itemListElement\":[{\"@type\":\"ListItem\",\"position\":1,\"name\":\"Home\",\"item\":\"https:\/\/www.merkley.senate.gov\/\"},{\"@type\":\"ListItem\",\"position\":2,\"name\":\"WYDEN, MERKLEY, COLLEAGUES INTRODUCE LEGISLATION TO ESTABLISH DENTAL CARE PILOT PROGRAM FOR VETERANS WITH CHRONIC HEALTH CONDITIONS\"}]},{\"@type\":\"WebSite\",\"@id\":\"https:\/\/www.merkley.senate.gov\/#website\",\"url\":\"https:\/\/www.merkley.senate.gov\/\",\"name\":\"Merkley\",\"description\":\"Merkley\",\"potentialAction\":[{\"@type\":\"SearchAction\",\"target\":{\"@type\":\"EntryPoint\",\"urlTemplate\":\"https:\/\/www.merkley.senate.gov\/?s={search_term_string}\"},\"query-input\":{\"@type\":\"PropertyValueSpecification\",\"valueRequired\":true,\"valueName\":\"search_term_string\"}}],\"inLanguage\":\"es-MX\"},{\"@type\":\"Person\",\"@id\":\"https:\/\/www.merkley.senate.gov\/#\/schema\/person\/48ac5e5db5baef2064b650a6708be1de\",\"name\":\"smw\",\"image\":{\"@type\":\"ImageObject\",\"inLanguage\":\"es-MX\",\"@id\":\"https:\/\/secure.gravatar.com\/avatar\/32b0ac748dd07225155b3da6f449ed42f3edf05ef0abd60c66304c8378d1f2ee?s=96&d=mm&r=g\",\"url\":\"https:\/\/secure.gravatar.com\/avatar\/32b0ac748dd07225155b3da6f449ed42f3edf05ef0abd60c66304c8378d1f2ee?s=96&d=mm&r=g\",\"contentUrl\":\"https:\/\/secure.gravatar.com\/avatar\/32b0ac748dd07225155b3da6f449ed42f3edf05ef0abd60c66304c8378d1f2ee?s=96&d=mm&r=g\",\"caption\":\"smw\"},\"sameAs\":[\"https:\/\/www.merkley.senate.gov\"],\"url\":\"https:\/\/www.merkley.senate.gov\/es\/author\/smw\/\"}]}<\/script>\n<!-- \/ Yoast SEO plugin. -->","yoast_head_json":{"title":"WYDEN, MERKLEY, COLLEAGUES INTRODUCE LEGISLATION TO ESTABLISH DENTAL CARE PILOT PROGRAM FOR VETERANS WITH CHRONIC HEALTH CONDITIONS - Merkley","robots":{"index":"index","follow":"follow","max-snippet":"max-snippet:-1","max-image-preview":"max-image-preview:large","max-video-preview":"max-video-preview:-1"},"canonical":"https:\/\/www.merkley.senate.gov\/es\/wyden-merkley-colleagues-introduce-legislation-to-establish-dental-care-pilot-program-for-veterans-with-chronic-health-conditions\/","og_locale":"es_MX","og_type":"article","og_title":"WYDEN, MERKLEY, COLLEAGUES INTRODUCE LEGISLATION TO ESTABLISH DENTAL CARE PILOT PROGRAM FOR VETERANS WITH CHRONIC HEALTH CONDITIONS - Merkley","og_description":"Thursday, June 15, 2023 Washington, D.C.&nbsp;\u2013 U.S. Senators Ron Wyden and Jeff Merkley said today they and Senate colleagues have introduced legislation that would establish a new pilot program to provide comprehensive dental care to veterans in Oregon and nationwide diagnosed with diabetes and coronary artery disease. Funded for four years, the program would also [&hellip;]","og_url":"https:\/\/www.merkley.senate.gov\/es\/wyden-merkley-colleagues-introduce-legislation-to-establish-dental-care-pilot-program-for-veterans-with-chronic-health-conditions\/","og_site_name":"Merkley","article_published_time":"2023-06-15T17:51:00+00:00","article_modified_time":"2023-08-28T17:52:21+00:00","author":"smw","twitter_card":"summary_large_image","twitter_misc":{"Written by":"smw","Est. reading time":"2 minutes"},"schema":{"@context":"https:\/\/schema.org","@graph":[{"@type":"Article","@id":"https:\/\/www.merkley.senate.gov\/wyden-merkley-colleagues-introduce-legislation-to-establish-dental-care-pilot-program-for-veterans-with-chronic-health-conditions\/#article","isPartOf":{"@id":"https:\/\/www.merkley.senate.gov\/wyden-merkley-colleagues-introduce-legislation-to-establish-dental-care-pilot-program-for-veterans-with-chronic-health-conditions\/"},"author":{"name":"smw","@id":"https:\/\/www.merkley.senate.gov\/#\/schema\/person\/48ac5e5db5baef2064b650a6708be1de"},"headline":"WYDEN, MERKLEY, COLLEAGUES INTRODUCE LEGISLATION TO ESTABLISH DENTAL CARE PILOT PROGRAM FOR VETERANS WITH CHRONIC HEALTH CONDITIONS","datePublished":"2023-06-15T17:51:00+00:00","dateModified":"2023-08-28T17:52:21+00:00","mainEntityOfPage":{"@id":"https:\/\/www.merkley.senate.gov\/wyden-merkley-colleagues-introduce-legislation-to-establish-dental-care-pilot-program-for-veterans-with-chronic-health-conditions\/"},"wordCount":557,"commentCount":0,"keywords":["Accessible Health Care for All","Delivering for Oregon"],"articleSection":["Press Releases"],"inLanguage":"es-MX","potentialAction":[{"@type":"CommentAction","name":"Comment","target":["https:\/\/www.merkley.senate.gov\/wyden-merkley-colleagues-introduce-legislation-to-establish-dental-care-pilot-program-for-veterans-with-chronic-health-conditions\/#respond"]}]},{"@type":"WebPage","@id":"https:\/\/www.merkley.senate.gov\/wyden-merkley-colleagues-introduce-legislation-to-establish-dental-care-pilot-program-for-veterans-with-chronic-health-conditions\/","url":"https:\/\/www.merkley.senate.gov\/wyden-merkley-colleagues-introduce-legislation-to-establish-dental-care-pilot-program-for-veterans-with-chronic-health-conditions\/","name":"WYDEN, MERKLEY, COLLEAGUES INTRODUCE LEGISLATION TO ESTABLISH DENTAL CARE PILOT PROGRAM FOR VETERANS WITH CHRONIC HEALTH CONDITIONS - Merkley","isPartOf":{"@id":"https:\/\/www.merkley.senate.gov\/#website"},"datePublished":"2023-06-15T17:51:00+00:00","dateModified":"2023-08-28T17:52:21+00:00","author":{"@id":"https:\/\/www.merkley.senate.gov\/#\/schema\/person\/48ac5e5db5baef2064b650a6708be1de"},"breadcrumb":{"@id":"https:\/\/www.merkley.senate.gov\/wyden-merkley-colleagues-introduce-legislation-to-establish-dental-care-pilot-program-for-veterans-with-chronic-health-conditions\/#breadcrumb"},"inLanguage":"es-MX","potentialAction":[{"@type":"ReadAction","target":["https:\/\/www.merkley.senate.gov\/wyden-merkley-colleagues-introduce-legislation-to-establish-dental-care-pilot-program-for-veterans-with-chronic-health-conditions\/"]}]},{"@type":"BreadcrumbList","@id":"https:\/\/www.merkley.senate.gov\/wyden-merkley-colleagues-introduce-legislation-to-establish-dental-care-pilot-program-for-veterans-with-chronic-health-conditions\/#breadcrumb","itemListElement":[{"@type":"ListItem","position":1,"name":"Home","item":"https:\/\/www.merkley.senate.gov\/"},{"@type":"ListItem","position":2,"name":"WYDEN, MERKLEY, COLLEAGUES INTRODUCE LEGISLATION TO ESTABLISH DENTAL CARE PILOT PROGRAM FOR VETERANS WITH CHRONIC HEALTH CONDITIONS"}]},{"@type":"WebSite","@id":"https:\/\/www.merkley.senate.gov\/#website","url":"https:\/\/www.merkley.senate.gov\/","name":"merkley","description":"merkley","potentialAction":[{"@type":"SearchAction","target":{"@type":"EntryPoint","urlTemplate":"https:\/\/www.merkley.senate.gov\/?s={search_term_string}"},"query-input":{"@type":"PropertyValueSpecification","valueRequired":true,"valueName":"search_term_string"}}],"inLanguage":"es-MX"},{"@type":"Person","@id":"https:\/\/www.merkley.senate.gov\/#\/schema\/person\/48ac5e5db5baef2064b650a6708be1de","name":"smw","image":{"@type":"ImageObject","inLanguage":"es-MX","@id":"https:\/\/secure.gravatar.com\/avatar\/32b0ac748dd07225155b3da6f449ed42f3edf05ef0abd60c66304c8378d1f2ee?s=96&d=mm&r=g","url":"https:\/\/secure.gravatar.com\/avatar\/32b0ac748dd07225155b3da6f449ed42f3edf05ef0abd60c66304c8378d1f2ee?s=96&d=mm&r=g","contentUrl":"https:\/\/secure.gravatar.com\/avatar\/32b0ac748dd07225155b3da6f449ed42f3edf05ef0abd60c66304c8378d1f2ee?s=96&d=mm&r=g","caption":"smw"},"sameAs":["https:\/\/www.merkley.senate.gov"],"url":"https:\/\/www.merkley.senate.gov\/es\/author\/smw\/"}]}},"_links":{"self":[{"href":"https:\/\/www.merkley.senate.gov\/es\/wp-json\/wp\/v2\/posts\/861","targetHints":{"allow":["GET"]}}],"collection":[{"href":"https:\/\/www.merkley.senate.gov\/es\/wp-json\/wp\/v2\/posts"}],"about":[{"href":"https:\/\/www.merkley.senate.gov\/es\/wp-json\/wp\/v2\/types\/post"}],"author":[{"embeddable":true,"href":"https:\/\/www.merkley.senate.gov\/es\/wp-json\/wp\/v2\/users\/1"}],"replies":[{"embeddable":true,"href":"https:\/\/www.merkley.senate.gov\/es\/wp-json\/wp\/v2\/comments?post=861"}],"version-history":[{"count":1,"href":"https:\/\/www.merkley.senate.gov\/es\/wp-json\/wp\/v2\/posts\/861\/revisions"}],"predecessor-version":[{"id":862,"href":"https:\/\/www.merkley.senate.gov\/es\/wp-json\/wp\/v2\/posts\/861\/revisions\/862"}],"wp:attachment":[{"href":"https:\/\/www.merkley.senate.gov\/es\/wp-json\/wp\/v2\/media?parent=861"}],"wp:term":[{"taxonomy":"category","embeddable":true,"href":"https:\/\/www.merkley.senate.gov\/es\/wp-json\/wp\/v2\/categories?post=861"},{"taxonomy":"post_tag","embeddable":true,"href":"https:\/\/www.merkley.senate.gov\/es\/wp-json\/wp\/v2\/tags?post=861"}],"curies":[{"name":"wp","href":"https:\/\/api.w.org\/{rel}","templated":true}]}}