{"id":901,"date":"2023-06-02T16:10:26","date_gmt":"2023-06-02T20:10:26","guid":{"rendered":"https:\/\/www.merkley.senate.gov\/?p=901"},"modified":"2023-08-28T13:57:10","modified_gmt":"2023-08-28T17:57:10","slug":"merkley-wyden-announce-10-million-coming-to-oregon-for-fire-resiliency-and-ecosystem-restoration","status":"publish","type":"post","link":"https:\/\/www.merkley.senate.gov\/es\/merkley-wyden-announce-10-million-coming-to-oregon-for-fire-resiliency-and-ecosystem-restoration\/","title":{"rendered":"MERKLEY, WYDEN ANUNCIA $10 MILLONES QUE VIENE A OREGON PARA LA RESILIENCIA AL FUEGO Y LA RESTAURACI\u00d3N DEL ECOSISTEMA"},"content":{"rendered":"<p>viernes, 2 de junio de 2023<\/p>\n\n\n\n<p>Washington, DC: los senadores estadounidenses de Oreg\u00f3n, Jeff Merkley y Ron Wyden, anunciaron hoy que la Oficina de Administraci\u00f3n de Tierras (BLM, por sus siglas en ingl\u00e9s) invertir\u00e1 $10 millones de la Ley de Reducci\u00f3n de la Inflaci\u00f3n (IRA, por sus siglas en ingl\u00e9s) para ayudar a aumentar la resistencia al fuego y proteger la vegetaci\u00f3n nativa en tierras p\u00fablicas de Oreg\u00f3n. .<\/p>\n\n\n\n<blockquote class=\"wp-block-quote is-layout-flow wp-block-quote-is-layout-flow\">\n<p>\u201cLos ecosistemas din\u00e1micos han definido a Oreg\u00f3n durante mucho tiempo, pero con la intensificaci\u00f3n del caos clim\u00e1tico, los incendios y otras amenazas est\u00e1n poniendo en peligro a los habitantes de Oreg\u00f3n, nuestras comunidades y nuestros tesoros naturales\u201d.<strong>dijo el Senador Merkley, quien impuls\u00f3 esta inversi\u00f3n y preside el Subcomit\u00e9 de Asignaciones Interiores del Senado.<\/strong>\u201cTrabajar juntos para hacer que nuestras tierras y aguas sean m\u00e1s resistentes y saludables nunca ha sido m\u00e1s importante. Esta inversi\u00f3n federal se utilizar\u00e1 para los esfuerzos de colaboraci\u00f3n para ayudar a que nuestros bosques sean m\u00e1s resistentes y conservar y restaurar los h\u00e1bitats importantes de Oreg\u00f3n, en beneficio de las generaciones futuras\u201d.<\/p>\n\n\n\n<p>\u201cA medida que se acerca el verano con su mayor amenaza de incendios forestales, proteger las vidas, los hogares, los negocios y nuestro inigualable aire libre de los habitantes de Oreg\u00f3n de esos incendios destructivos es un trabajo de m\u00e1xima prioridad\u201d.&nbsp;<strong>dijo Wyden.<\/strong>&nbsp;\u201cEstos fondos federales del&nbsp;<em>Ley de Reducci\u00f3n de la Inflaci\u00f3n<\/em>&nbsp;Trabaj\u00e9 para aprobar la ley y dar un paso significativo en todo el sur de Oreg\u00f3n para brindar esa protecci\u00f3n y restaurar los ecosistemas. Y seguir\u00e9 luchando para equipar a todo nuestro estado con recursos similares\u201d.<\/p>\n<\/blockquote>\n\n\n\n<p>Este financiamiento es parte de la inversi\u00f3n de $161 millones de BLM en restauraci\u00f3n y resiliencia de ecosistemas en las tierras p\u00fablicas de la naci\u00f3n financiadas en la IRA. La inversi\u00f3n se centrar\u00e1 en 21\u201d<a href=\"http:\/\/blm.gov\/restoration-landscapes\" target=\"_blank\" rel=\"noreferrer noopener\">Restauraci\u00f3n Paisajes<\/a>\u201d en 11 estados del oeste, con dos en Oreg\u00f3n, trabajando para restaurar el h\u00e1bitat de la vida silvestre y el agua limpia en tierras p\u00fablicas y fortaleciendo las comunidades y las econom\u00edas locales.<\/p>\n\n\n\n<p>Los Senadores Merkley y Wyden presionaron a los Departamentos de Agricultura e Interior para&nbsp;<a href=\"https:\/\/www.merkley.senate.gov\/es\/imo\/media\/doc\/wildfire_risk_reduction_letter.pdf\/\" target=\"_blank\" rel=\"noreferrer noopener\">priorizar estas inversiones<\/a>.<\/p>\n\n\n\n<p>La informaci\u00f3n sobre los premios que llegar\u00e1n a Oreg\u00f3n se puede encontrar a continuaci\u00f3n:<\/p>\n\n\n\n<ul class=\"wp-block-list\">\n<li><strong>\u00c1rea de restauraci\u00f3n del paisaje del suroeste de Oreg\u00f3n<\/strong>: $5 millones para proyectos de restauraci\u00f3n acu\u00e1tica para centrarse en el salm\u00f3n coho de la costa de Oreg\u00f3n amenazado y otras especies amenazadas, as\u00ed como proyectos de restauraci\u00f3n de resiliencia forestal.<\/li>\n\n\n\n<li><strong>Paisaje de restauraci\u00f3n de artemisa del sureste de Oreg\u00f3n<\/strong>: $5 millones para plantar artemisa, tratar la vegetaci\u00f3n invasora o invasora, promover el crecimiento de la vegetaci\u00f3n nativa y crear brechas de combustible en las tierras altas para restaurar el h\u00e1bitat de cientos de especies.<\/li>\n<\/ul>\n\n\n\n<p>\u202f<\/p>\n\n\n\n<p class=\"has-text-align-center\">###<\/p>","protected":false},"excerpt":{"rendered":"<p>Friday, June 2, 2023 Washington, D.C. \u2013 Oregon\u2019s U.S. Senators Jeff Merkley and Ron Wyden announced today that the Bureau of Land Management (BLM) will be investing $10 million from the Inflation Reduction Act (IRA) to help increase fire resiliency and protect native vegetation on public lands in Oregon. \u201cDynamic ecosystems have defined Oregon for [&hellip;]<\/p>\n","protected":false},"author":1,"featured_media":0,"comment_status":"open","ping_status":"open","sticky":false,"template":"","format":"standard","meta":{"_acf_changed":false,"inline_featured_image":false,"footnotes":""},"categories":[24],"tags":[118,119],"class_list":["post-901","post","type-post","status-publish","format-standard","hentry","category-press-releases","tag-delivering-for-oregon","tag-responding-to-and-recovering-from-wildfire-and-drought"],"acf":[],"yoast_head":"<!-- This site is optimized with the Yoast SEO plugin v27.2 - https:\/\/yoast.com\/product\/yoast-seo-wordpress\/ -->\n<title>MERKLEY, WYDEN ANNOUNCE $10 MILLION COMING TO OREGON FOR FIRE RESILIENCY AND ECOSYSTEM RESTORATION - Merkley<\/title>\n<meta name=\"robots\" content=\"index, follow, max-snippet:-1, max-image-preview:large, max-video-preview:-1\" \/>\n<link rel=\"canonical\" href=\"https:\/\/www.merkley.senate.gov\/es\/merkley-wyden-announce-10-million-coming-to-oregon-for-fire-resiliency-and-ecosystem-restoration\/\" \/>\n<meta property=\"og:locale\" content=\"es_MX\" \/>\n<meta property=\"og:type\" content=\"article\" \/>\n<meta property=\"og:title\" content=\"MERKLEY, WYDEN ANNOUNCE $10 MILLION COMING TO OREGON FOR FIRE RESILIENCY AND ECOSYSTEM RESTORATION - Merkley\" \/>\n<meta property=\"og:description\" content=\"Friday, June 2, 2023 Washington, D.C. \u2013 Oregon\u2019s U.S. Senators Jeff Merkley and Ron Wyden announced today that the Bureau of Land Management (BLM) will be investing $10 million from the Inflation Reduction Act (IRA) to help increase fire resiliency and protect native vegetation on public lands in Oregon. \u201cDynamic ecosystems have defined Oregon for [&hellip;]\" \/>\n<meta property=\"og:url\" content=\"https:\/\/www.merkley.senate.gov\/es\/merkley-wyden-announce-10-million-coming-to-oregon-for-fire-resiliency-and-ecosystem-restoration\/\" \/>\n<meta property=\"og:site_name\" content=\"Merkley\" \/>\n<meta property=\"article:published_time\" content=\"2023-06-02T20:10:26+00:00\" \/>\n<meta property=\"article:modified_time\" content=\"2023-08-28T17:57:10+00:00\" \/>\n<meta name=\"author\" content=\"smw\" \/>\n<meta name=\"twitter:card\" content=\"summary_large_image\" \/>\n<meta name=\"twitter:label1\" content=\"Written by\" \/>\n\t<meta name=\"twitter:data1\" content=\"smw\" \/>\n\t<meta name=\"twitter:label2\" content=\"Est. reading time\" \/>\n\t<meta name=\"twitter:data2\" content=\"1 minute\" \/>\n<script type=\"application\/ld+json\" class=\"yoast-schema-graph\">{\"@context\":\"https:\/\/schema.org\",\"@graph\":[{\"@type\":\"Article\",\"@id\":\"https:\/\/www.merkley.senate.gov\/merkley-wyden-announce-10-million-coming-to-oregon-for-fire-resiliency-and-ecosystem-restoration\/#article\",\"isPartOf\":{\"@id\":\"https:\/\/www.merkley.senate.gov\/merkley-wyden-announce-10-million-coming-to-oregon-for-fire-resiliency-and-ecosystem-restoration\/\"},\"author\":{\"name\":\"smw\",\"@id\":\"https:\/\/www.merkley.senate.gov\/#\/schema\/person\/48ac5e5db5baef2064b650a6708be1de\"},\"headline\":\"MERKLEY, WYDEN ANNOUNCE $10 MILLION COMING TO OREGON FOR FIRE RESILIENCY AND ECOSYSTEM RESTORATION\",\"datePublished\":\"2023-06-02T20:10:26+00:00\",\"dateModified\":\"2023-08-28T17:57:10+00:00\",\"mainEntityOfPage\":{\"@id\":\"https:\/\/www.merkley.senate.gov\/merkley-wyden-announce-10-million-coming-to-oregon-for-fire-resiliency-and-ecosystem-restoration\/\"},\"wordCount\":368,\"commentCount\":0,\"keywords\":[\"Delivering for Oregon\",\"Responding to and Recovering from Wildfire and Drought\"],\"articleSection\":[\"Press Releases\"],\"inLanguage\":\"es-MX\",\"potentialAction\":[{\"@type\":\"CommentAction\",\"name\":\"Comment\",\"target\":[\"https:\/\/www.merkley.senate.gov\/merkley-wyden-announce-10-million-coming-to-oregon-for-fire-resiliency-and-ecosystem-restoration\/#respond\"]}]},{\"@type\":\"WebPage\",\"@id\":\"https:\/\/www.merkley.senate.gov\/merkley-wyden-announce-10-million-coming-to-oregon-for-fire-resiliency-and-ecosystem-restoration\/\",\"url\":\"https:\/\/www.merkley.senate.gov\/merkley-wyden-announce-10-million-coming-to-oregon-for-fire-resiliency-and-ecosystem-restoration\/\",\"name\":\"MERKLEY, WYDEN ANNOUNCE $10 MILLION COMING TO OREGON FOR FIRE RESILIENCY AND ECOSYSTEM RESTORATION - Merkley\",\"isPartOf\":{\"@id\":\"https:\/\/www.merkley.senate.gov\/#website\"},\"datePublished\":\"2023-06-02T20:10:26+00:00\",\"dateModified\":\"2023-08-28T17:57:10+00:00\",\"author\":{\"@id\":\"https:\/\/www.merkley.senate.gov\/#\/schema\/person\/48ac5e5db5baef2064b650a6708be1de\"},\"breadcrumb\":{\"@id\":\"https:\/\/www.merkley.senate.gov\/merkley-wyden-announce-10-million-coming-to-oregon-for-fire-resiliency-and-ecosystem-restoration\/#breadcrumb\"},\"inLanguage\":\"es-MX\",\"potentialAction\":[{\"@type\":\"ReadAction\",\"target\":[\"https:\/\/www.merkley.senate.gov\/merkley-wyden-announce-10-million-coming-to-oregon-for-fire-resiliency-and-ecosystem-restoration\/\"]}]},{\"@type\":\"BreadcrumbList\",\"@id\":\"https:\/\/www.merkley.senate.gov\/merkley-wyden-announce-10-million-coming-to-oregon-for-fire-resiliency-and-ecosystem-restoration\/#breadcrumb\",\"itemListElement\":[{\"@type\":\"ListItem\",\"position\":1,\"name\":\"Home\",\"item\":\"https:\/\/www.merkley.senate.gov\/\"},{\"@type\":\"ListItem\",\"position\":2,\"name\":\"MERKLEY, WYDEN ANNOUNCE $10 MILLION COMING TO OREGON FOR FIRE RESILIENCY AND ECOSYSTEM RESTORATION\"}]},{\"@type\":\"WebSite\",\"@id\":\"https:\/\/www.merkley.senate.gov\/#website\",\"url\":\"https:\/\/www.merkley.senate.gov\/\",\"name\":\"Merkley\",\"description\":\"Merkley\",\"potentialAction\":[{\"@type\":\"SearchAction\",\"target\":{\"@type\":\"EntryPoint\",\"urlTemplate\":\"https:\/\/www.merkley.senate.gov\/?s={search_term_string}\"},\"query-input\":{\"@type\":\"PropertyValueSpecification\",\"valueRequired\":true,\"valueName\":\"search_term_string\"}}],\"inLanguage\":\"es-MX\"},{\"@type\":\"Person\",\"@id\":\"https:\/\/www.merkley.senate.gov\/#\/schema\/person\/48ac5e5db5baef2064b650a6708be1de\",\"name\":\"smw\",\"image\":{\"@type\":\"ImageObject\",\"inLanguage\":\"es-MX\",\"@id\":\"https:\/\/secure.gravatar.com\/avatar\/32b0ac748dd07225155b3da6f449ed42f3edf05ef0abd60c66304c8378d1f2ee?s=96&d=mm&r=g\",\"url\":\"https:\/\/secure.gravatar.com\/avatar\/32b0ac748dd07225155b3da6f449ed42f3edf05ef0abd60c66304c8378d1f2ee?s=96&d=mm&r=g\",\"contentUrl\":\"https:\/\/secure.gravatar.com\/avatar\/32b0ac748dd07225155b3da6f449ed42f3edf05ef0abd60c66304c8378d1f2ee?s=96&d=mm&r=g\",\"caption\":\"smw\"},\"sameAs\":[\"https:\/\/www.merkley.senate.gov\"],\"url\":\"https:\/\/www.merkley.senate.gov\/es\/author\/smw\/\"}]}<\/script>\n<!-- \/ Yoast SEO plugin. -->","yoast_head_json":{"title":"MERKLEY, WYDEN ANNOUNCE $10 MILLION COMING TO OREGON FOR FIRE RESILIENCY AND ECOSYSTEM RESTORATION - Merkley","robots":{"index":"index","follow":"follow","max-snippet":"max-snippet:-1","max-image-preview":"max-image-preview:large","max-video-preview":"max-video-preview:-1"},"canonical":"https:\/\/www.merkley.senate.gov\/es\/merkley-wyden-announce-10-million-coming-to-oregon-for-fire-resiliency-and-ecosystem-restoration\/","og_locale":"es_MX","og_type":"article","og_title":"MERKLEY, WYDEN ANNOUNCE $10 MILLION COMING TO OREGON FOR FIRE RESILIENCY AND ECOSYSTEM RESTORATION - Merkley","og_description":"Friday, June 2, 2023 Washington, D.C. \u2013 Oregon\u2019s U.S. Senators Jeff Merkley and Ron Wyden announced today that the Bureau of Land Management (BLM) will be investing $10 million from the Inflation Reduction Act (IRA) to help increase fire resiliency and protect native vegetation on public lands in Oregon. \u201cDynamic ecosystems have defined Oregon for [&hellip;]","og_url":"https:\/\/www.merkley.senate.gov\/es\/merkley-wyden-announce-10-million-coming-to-oregon-for-fire-resiliency-and-ecosystem-restoration\/","og_site_name":"Merkley","article_published_time":"2023-06-02T20:10:26+00:00","article_modified_time":"2023-08-28T17:57:10+00:00","author":"smw","twitter_card":"summary_large_image","twitter_misc":{"Written by":"smw","Est. reading time":"1 minute"},"schema":{"@context":"https:\/\/schema.org","@graph":[{"@type":"Article","@id":"https:\/\/www.merkley.senate.gov\/merkley-wyden-announce-10-million-coming-to-oregon-for-fire-resiliency-and-ecosystem-restoration\/#article","isPartOf":{"@id":"https:\/\/www.merkley.senate.gov\/merkley-wyden-announce-10-million-coming-to-oregon-for-fire-resiliency-and-ecosystem-restoration\/"},"author":{"name":"smw","@id":"https:\/\/www.merkley.senate.gov\/#\/schema\/person\/48ac5e5db5baef2064b650a6708be1de"},"headline":"MERKLEY, WYDEN ANNOUNCE $10 MILLION COMING TO OREGON FOR FIRE RESILIENCY AND ECOSYSTEM RESTORATION","datePublished":"2023-06-02T20:10:26+00:00","dateModified":"2023-08-28T17:57:10+00:00","mainEntityOfPage":{"@id":"https:\/\/www.merkley.senate.gov\/merkley-wyden-announce-10-million-coming-to-oregon-for-fire-resiliency-and-ecosystem-restoration\/"},"wordCount":368,"commentCount":0,"keywords":["Delivering for Oregon","Responding to and Recovering from Wildfire and Drought"],"articleSection":["Press Releases"],"inLanguage":"es-MX","potentialAction":[{"@type":"CommentAction","name":"Comment","target":["https:\/\/www.merkley.senate.gov\/merkley-wyden-announce-10-million-coming-to-oregon-for-fire-resiliency-and-ecosystem-restoration\/#respond"]}]},{"@type":"WebPage","@id":"https:\/\/www.merkley.senate.gov\/merkley-wyden-announce-10-million-coming-to-oregon-for-fire-resiliency-and-ecosystem-restoration\/","url":"https:\/\/www.merkley.senate.gov\/merkley-wyden-announce-10-million-coming-to-oregon-for-fire-resiliency-and-ecosystem-restoration\/","name":"MERKLEY, WYDEN ANNOUNCE $10 MILLION COMING TO OREGON FOR FIRE RESILIENCY AND ECOSYSTEM RESTORATION - Merkley","isPartOf":{"@id":"https:\/\/www.merkley.senate.gov\/#website"},"datePublished":"2023-06-02T20:10:26+00:00","dateModified":"2023-08-28T17:57:10+00:00","author":{"@id":"https:\/\/www.merkley.senate.gov\/#\/schema\/person\/48ac5e5db5baef2064b650a6708be1de"},"breadcrumb":{"@id":"https:\/\/www.merkley.senate.gov\/merkley-wyden-announce-10-million-coming-to-oregon-for-fire-resiliency-and-ecosystem-restoration\/#breadcrumb"},"inLanguage":"es-MX","potentialAction":[{"@type":"ReadAction","target":["https:\/\/www.merkley.senate.gov\/merkley-wyden-announce-10-million-coming-to-oregon-for-fire-resiliency-and-ecosystem-restoration\/"]}]},{"@type":"BreadcrumbList","@id":"https:\/\/www.merkley.senate.gov\/merkley-wyden-announce-10-million-coming-to-oregon-for-fire-resiliency-and-ecosystem-restoration\/#breadcrumb","itemListElement":[{"@type":"ListItem","position":1,"name":"Home","item":"https:\/\/www.merkley.senate.gov\/"},{"@type":"ListItem","position":2,"name":"MERKLEY, WYDEN ANNOUNCE $10 MILLION COMING TO OREGON FOR FIRE RESILIENCY AND ECOSYSTEM RESTORATION"}]},{"@type":"WebSite","@id":"https:\/\/www.merkley.senate.gov\/#website","url":"https:\/\/www.merkley.senate.gov\/","name":"merkley","description":"merkley","potentialAction":[{"@type":"SearchAction","target":{"@type":"EntryPoint","urlTemplate":"https:\/\/www.merkley.senate.gov\/?s={search_term_string}"},"query-input":{"@type":"PropertyValueSpecification","valueRequired":true,"valueName":"search_term_string"}}],"inLanguage":"es-MX"},{"@type":"Person","@id":"https:\/\/www.merkley.senate.gov\/#\/schema\/person\/48ac5e5db5baef2064b650a6708be1de","name":"smw","image":{"@type":"ImageObject","inLanguage":"es-MX","@id":"https:\/\/secure.gravatar.com\/avatar\/32b0ac748dd07225155b3da6f449ed42f3edf05ef0abd60c66304c8378d1f2ee?s=96&d=mm&r=g","url":"https:\/\/secure.gravatar.com\/avatar\/32b0ac748dd07225155b3da6f449ed42f3edf05ef0abd60c66304c8378d1f2ee?s=96&d=mm&r=g","contentUrl":"https:\/\/secure.gravatar.com\/avatar\/32b0ac748dd07225155b3da6f449ed42f3edf05ef0abd60c66304c8378d1f2ee?s=96&d=mm&r=g","caption":"smw"},"sameAs":["https:\/\/www.merkley.senate.gov"],"url":"https:\/\/www.merkley.senate.gov\/es\/author\/smw\/"}]}},"_links":{"self":[{"href":"https:\/\/www.merkley.senate.gov\/es\/wp-json\/wp\/v2\/posts\/901","targetHints":{"allow":["GET"]}}],"collection":[{"href":"https:\/\/www.merkley.senate.gov\/es\/wp-json\/wp\/v2\/posts"}],"about":[{"href":"https:\/\/www.merkley.senate.gov\/es\/wp-json\/wp\/v2\/types\/post"}],"author":[{"embeddable":true,"href":"https:\/\/www.merkley.senate.gov\/es\/wp-json\/wp\/v2\/users\/1"}],"replies":[{"embeddable":true,"href":"https:\/\/www.merkley.senate.gov\/es\/wp-json\/wp\/v2\/comments?post=901"}],"version-history":[{"count":1,"href":"https:\/\/www.merkley.senate.gov\/es\/wp-json\/wp\/v2\/posts\/901\/revisions"}],"predecessor-version":[{"id":903,"href":"https:\/\/www.merkley.senate.gov\/es\/wp-json\/wp\/v2\/posts\/901\/revisions\/903"}],"wp:attachment":[{"href":"https:\/\/www.merkley.senate.gov\/es\/wp-json\/wp\/v2\/media?parent=901"}],"wp:term":[{"taxonomy":"category","embeddable":true,"href":"https:\/\/www.merkley.senate.gov\/es\/wp-json\/wp\/v2\/categories?post=901"},{"taxonomy":"post_tag","embeddable":true,"href":"https:\/\/www.merkley.senate.gov\/es\/wp-json\/wp\/v2\/tags?post=901"}],"curies":[{"name":"wp","href":"https:\/\/api.w.org\/{rel}","templated":true}]}}